{"id":3153,"date":"2016-04-14T00:00:00","date_gmt":"2016-04-13T22:00:00","guid":{"rendered":"https:\/\/histoire-en-citations.fr\/WP\/2025\/06\/19\/robespierre-louis-doit-mourir-pour-que-la-patrie-vive\/"},"modified":"2025-07-19T09:15:41","modified_gmt":"2025-07-19T07:15:41","slug":"robespierre-louis-doit-mourir-pour-que-la-patrie-vive","status":"publish","type":"post","link":"https:\/\/histoire-en-citations.fr\/WP\/robespierre-louis-doit-mourir-pour-que-la-patrie-vive\/","title":{"rendered":"Robespierre : \u00ab Louis doit mourir pour que la patrie vive. \u00bb"},"content":{"rendered":"<div class=\"field-item even\">\n<p>\u00a0<\/p>\n<p>Tournant majeur, \u00e0 mi-parcours de la R\u00e9volution. Le proc\u00e8s du roi commence. \u00ab\u00a0Je n\u2019ai pour Louis ni amour ni haine\u00a0: je ne hais que ses forfaits\u2026\u00a0\u00bb En fait, le roi \u00e9tait jug\u00e9 d\u2019avance.<\/p>\n<blockquote>\n<p class=\"citation\"><span class=\"enonce\">\u00ab\u00a0Louis doit mourir pour que la patrie vive.\u00a0\u00bb<span id=\"1476\" class=\"cit-num\">1476<\/span><\/span><\/p>\n<p class=\"auteur\"><span data-href=\"\/auteurs\/maximilien-de-robespierre\"><span class=\"author\"><span class=\"surname\">Maximilien <\/span><span class=\"name\"><span class=\"caps\">ROBESPIERRE<\/span><\/span><\/span><\/span> (1758-1794), \u00ab\u00a0c\u00e9l\u00e8bre sentence\u00a0\u00bb<\/p>\n<p class=\"source\"><cite>Dictionnaire critique de la R\u00e9volution fran\u00e7aise<\/cite> (1992), Fran\u00e7ois Furet, Mona Ozouf.<\/p>\n<\/blockquote>\n<p>Tournant majeur, \u00e0 mi-parcours de la R\u00e9volution. Le proc\u00e8s du roi commence. \u00ab\u00a0Je n\u2019ai pour Louis ni amour ni haine\u00a0: je ne hais que ses forfaits\u2026\u00a0\u00bb En fait, le roi \u00e9tait jug\u00e9 d\u2019avance. La R\u00e9volution, c\u2019est la souverainet\u00e9 du peuple et elle ne peut composer avec la souverainet\u00e9 du roi. Ce n\u2019est pas l\u2019homme Capet qui est en cause, aux yeux des th\u00e9oriciens tels Robespierre et Saint-Just, c\u2019est l\u2019extravagante condition du monarque.<\/p>\n<p>On peut seulement s\u2019\u00e9tonner de l\u2019hypocrite humanit\u00e9 de Robespierre, d\u00e9clarant dans le m\u00eame discours\u00a0: \u00ab\u00a0J\u2019abhorre la peine de mort prodigu\u00e9e par vos lois.\u00a0\u00bb La suite des \u00e9v\u00e9nements et la Terreur apportent un d\u00e9menti sanglant.<\/p>\n<blockquote>\n<p class=\"citation-small\">\u00ab\u00a0La loi atteint sans peine les coupables sans appuis, \u00e0 peine dans la dur\u00e9e des si\u00e8cles a-t-elle pu frapper un roi. Et cependant, ce sont les crimes des rois qui enfantent tous les autres crimes, avec les passions l\u00e2ches, et la mis\u00e8re.\u00a0\u00bb<span id=\"1460\" class=\"cit-num\">1460<\/span><\/p>\n<p class=\"auteur\"><span class=\"caps\">ROBESPIERRE<\/span> (1758-1794), Sur le parti \u00e0 prendre \u00e0 l\u2019\u00e9gard de Louis\u00a0<span class=\"caps\">XVI<\/span>, Convention, 3\u00a0d\u00e9cembre\u00a01792<\/p>\n<\/blockquote>\n<p>Allusion au cas historique et toujours cit\u00e9 du roi Charles\u00a0Ier d\u2019Angleterre, jug\u00e9, condamn\u00e9 \u00e0 mort pour trahison, meurtre et tyrannie, d\u00e9capit\u00e9 le 30\u00a0janvier\u00a01649. D\u2019abord monarchiste et l\u00e9galiste, Robespierre accompagne l\u2019escalade r\u00e9volutionnaire de la jeune <a href=\"https:\/\/histoire-en-citations.fr\/WP\/o-republique-au-front-d-airain\">R\u00e9publique<\/a>. <\/p>\n<p>Au terme de la proc\u00e9dure, l\u2019ex\u00e9cution de Louis <span class=\"caps\">XVI<\/span> aura lieu le 21\u00a0janvier\u00a01793. Comme annonc\u00e9 quatre mois plus t\u00f4t\u00a0: \u00ab\u00a0La royaut\u00e9 est an\u00e9antie, la noblesse et le clerg\u00e9 ont disparu, le r\u00e8gne de l\u2019\u00e9galit\u00e9 commence.\u00a0\u00bb<\/p>\n<blockquote>\n<p class=\"citation-small\">\u00ab\u00a0Citoyens, vouliez-vous une r\u00e9volution sans r\u00e9volution\u00a0? [\u2026] Qui peut marquer, apr\u00e8s coup, le point pr\u00e9cis o\u00f9 devraient se briser les flots de l\u2019insurrection populaire\u00a0?\u00a0\u00bb<span id=\"1449\" class=\"cit-num\">1449<\/span><\/p>\n<p class=\"auteur\"><span class=\"caps\">ROBESPIERRE<\/span> (1758-1794), Convention, 5\u00a0novembre 1792<\/p>\n<\/blockquote>\n<p>\u00c0 la tribune, il r\u00e9pondait aux Girondins encore indign\u00e9s des massacres de septembre, ajoutant que\u00a0: \u00ab\u00a0La sensibilit\u00e9 qui g\u00e9mit presque exclusivement pour les ennemis de la libert\u00e9 m\u2019est suspecte.\u00a0\u00bb <\/p>\n<p>M\u00eame logique pour voter la mort du <a href=\"https:\/\/histoire-en-citations.fr\/WP\/mirabeau-lorsque-le-roi-brise-son-sceptre\">roi<\/a>\u00a0: \u00ab\u00a0La cl\u00e9mence qui compose avec la tyrannie est barbare.\u00a0\u00bb Discours du 28\u00a0d\u00e9cembre 1792 au proc\u00e8s de Louis\u00a0<span class=\"caps\">XVI<\/span>. M\u00eame id\u00e9e exprim\u00e9e par son ami Saint-Just\u00a0: \u00ab\u00a0Tout doit \u00eatre permis \u00e0 ceux qui vont dans la direction de la R\u00e9volution.\u00a0\u00bb C\u2019est d\u00e9j\u00e0 annoncer, et justifier, toutes les violences qui suivront.<\/p>\n<blockquote>\n<p class=\"citation-small\">\u00ab\u00a0J\u2019ai toujours eu pour principe qu\u2019un peuple qui s\u2019\u00e9lance vers la libert\u00e9 doit \u00eatre inexorable envers les conspirateurs\u00a0; qu\u2019en pareil cas, la faiblesse est cruelle, l\u2019indulgence est barbare.\u00a0\u00bb<span id=\"1276\" class=\"cit-num\">1276<\/span><\/p>\n<p class=\"auteur\"><span class=\"caps\">ROBESPIERRE<\/span> (1758-1794), <em>Lettre<\/em>, d\u00e9cembre\u00a01792<\/p>\n<\/blockquote>\n<p>L\u2019affaire est entendue, le sort du roi r\u00e9gl\u00e9. Mais \u00e0 dater du 21 janvier 1793, la France est irr\u00e9m\u00e9diablement divis\u00e9e, la <a href=\"https:\/\/histoire-en-citations.fr\/WP\/clemenceau-il-est-plus-facile-de-faire-la-guerre-que-la-paix\">guerre<\/a> de Vend\u00e9e \u00e9tant le symbole le plus tragique. La R\u00e9volution se radicalise et Robespierre devient le ma\u00eetre du jeu.<\/p>\n<p><a href=\"http:\/\/www.histoire-en-citations.fr\/boutique\/volume-5\"><img decoding=\"async\" src=\"https:\/\/histoire-en-citations.fr\/WP\/wp-content\/uploads\/2025\/06\/mini5-15.jpg\" alt=\"R\u00e9volution\" title=\"R\u00e9volution\" style=\"float: left;margin-left: 10px;margin-right: 10px\" height=\"200\" width=\"150\"><\/a><\/p>\n<p>\u00a0<\/p>\n<p>\u00c0 ce rythme \u2013 4 citations par jour \u2013 les 10 Chroniques de l\u2019Histoire en citations sont \u00e0 vous dans trois ans. Encore trois ans et vous aurez aussi le Dictionnaire. Mais que de temps perdu\u00a0!<\/p>\n<p><a href=\"http:\/\/www.histoire-en-citations.fr\/boutique\/volume-3\">Faites un tour dans la Boutique<\/a>, feuilletez les 20 premi\u00e8res pages de chaque volume et voyez si \u00e7a vaut le co\u00fbt (4 \u20ac le volume).<\/p>\n<p>\u00a0<\/p>\n<p><span style=\"border-radius: 2px;text-indent: 20px;width: auto;padding: 0px 4px 0px 0px;text-align: center;font: bold 11px\/20px 'Helvetica Neue',Helvetica,sans-serif;color: #ffffff;position: absolute;opacity: 1;z-index: 8675309;cursor: pointer\">Enregistrer<\/span><\/p>\n<p><span style=\"border-radius: 2px;text-indent: 20px;width: auto;padding: 0px 4px 0px 0px;text-align: center;font: bold 11px\/20px 'Helvetica Neue',Helvetica,sans-serif;color: #ffffff;position: absolute;opacity: 1;z-index: 8675309;cursor: pointer\">Enregistrer<\/span><\/p>\n<\/div>\n<style>\r\n        a .cit-num {\r\n            text-decoration: none !important;\r\n            color: inherit !important;\r\n        }\r\n    <\/style>","protected":false},"excerpt":{"rendered":"<p>\u00a0 Tournant majeur, \u00e0 mi-parcours de la R\u00e9volution. Le proc\u00e8s du roi commence. \u00ab\u00a0Je n\u2019ai pour Louis ni amour ni haine&nbsp;: je ne hais que ses forfaits\u2026\u00a0\u00bb En fait, le roi \u00e9tait jug\u00e9 d\u2019avance. \u00ab\u00a0Louis doit mourir pour que la patrie vive.\u00a0\u00bb1476 Maximilien ROBESPIERRE (1758-1794), \u00ab\u00a0c\u00e9l\u00e8bre sentence\u00a0\u00bb Dictionnaire critique de la R\u00e9volution fran\u00e7aise (1992), Fran\u00e7ois [&#8230;]<\/p>\n","protected":false},"author":1,"featured_media":11160,"comment_status":"open","ping_status":"open","sticky":false,"template":"","format":"standard","meta":{"site-sidebar-layout":"default","site-content-layout":"","ast-site-content-layout":"default","site-content-style":"default","site-sidebar-style":"default","ast-global-header-display":"","ast-banner-title-visibility":"","ast-main-header-display":"","ast-hfb-above-header-display":"","ast-hfb-below-header-display":"","ast-hfb-mobile-header-display":"","site-post-title":"","ast-breadcrumbs-content":"","ast-featured-img":"","footer-sml-layout":"","theme-transparent-header-meta":"","adv-header-id-meta":"","stick-header-meta":"","header-above-stick-meta":"","header-main-stick-meta":"","header-below-stick-meta":"","astra-migrate-meta-layouts":"default","ast-page-background-enabled":"default","ast-page-background-meta":{"desktop":{"background-color":"var(--ast-global-color-5)","background-image":"","background-repeat":"repeat","background-position":"center center","background-size":"auto","background-attachment":"scroll","background-type":"","background-media":"","overlay-type":"","overlay-color":"","overlay-opacity":"","overlay-gradient":""},"tablet":{"background-color":"","background-image":"","background-repeat":"repeat","background-position":"center center","background-size":"auto","background-attachment":"scroll","background-type":"","background-media":"","overlay-type":"","overlay-color":"","overlay-opacity":"","overlay-gradient":""},"mobile":{"background-color":"","background-image":"","background-repeat":"repeat","background-position":"center center","background-size":"auto","background-attachment":"scroll","background-type":"","background-media":"","overlay-type":"","overlay-color":"","overlay-opacity":"","overlay-gradient":""}},"ast-content-background-meta":{"desktop":{"background-color":"var(--ast-global-color-4)","background-image":"","background-repeat":"repeat","background-position":"center center","background-size":"auto","background-attachment":"scroll","background-type":"","background-media":"","overlay-type":"","overlay-color":"","overlay-opacity":"","overlay-gradient":""},"tablet":{"background-color":"var(--ast-global-color-4)","background-image":"","background-repeat":"repeat","background-position":"center center","background-size":"auto","background-attachment":"scroll","background-type":"","background-media":"","overlay-type":"","overlay-color":"","overlay-opacity":"","overlay-gradient":""},"mobile":{"background-color":"var(--ast-global-color-4)","background-image":"","background-repeat":"repeat","background-position":"center center","background-size":"auto","background-attachment":"scroll","background-type":"","background-media":"","overlay-type":"","overlay-color":"","overlay-opacity":"","overlay-gradient":""}},"iawp_total_views":37,"footnotes":""},"categories":[1617],"tags":[],"class_list":["post-3153","post","type-post","status-publish","format-standard","has-post-thumbnail","hentry","category-chronique-citation-du-jour-maximilien-de-robespierre-revolution"],"_links":{"self":[{"href":"https:\/\/histoire-en-citations.fr\/WP\/wp-json\/wp\/v2\/posts\/3153","targetHints":{"allow":["GET"]}}],"collection":[{"href":"https:\/\/histoire-en-citations.fr\/WP\/wp-json\/wp\/v2\/posts"}],"about":[{"href":"https:\/\/histoire-en-citations.fr\/WP\/wp-json\/wp\/v2\/types\/post"}],"author":[{"embeddable":true,"href":"https:\/\/histoire-en-citations.fr\/WP\/wp-json\/wp\/v2\/users\/1"}],"replies":[{"embeddable":true,"href":"https:\/\/histoire-en-citations.fr\/WP\/wp-json\/wp\/v2\/comments?post=3153"}],"version-history":[{"count":1,"href":"https:\/\/histoire-en-citations.fr\/WP\/wp-json\/wp\/v2\/posts\/3153\/revisions"}],"predecessor-version":[{"id":3155,"href":"https:\/\/histoire-en-citations.fr\/WP\/wp-json\/wp\/v2\/posts\/3153\/revisions\/3155"}],"wp:featuredmedia":[{"embeddable":true,"href":"https:\/\/histoire-en-citations.fr\/WP\/wp-json\/wp\/v2\/media\/11160"}],"wp:attachment":[{"href":"https:\/\/histoire-en-citations.fr\/WP\/wp-json\/wp\/v2\/media?parent=3153"}],"wp:term":[{"taxonomy":"category","embeddable":true,"href":"https:\/\/histoire-en-citations.fr\/WP\/wp-json\/wp\/v2\/categories?post=3153"},{"taxonomy":"post_tag","embeddable":true,"href":"https:\/\/histoire-en-citations.fr\/WP\/wp-json\/wp\/v2\/tags?post=3153"}],"curies":[{"name":"wp","href":"https:\/\/api.w.org\/{rel}","templated":true}]}}