{"id":3264,"date":"2018-10-09T00:00:00","date_gmt":"2018-10-08T22:00:00","guid":{"rendered":"https:\/\/histoire-en-citations.fr\/WP\/2025\/06\/19\/anatole-france-gouverner-cest-mecontenter\/"},"modified":"2025-08-12T08:43:55","modified_gmt":"2025-08-12T06:43:55","slug":"anatole-france-gouverner-cest-mecontenter","status":"publish","type":"post","link":"https:\/\/histoire-en-citations.fr\/WP\/anatole-france-gouverner-cest-mecontenter\/","title":{"rendered":"Anatole France : \u00ab Gouverner, c&#039;est m\u00e9contenter. \u00bb"},"content":{"rendered":"<div class=\"field-item even\">\n<p>\u00a0<\/p>\n<p>L\u2019impopularit\u00e9 survit \u00e0 tous les r\u00e9gimes et l\u2019histoire contemporaine en donne les preuves. Les \u00ab\u00a0int\u00e9ress\u00e9s\u00a0\u00bb en prennent acte, avec une certaine philosophie et un humour\u2026 qui rappelle \u00e9trangement l\u2019Ancien R\u00e9gime.<\/p>\n<blockquote>\n<p class=\"citation\"><span class=\"enonce\">\u00ab\u00a0Il n\u2019est pas de gouvernements populaires. Gouverner, c\u2019est m\u00e9contenter.\u00a0\u00bb<span id=\"2397\" class=\"cit-num\">2397<\/span><\/span><\/p>\n<p class=\"auteur\"><span data-href=\"\/auteurs\/anatole-france\"><span class=\"author\"><span class=\"surname\">Anatole <\/span><span class=\"name\"><span class=\"caps\">FRANCE<\/span><\/span><\/span><\/span> (1844-1924), <cite>Histoire contemporaine. Monsieur Bergeret \u00e0 Paris<\/cite> (1901)<\/p>\n<\/blockquote>\n<p class=\"ressi\">Telle est l\u2019une des le\u00e7ons tir\u00e9e de ce quatri\u00e8me et dernier volume de son <em>Histoire contemporaine<\/em>. Scepticisme philosophique de l\u2019\u00e9crivain qui n\u2019h\u00e9site cependant pas \u00e0 s\u2019engager de plus en plus dans les grandes luttes de son temps\u00a0: pour <a href=\"https:\/\/histoire-en-citations.fr\/WP\/zola-jaccuse\/\">Dreyfus<\/a>, pour le socialisme et m\u00eame le communisme.<\/p>\n<blockquote>\n<p class=\"citation-small\">\u00ab\u00a0Aucun roi de France n\u2019aurait \u00e9t\u00e9 r\u00e9\u00e9lu au bout de sept ans.\u00a0\u00bb<span id=\"3095\" class=\"cit-num\">3095<\/span><\/p>\n<p class=\"auteur\">Val\u00e9ry <span class=\"caps\">GISCARD<\/span> D\u2019<span class=\"caps\">ESTAING<\/span> (1926-2020), \u00e0 ses fid\u00e8les, confidence cit\u00e9e dans <em>Le Nouvel Observateur<\/em> (1984)<\/p>\n<\/blockquote>\n<p class=\"ressi\">Retrait\u00e9 de 55 ans, victime d\u2019une campagne de presse reconnue plus tard comme injuste, inconsolable de son septennat non renouvel\u00e9, il en parle et se confie \u00e0 la t\u00e9l\u00e9\u00a0: \u00ab\u00a0On ne gu\u00e9rit pas les plaies en les l\u00e9chant avec une langue de bois\u00a0\u00bb (\u00ab\u00a0Face \u00e0 la 3\u00a0\u00bb, 7\u00a0novembre 1984). <\/p>\n<p>Le journaliste Henri Amouroux explique cette impopularit\u00e9\u00a0: \u00ab\u00a0Trop s\u00fbr de soi, trop haut de ton, trop intelligent, trop riche, trop c\u00e9r\u00e9bral, trop loin d\u2019\u00e9lecteurs qui souhaitent d\u2019abord que le pr\u00e9sident soit proche de leurs probl\u00e8mes, tous ces \u00ab\u00a0trop\u00a0\u00bb devaient nuire \u00e0 Giscard dans l\u2019esprit d\u2019un peuple qui d\u00e9sire que Poulidor ait sa chance et qu\u2019agace, apr\u00e8s l\u2019avoir s\u00e9duit en 1974, une sup\u00e9riorit\u00e9 trop constamment affich\u00e9e sans qu\u2019elle se soit traduite, dans leur vie quotidienne, par de mirobolants r\u00e9sultats.\u00a0\u00bb <em>Ce que vivent les roses<\/em> (1983).<\/p>\n<blockquote>\n<p class=\"citation-small\">\u00ab\u00a0Si vous saviez le plaisir que j\u2019ai pu \u00e9prouver \u00e0 passer pour un blaireau, surtout au milieu de corniauds.\u00a0\u00bb<span id=\"3321\" class=\"cit-num\">3321<\/span><\/p>\n<p class=\"auteur\">Jacques <span class=\"caps\">CHIRAC<\/span> (1932-2019)<\/p>\n<p class=\"source\"><em>Dans la peau de Jacques Chirac<\/em> (2006), Karl Z\u00e9ro et Michel Royer<\/p>\n<\/blockquote>\n<p class=\"ressi\">Trait de caract\u00e8re original\u00a0: aucun pr\u00e9sident de la R\u00e9publique n\u2019a pu tenir ce genre de propos, \u00e0 l\u2019humour assum\u00e9, rigolard et franchouillard. L\u2019homme est en r\u00e9alit\u00e9 beaucoup plus cultiv\u00e9 qu\u2019il n\u2019y para\u00eet. Son poulain devenu son meilleur ennemi, <a href=\"https:\/\/histoire-en-citations.fr\/WP\/sarkozy-il-ny-a-pas-de-destin-sans-haine\/\">Sarkozy<\/a>, jouera le jeu inverse. <\/p>\n<p>L\u2019un et l\u2019autre connaitront des sommets dans leurs cotes de popularit\u00e9 comme d\u2019impopularit\u00e9. Mais tous les records sont faits pour tomber, dans ce microcosme politico-m\u00e9diatique o\u00f9 tout s\u2019emballe.<\/p>\n<blockquote>\n<p class=\"citation-small\">\u00ab\u00a0Un Premier ministre, on le l\u00e8che, on le l\u00e2che, on le lynche\u00a0!\u00a0\u00bb<span id=\"3383\" class=\"cit-num\">3383<\/span><\/p>\n<p class=\"auteur\">Alain <span class=\"caps\">JUPP\u00c9<\/span> (n\u00e9 en 1945)<\/p>\n<p class=\"source\"><em>La Mal\u00e9diction Matignon<\/em> (2006), Bruno Dive, Fran\u00e7oise Fressoz<\/p>\n<\/blockquote>\n<p class=\"ressi\">Il v\u00e9cut un court \u00e9tat de gr\u00e2ce, Premier ministre (1995-1997) et maire de Bordeaux. Reconnu par Chirac comme \u00ab\u00a0le meilleur d\u2019entre les hommes de droite\u00a0\u00bb, il se rend vite impopulaire\u00a0: projet de r\u00e9forme des retraites, gel des salaires des fonctionnaires, d\u00e9route des Juppettes (huit femmes d\u00e9barqu\u00e9es du gouvernement apr\u00e8s quelques mois) et cette raideur de l\u2019homme qui se dit lui-m\u00eame \u00ab\u00a0droit dans ses bottes.\u00a0\u00bb Mais le pire est \u00e0 venir.<\/p>\n<p>En 1998, il est mis en examen pour \u00ab\u00a0abus de confiance, recel d\u2019abus de biens sociaux et prise ill\u00e9gale d\u2019int\u00e9r\u00eat\u00a0\u00bb \u2013 pour des faits commis en tant que secr\u00e9taire g\u00e9n\u00e9ral du <span class=\"caps\">RPR<\/span> et maire adjoint de Paris aux finances, de 1983 \u00e0 1995. Ses ennuis <a href=\"https:\/\/histoire-en-citations.fr\/WP\/charlemagne-les-royaumes-sans-la-justice-ne-sont-que-des-entreprises-de-brigandage\/\">judiciaires<\/a> aboutissent \u00e0 des condamnations (prison avec sursis, in\u00e9ligibilit\u00e9). Les commentateurs estiment qu\u2019il paie pour Chirac, reconnu comme responsable moralement.<\/p>\n<p>Laissons le mot de la fin (toute provisoire) \u00e0 Nicolas Sarkozy\u00a0: pr\u00e9monitoire, dat\u00e9 de 2007, repris sur son site Pr\u00e9sidentielle 2012\u00a0: \u00ab\u00a0Ceux qui ne peuvent supporter d\u2019\u00eatre ha\u00efs ne doivent pas faire de la politique. Il n\u2019y a pas de destin sans haine.\u00a0\u00bb<\/p>\n<p class=\"ressi\"><a href=\"https:\/\/histoire-en-citations.fr\/WP\/boutique-8\/\" class=\"broken_link\"><img decoding=\"async\" src=\"https:\/\/histoire-en-citations.fr\/WP\/wp-content\/uploads\/2025\/06\/mini8_0-19.jpg\" alt=\"Second Empire et IIIe R\u00e9publique\" title=\"Second Empire et IIIe R\u00e9publique\" style=\"float: left;margin-left: 10px;margin-right: 10px\" height=\"199\" width=\"150\"><\/a><\/p>\n<p>\u00a0<\/p>\n<p>\u00c0 ce rythme \u2013 4 citations par jour \u2013 les 10 Chroniques de l\u2019Histoire en citations sont \u00e0 vous dans trois ans. Encore trois ans et vous aurez aussi le Dictionnaire. Mais que de temps perdu\u00a0!<\/p>\n<p><a href=\"https:\/\/histoire-en-citations.fr\/WP\/boutique-3\/\" class=\"broken_link\">Faites un tour dans la Boutique<\/a>, feuilletez les 20 premi\u00e8res pages de chaque volume et voyez si \u00e7a vaut le co\u00fbt (4 \u20ac le volume).<\/p>\n<p>\u00a0<\/p>\n<p><span style=\"border-radius: 2px;text-indent: 20px;width: auto;padding: 0px 4px 0px 0px;text-align: center;font: bold 11px\/20px 'Helvetica Neue',Helvetica,sans-serif;color: #ffffff;position: absolute;opacity: 1;z-index: 8675309;cursor: pointer\">Enregistrer<\/span><\/p>\n<p><span style=\"border-radius: 2px;text-indent: 20px;width: auto;padding: 0px 4px 0px 0px;text-align: center;font: bold 11px\/20px 'Helvetica Neue',Helvetica,sans-serif;color: #ffffff;position: absolute;opacity: 1;z-index: 8675309;cursor: pointer\">Enregistrer<\/span><\/p>\n<\/div>\n<style>\r\n        a .cit-num {\r\n            text-decoration: none !important;\r\n            color: inherit !important;\r\n        }\r\n    <\/style>","protected":false},"excerpt":{"rendered":"<p>\u00a0 L\u2019impopularit\u00e9 survit \u00e0 tous les r\u00e9gimes et l\u2019histoire contemporaine en donne les preuves. Les \u00ab\u00a0int\u00e9ress\u00e9s\u00a0\u00bb en prennent acte, avec une certaine philosophie et un humour\u2026 qui rappelle \u00e9trangement l\u2019Ancien R\u00e9gime. \u00ab\u00a0Il n&#8217;est pas de gouvernements populaires. Gouverner, c&#8217;est m\u00e9contenter.\u00a0\u00bb2397 Anatole FRANCE (1844-1924), Histoire contemporaine. Monsieur Bergeret \u00e0 Paris (1901) Telle est l\u2019une des le\u00e7ons [&#8230;]<\/p>\n","protected":false},"author":1,"featured_media":0,"comment_status":"open","ping_status":"open","sticky":false,"template":"","format":"standard","meta":{"site-sidebar-layout":"default","site-content-layout":"","ast-site-content-layout":"default","site-content-style":"default","site-sidebar-style":"default","ast-global-header-display":"","ast-banner-title-visibility":"","ast-main-header-display":"","ast-hfb-above-header-display":"","ast-hfb-below-header-display":"","ast-hfb-mobile-header-display":"","site-post-title":"","ast-breadcrumbs-content":"","ast-featured-img":"","footer-sml-layout":"","theme-transparent-header-meta":"","adv-header-id-meta":"","stick-header-meta":"","header-above-stick-meta":"","header-main-stick-meta":"","header-below-stick-meta":"","astra-migrate-meta-layouts":"default","ast-page-background-enabled":"default","ast-page-background-meta":{"desktop":{"background-color":"var(--ast-global-color-5)","background-image":"","background-repeat":"repeat","background-position":"center center","background-size":"auto","background-attachment":"scroll","background-type":"","background-media":"","overlay-type":"","overlay-color":"","overlay-opacity":"","overlay-gradient":""},"tablet":{"background-color":"","background-image":"","background-repeat":"repeat","background-position":"center center","background-size":"auto","background-attachment":"scroll","background-type":"","background-media":"","overlay-type":"","overlay-color":"","overlay-opacity":"","overlay-gradient":""},"mobile":{"background-color":"","background-image":"","background-repeat":"repeat","background-position":"center center","background-size":"auto","background-attachment":"scroll","background-type":"","background-media":"","overlay-type":"","overlay-color":"","overlay-opacity":"","overlay-gradient":""}},"ast-content-background-meta":{"desktop":{"background-color":"var(--ast-global-color-4)","background-image":"","background-repeat":"repeat","background-position":"center center","background-size":"auto","background-attachment":"scroll","background-type":"","background-media":"","overlay-type":"","overlay-color":"","overlay-opacity":"","overlay-gradient":""},"tablet":{"background-color":"var(--ast-global-color-4)","background-image":"","background-repeat":"repeat","background-position":"center center","background-size":"auto","background-attachment":"scroll","background-type":"","background-media":"","overlay-type":"","overlay-color":"","overlay-opacity":"","overlay-gradient":""},"mobile":{"background-color":"var(--ast-global-color-4)","background-image":"","background-repeat":"repeat","background-position":"center center","background-size":"auto","background-attachment":"scroll","background-type":"","background-media":"","overlay-type":"","overlay-color":"","overlay-opacity":"","overlay-gradient":""}},"iawp_total_views":65,"footnotes":""},"categories":[3],"tags":[],"class_list":["post-3264","post","type-post","status-publish","format-standard","hentry","category-citation-du-jour"],"_links":{"self":[{"href":"https:\/\/histoire-en-citations.fr\/WP\/wp-json\/wp\/v2\/posts\/3264","targetHints":{"allow":["GET"]}}],"collection":[{"href":"https:\/\/histoire-en-citations.fr\/WP\/wp-json\/wp\/v2\/posts"}],"about":[{"href":"https:\/\/histoire-en-citations.fr\/WP\/wp-json\/wp\/v2\/types\/post"}],"author":[{"embeddable":true,"href":"https:\/\/histoire-en-citations.fr\/WP\/wp-json\/wp\/v2\/users\/1"}],"replies":[{"embeddable":true,"href":"https:\/\/histoire-en-citations.fr\/WP\/wp-json\/wp\/v2\/comments?post=3264"}],"version-history":[{"count":2,"href":"https:\/\/histoire-en-citations.fr\/WP\/wp-json\/wp\/v2\/posts\/3264\/revisions"}],"predecessor-version":[{"id":13140,"href":"https:\/\/histoire-en-citations.fr\/WP\/wp-json\/wp\/v2\/posts\/3264\/revisions\/13140"}],"wp:attachment":[{"href":"https:\/\/histoire-en-citations.fr\/WP\/wp-json\/wp\/v2\/media?parent=3264"}],"wp:term":[{"taxonomy":"category","embeddable":true,"href":"https:\/\/histoire-en-citations.fr\/WP\/wp-json\/wp\/v2\/categories?post=3264"},{"taxonomy":"post_tag","embeddable":true,"href":"https:\/\/histoire-en-citations.fr\/WP\/wp-json\/wp\/v2\/tags?post=3264"}],"curies":[{"name":"wp","href":"https:\/\/api.w.org\/{rel}","templated":true}]}}