{"id":3314,"date":"2016-06-07T00:00:00","date_gmt":"2016-06-06T22:00:00","guid":{"rendered":"https:\/\/histoire-en-citations.fr\/WP\/2025\/06\/19\/victor-hugo-je-veux-la-presse-dans-toute-sa-liberte\/"},"modified":"2025-07-19T09:15:48","modified_gmt":"2025-07-19T07:15:48","slug":"victor-hugo-je-veux-la-presse-dans-toute-sa-liberte","status":"publish","type":"post","link":"https:\/\/histoire-en-citations.fr\/WP\/victor-hugo-je-veux-la-presse-dans-toute-sa-liberte\/","title":{"rendered":"Victor Hugo : \u00ab &#8230; je veux la presse dans toute sa libert\u00e9. \u00bb"},"content":{"rendered":"<div class=\"field-item even\">\n<p>\u00a0<\/p>\n<p>V\u00e9rit\u00e9 et libert\u00e9 (politique). Deux mots associ\u00e9s. Deux th\u00e8mes \u00e9ternels. Quelques v\u00e9rit\u00e9s \u00e0 ne jamais oublier\u2026 Et une citation qui ne fait pas honneur \u00e0 son \u00ab\u00a0auteure\u00a0\u00bb.<\/p>\n<blockquote>\n<p class=\"citation\"><span class=\"enonce\">\u00ab\u00a0C\u2019est parce que je veux la souverainet\u00e9 nationale dans toute sa v\u00e9rit\u00e9 que je veux la presse dans toute sa libert\u00e9.\u00a0\u00bb<span id=\"2206\" class=\"cit-num\">2206<\/span><\/span><\/p>\n<p class=\"auteur\"><span data-href=\"\/auteurs\/victor-hugo\"><span class=\"author\"><span class=\"surname\">Victor <\/span><span class=\"name\"><span class=\"caps\">HUGO<\/span><\/span><\/span><\/span> (1802-1885), Assembl\u00e9e l\u00e9gislative, 9\u00a0juillet 1850<\/p>\n<p class=\"source\"><cite>Les M\u00e9dias<\/cite> (2004), Francis Balle.<\/p>\n<\/blockquote>\n<p class=\"ressi\">Le d\u00e9fenseur des libert\u00e9s s\u2019oppose \u00e0 la loi sur la presse qui va r\u00e9tablir le timbre et le cautionnement, le 16\u00a0juillet. Louis-Napol\u00e9on Bonaparte, prince pr\u00e9sident de la (<span class=\"caps\">II<\/span>e) R\u00e9publique qui gouverne chaque jour un peu plus la France, d\u00e9pla\u00eet chaque jour davantage \u00e0 <a href=\"https:\/\/histoire-en-citations.fr\/WP\/sauver-paris-c-est-plus-que-sauver-la-france\">Hugo<\/a>. Il s\u2019exilera sous le Second Empire de <em>Napol\u00e9on le Petit<\/em> (titre de son pamphlet, 1852).\u00a0 \u00ab\u00a0Quand la libert\u00e9 rentrera en France, je rentrerai.\u00a0\u00bb Il rentre, le 5 septembre 1870, apr\u00e8s dix-neuf ans d\u2019exil, sit\u00f4t proclam\u00e9e la R\u00e9publique.<\/p>\n<blockquote>\n<p class=\"citation-small\">\u00ab\u00a0La v\u00e9rit\u00e9 est en marche\u00a0; rien ne peut plus l\u2019arr\u00eater.\u00a0\u00bb<span id=\"2515\" class=\"cit-num\">2515<\/span><\/p>\n<p class=\"auteur\">\u00c9mile <span class=\"caps\">ZOLA<\/span> (1840-1902), <em>Le Figaro<\/em>, 25\u00a0novembre 1897<\/p>\n<\/blockquote>\n<p class=\"ressi\">Zola commente la demande en r\u00e9vision du proc\u00e8s du capitaine Dreyfus (condamn\u00e9 en 1894). M\u00e9line, pr\u00e9sident du Conseil, la refuse\u00a0: \u00ab\u00a0Il n\u2019y a pas d\u2019affaire Dreyfus.\u00a0\u00bb Le 13 janvier 1898, Zola lance le fameux\u00a0\u00ab\u00a0<a href=\"https:\/\/histoire-en-citations.fr\/WP\/emile-zola-j-accuse\">J\u2019accuse<\/a>\u00a0\u00bb, titre de son article dans <em>L\u2019Aurore<\/em>, journal de Clemenceau. L\u2019Affaire va d\u00e9chirer la France.<\/p>\n<p>Zola est accus\u00e9 \u00e0 son tour\u00a0: \u00ab\u00a0Tout semble \u00eatre contre moi, les deux Chambres, le pouvoir civil, le pouvoir militaire, les journaux \u00e0 grand tirage, l\u2019opinion publique qu\u2019ils ont empoisonn\u00e9e. Et je n\u2019ai pour moi que l\u2019id\u00e9e, un id\u00e9al de v\u00e9rit\u00e9 et de justice. Et je suis bien tranquille, je vaincrai.\u00a0\u00bb\u00a0Condamn\u00e9 \u00e0 un an de prison et 3\u00a0000\u00a0francs d\u2019amende, il prend la fuite en Angleterre. Le 3 juin 1898, la Cour de cassation annule la condamnation de\u00a0 Dreyfus. Victoire des dreyfusards\u00a0! \u00ab\u00a0Aujourd\u2019hui, la v\u00e9rit\u00e9 ayant vaincu, la justice r\u00e9gnant enfin, je renais, je rentre et reprends ma place sur la terre fran\u00e7aise.\u00a0\u00bb Zola dans <em>L\u2019Aurore<\/em> du 5 juin.<\/p>\n<p>Dreyfus sera <a href=\"https:\/\/histoire-en-citations.fr\/WP\/quel-dommage-que-je-n-aie-pas-ete-blesse\">graci\u00e9<\/a> par le pr\u00e9sident de la R\u00e9publique et r\u00e9int\u00e9gr\u00e9 dans l\u2019arm\u00e9e en 1906.<\/p>\n<blockquote>\n<p class=\"citation-small\">\u00ab\u00a0L\u2019erreur des d\u00e9mocrates est de croire que leur v\u00e9rit\u00e9 en soit une pour tout le monde, et force l\u2019adh\u00e9sion.\u00a0\u00bb<span id=\"2566\" class=\"cit-num\">2566<\/span><\/p>\n<p class=\"auteur\">Andr\u00e9 <span class=\"caps\">SUAR\u00c8S<\/span> (1868-1948), <em>Trois hommes, Moi et D\u00e9mocratie<\/em> (1913)<\/p>\n<\/blockquote>\n<p class=\"ressi\">Phrase pr\u00e9monitoire \u00e0 la veille de la Premi\u00e8re Guerre mondiale, qui s\u2019applique plus encore avant la suivante, dans l\u2019entre-deux-guerres. <\/p>\n<p>Apr\u00e8s la crise \u00e9conomique mondiale de 1929, la \u00ab\u00a0mont\u00e9e des p\u00e9rils\u00a0\u00bb (fascismes allemand et italien) provoque une tension internationale croissante, \u00e9galement ressentie au niveau national. L\u2019Allemagne de l\u2019empereur Guillaume <span class=\"caps\">II<\/span> (comme jadis celle de Bismarck) est persuad\u00e9e que le r\u00e9gime d\u00e9mocratique condamne la <a href=\"https:\/\/histoire-en-citations.fr\/WP\/michelet-l-histoire-de-france-commence-avec-la-langue-francaise\">France<\/a> \u00e0 la faiblesse en cas de guerre, alors que l\u2019alli\u00e9 anglais est plut\u00f4t port\u00e9 \u00e0 la neutralit\u00e9.<\/p>\n<blockquote>\n<p class=\"citation-small\">\u00ab\u00a0La v\u00e9rit\u00e9 est une, seule l\u2019erreur est multiple. Ce n\u2019est pas un hasard si la droite professe le pluralisme.\u00a0\u00bb<span id=\"2834\" class=\"cit-num\">2834<\/span><\/p>\n<p class=\"auteur\">Simone de <span class=\"caps\">BEAUVOIR<\/span> (1908-1986)<\/p>\n<p class=\"source\"><em>Les Temps modernes<\/em>, num\u00e9ros\u00a0109 \u00e0\u00a0115 (1955), Jean-Paul Sartre<\/p>\n<\/blockquote>\n<p class=\"ressi\">1955, belle \u00e9poque du terrorisme intellectuel. Le sectarisme de la gauche communiste s\u00e9vit naturellement contre la <a href=\"https:\/\/histoire-en-citations.fr\/WP\/les-termes-modernisation-entreprise\">droite<\/a>, mais se d\u00e9cha\u00eene aussi en guerre des gauches. Il faudra attendre les ann\u00e9es 1980 \u2013 d\u00e9mobilisation, d\u00e9sillusion, d\u00e9politisation \u2013 pour voir le d\u00e9clin de tous les \u00ab\u00a0ismes\u00a0\u00bb.<\/p>\n<p>Tout aussi terrible, le mot d\u2019un autre intellectuel c\u00e9l\u00e8bre, grand scientifique (prix Nobel de chimie avec sa femme, en 1935), membre actif du Parti communiste, \u00e0 partir de 1942. \u00ab\u00a0Je suis communiste parce que cela me dispense de r\u00e9fl\u00e9chir.\u00a0\u00bb Fr\u00e9d\u00e9ric Joliot-Curie. <\/p>\n<p>Position radicale \u2013 et radicalement diff\u00e9rente de Romain Rolland, autre \u00e9crivain engag\u00e9 (\u00e0 gauche)\u00a0: \u00ab\u00a0Avec le prol\u00e9tariat, toutes les fois qu\u2019il respectera la v\u00e9rit\u00e9 et l\u2019humanit\u00e9. Contre le prol\u00e9tariat, toutes les fois qu\u2019il violera la v\u00e9rit\u00e9 et l\u2019humanit\u00e9.\u00a0\u00bb R\u00e9ponse \u00e0 <em>l\u2019Humanit\u00e9<\/em> (1922).<\/p>\n<p class=\"ressi\"><a href=\"http:\/\/www.histoire-en-citations.fr\/boutique\/volume-7\"><img decoding=\"async\" style=\"float: left;margin-left: 10px;margin-right: 10px\" title=\"Restauration, Monarchie de Juillet, Deuxi\u00e8me R\u00e9publique\" src=\"https:\/\/histoire-en-citations.fr\/WP\/wp-content\/uploads\/2025\/06\/7_restauration_monarchie_de_juillet_iie_republique-9.jpg\" alt=\"Restauration, Monarchie de Juillet, Deuxi\u00e8me R\u00e9publique\" width=\"150\" height=\"201\"><\/a><\/p>\n<p class=\"ressi\">\u00a0<\/p>\n<p class=\"ressi\">\u00c0 ce rythme \u2013 4 citations par jour \u2013 les 10 Chroniques de l\u2019Histoire en citations sont \u00e0 vous dans trois ans. Encore trois ans et vous aurez aussi le Dictionnaire. Mais que de temps perdu\u00a0!<\/p>\n<p><a href=\"http:\/\/www.histoire-en-citations.fr\/boutique\/volume-3\">Faites un tour dans la Boutique<\/a>, feuilletez les 20 premi\u00e8res pages de chaque volume et voyez si \u00e7a vaut le co\u00fbt (4 \u20ac le volume).<\/p>\n<p>\u00a0<\/p>\n<p><span style=\"border-radius: 2px;text-indent: 20px;width: auto;padding: 0px 4px 0px 0px;text-align: center;color: #ffffff;background: #bd081c  no-repeat scroll 3px 50% \/ 14px 14px;position: absolute;opacity: 1;z-index: 8675309;cursor: pointer\">Enregistrer<\/span><\/p>\n<p><span style=\"border-radius: 2px;text-indent: 20px;width: auto;padding: 0px 4px 0px 0px;text-align: center;color: #ffffff;background: #bd081c  no-repeat scroll 3px 50% \/ 14px 14px;position: absolute;opacity: 1;z-index: 8675309;cursor: pointer\">Enregistrer<\/span><\/p>\n<\/div>\n<style>\r\n        a .cit-num {\r\n            text-decoration: none !important;\r\n            color: inherit !important;\r\n        }\r\n    <\/style>","protected":false},"excerpt":{"rendered":"<p>\u00a0V\u00e9rit\u00e9 et libert\u00e9 (politique). Deux mots associ\u00e9s. Deux th\u00e8mes \u00e9ternels. Quelques v\u00e9rit\u00e9s \u00e0 ne jamais oublier\u2026 Et une citation qui ne fait pas honneur \u00e0 son \u00ab\u00a0auteure\u00a0\u00bb.\u00ab\u00a0C\u2019est parce que je veux la souverainet\u00e9 nationale dans toute sa v\u00e9rit\u00e9 que je veux la presse dans toute sa libert\u00e9.\u00a0\u00bb2206Victor HUGO (1802-1885), Assembl\u00e9e l\u00e9gislative, 9\u00a0juillet 1850Les M\u00e9dias (2004), [&#8230;]<\/p>\n","protected":false},"author":1,"featured_media":11255,"comment_status":"open","ping_status":"open","sticky":false,"template":"","format":"standard","meta":{"site-sidebar-layout":"default","site-content-layout":"","ast-site-content-layout":"default","site-content-style":"default","site-sidebar-style":"default","ast-global-header-display":"","ast-banner-title-visibility":"","ast-main-header-display":"","ast-hfb-above-header-display":"","ast-hfb-below-header-display":"","ast-hfb-mobile-header-display":"","site-post-title":"","ast-breadcrumbs-content":"","ast-featured-img":"","footer-sml-layout":"","theme-transparent-header-meta":"","adv-header-id-meta":"","stick-header-meta":"","header-above-stick-meta":"","header-main-stick-meta":"","header-below-stick-meta":"","astra-migrate-meta-layouts":"default","ast-page-background-enabled":"default","ast-page-background-meta":{"desktop":{"background-color":"var(--ast-global-color-5)","background-image":"","background-repeat":"repeat","background-position":"center center","background-size":"auto","background-attachment":"scroll","background-type":"","background-media":"","overlay-type":"","overlay-color":"","overlay-opacity":"","overlay-gradient":""},"tablet":{"background-color":"","background-image":"","background-repeat":"repeat","background-position":"center center","background-size":"auto","background-attachment":"scroll","background-type":"","background-media":"","overlay-type":"","overlay-color":"","overlay-opacity":"","overlay-gradient":""},"mobile":{"background-color":"","background-image":"","background-repeat":"repeat","background-position":"center center","background-size":"auto","background-attachment":"scroll","background-type":"","background-media":"","overlay-type":"","overlay-color":"","overlay-opacity":"","overlay-gradient":""}},"ast-content-background-meta":{"desktop":{"background-color":"var(--ast-global-color-4)","background-image":"","background-repeat":"repeat","background-position":"center center","background-size":"auto","background-attachment":"scroll","background-type":"","background-media":"","overlay-type":"","overlay-color":"","overlay-opacity":"","overlay-gradient":""},"tablet":{"background-color":"var(--ast-global-color-4)","background-image":"","background-repeat":"repeat","background-position":"center center","background-size":"auto","background-attachment":"scroll","background-type":"","background-media":"","overlay-type":"","overlay-color":"","overlay-opacity":"","overlay-gradient":""},"mobile":{"background-color":"var(--ast-global-color-4)","background-image":"","background-repeat":"repeat","background-position":"center center","background-size":"auto","background-attachment":"scroll","background-type":"","background-media":"","overlay-type":"","overlay-color":"","overlay-opacity":"","overlay-gradient":""}},"iawp_total_views":60,"footnotes":""},"categories":[1649],"tags":[],"class_list":["post-3314","post","type-post","status-publish","format-standard","has-post-thumbnail","hentry","category-chronique-citation-du-jour-deuxieme-republique-victor-hugo"],"_links":{"self":[{"href":"https:\/\/histoire-en-citations.fr\/WP\/wp-json\/wp\/v2\/posts\/3314","targetHints":{"allow":["GET"]}}],"collection":[{"href":"https:\/\/histoire-en-citations.fr\/WP\/wp-json\/wp\/v2\/posts"}],"about":[{"href":"https:\/\/histoire-en-citations.fr\/WP\/wp-json\/wp\/v2\/types\/post"}],"author":[{"embeddable":true,"href":"https:\/\/histoire-en-citations.fr\/WP\/wp-json\/wp\/v2\/users\/1"}],"replies":[{"embeddable":true,"href":"https:\/\/histoire-en-citations.fr\/WP\/wp-json\/wp\/v2\/comments?post=3314"}],"version-history":[{"count":1,"href":"https:\/\/histoire-en-citations.fr\/WP\/wp-json\/wp\/v2\/posts\/3314\/revisions"}],"predecessor-version":[{"id":3316,"href":"https:\/\/histoire-en-citations.fr\/WP\/wp-json\/wp\/v2\/posts\/3314\/revisions\/3316"}],"wp:featuredmedia":[{"embeddable":true,"href":"https:\/\/histoire-en-citations.fr\/WP\/wp-json\/wp\/v2\/media\/11255"}],"wp:attachment":[{"href":"https:\/\/histoire-en-citations.fr\/WP\/wp-json\/wp\/v2\/media?parent=3314"}],"wp:term":[{"taxonomy":"category","embeddable":true,"href":"https:\/\/histoire-en-citations.fr\/WP\/wp-json\/wp\/v2\/categories?post=3314"},{"taxonomy":"post_tag","embeddable":true,"href":"https:\/\/histoire-en-citations.fr\/WP\/wp-json\/wp\/v2\/tags?post=3314"}],"curies":[{"name":"wp","href":"https:\/\/api.w.org\/{rel}","templated":true}]}}