{"id":3326,"date":"2016-06-04T00:00:00","date_gmt":"2016-06-03T22:00:00","guid":{"rendered":"https:\/\/histoire-en-citations.fr\/WP\/2025\/06\/19\/nicolas-de-chamfort-amitie-de-cour-foi-de-renards-societe-de-loups\/"},"modified":"2025-07-19T09:15:47","modified_gmt":"2025-07-19T07:15:47","slug":"nicolas-de-chamfort-amitie-de-cour-foi-de-renards-societe-de-loups","status":"publish","type":"post","link":"https:\/\/histoire-en-citations.fr\/WP\/nicolas-de-chamfort-amitie-de-cour-foi-de-renards-societe-de-loups\/","title":{"rendered":"Nicolas de chamfort : \u00ab Amiti\u00e9 de cour, foi de renards, soci\u00e9t\u00e9 de loups. \u00bb"},"content":{"rendered":"<div class=\"field-item even\">\n<p>\u00a0<\/p>\n<p>Si\u00e8cle des Lumi\u00e8res, jusqu\u2019\u00e0 la R\u00e9volution. Le bestiaire n\u2019a plus aucun humour. Il devient mena\u00e7ant, voire terrifiant, comme en nulle autre \u00e9poque.<\/p>\n<blockquote>\n<p class=\"citation\"><span class=\"enonce\">\u00ab\u00a0Amiti\u00e9 de cour, foi de renards, soci\u00e9t\u00e9 de loups.\u00a0\u00bb<span id=\"954\" class=\"cit-num\">954<\/span><\/span><\/p>\n<p class=\"auteur\"><span data-href=\"\/auteurs\/nicolas-de-chamfort\"><span class=\"author\"><span class=\"surname\">Nicolas de <\/span><span class=\"name\"><span class=\"caps\">CHAMFORT<\/span><\/span><\/span><\/span> (1740-1794), <cite>Pens\u00e9es, maximes et anecdotes<\/cite> (posthume, 1803)<\/p>\n<\/blockquote>\n<p class=\"ressi\">Renard et loup se retrouvent associ\u00e9s comme fr\u00e8res ennemis, dans cette fable humaine qu\u2019est l\u2019histoire, bien observ\u00e9e par le moraliste Chamfort.<\/p>\n<p>La cour reste un microcosme o\u00f9 les places sont ch\u00e8res et les appel\u00e9s toujours plus nombreux que les \u00e9lus. Mais elle cesse d\u2019\u00eatre l\u2019appareil d\u2019\u00c9tat comme sous Louis\u00a0<span class=\"caps\">XIV<\/span>, pour devenir l\u2019instrument des int\u00e9r\u00eats particuliers de la haute noblesse, lieu de toutes les intrigues, cabales et corruptions sous Louis\u00a0<span class=\"caps\">XV<\/span>. Pire encore sous Louis\u00a0<span class=\"caps\">XVI<\/span>\u00a0: les coteries se font plus insolentes autour de la reine et des fr\u00e8res du roi, tandis que les scandales \u00e9claboussent le tr\u00f4ne.<\/p>\n<blockquote>\n<p class=\"citation-small\">\u00ab\u00a0Ni chiens, ni filles, ni laquais, ni soldats.\u00a0\u00bb<span id=\"1161\" class=\"cit-num\">1161<\/span><\/p>\n<p class=\"auteur\">\u00c9criteau \u00e0 la porte des jardins et autres lieux publics<\/p>\n<\/blockquote>\n<p>C\u2019est dire la pi\u00e8tre estime pour l\u2019arm\u00e9e, sous le r\u00e8gne de Louis <span class=\"caps\">XV<\/span> qui n\u2019est plus le \u00ab\u00a0Bien aim\u00e9\u00a0\u00bb\u00a0! Recrutement est organis\u00e9 de telle mani\u00e8re qu\u2019on enr\u00f4le les plus pauvres, avec tous les \u00ab\u00a0d\u00e9chets de la soci\u00e9t\u00e9\u00a0\u00bb, maraudeurs et vauriens, mis\u00e9rables et autres laiss\u00e9s pour compte. La notion de patrie est d\u00e9valu\u00e9e, la philosophie antimilitariste et l\u2019opinion souvent d\u00e9faitiste, alors que l\u2019Angleterre soutient l\u2019effort de <a href=\"https:\/\/histoire-en-citations.fr\/WP\/diderot-une-guerre-interminable-c-est-celle-du-peuple\">guerre<\/a>, ses hommes et leurs chefs. <\/p>\n<p>Choiseul, grand ministre, ne peut renverser la situation et faire des miracles.<\/p>\n<blockquote>\n<p class=\"citation-small\">\u00ab\u00a0Notre saint p\u00e8re est un dindon<br>Le calotin est un fripon<br>Notre archev\u00eaque un sc\u00e9l\u00e9rat \/ Alleluya.\u00a0\u00bb<span id=\"1250\" class=\"cit-num\">1250<\/span><\/p>\n<p class=\"auteur\">Premi\u00e8re chanson anticl\u00e9ricale attaquant le pape (sans titre, et sans auteur)<\/p>\n<p class=\"source\"><em>Dictionnaire des chansons de la R\u00e9volution<\/em> (1988), Ginette Marty, Georges Marty<\/p>\n<\/blockquote>\n<p>Le clerg\u00e9 \u00e9tait une cible habituelle, mais \u00e0 la veille de la R\u00e9volution, Pie <span class=\"caps\">VI<\/span> en personne est mis en cause. Ce n\u2019est que le d\u00e9but des ennuis pour le 248\u00e8me pape qui verra passer non seulement la R\u00e9volution fran\u00e7aise, mais aussi la campagne d\u2019Italie de <a href=\"https:\/\/histoire-en-citations.fr\/WP\/napoleon-a-tout-peuple-conquis-il-faut-une-revolte\">Napol\u00e9on<\/a> Bonaparte. <\/p>\n<p>Quant au dindon, l\u2019animal a toujours mauvaise presse, dans cette histoire. Du moins est-il pr\u00e9sent.<\/p>\n<blockquote>\n<p class=\"citation-small\">\u00ab\u00a0L\u2019aigle marche toujours seul, le dindon fait troupe\u00a0!\u00a0\u00bb<span id=\"1303\" class=\"cit-num\">1303<\/span><\/p>\n<p class=\"auteur\"><span class=\"caps\">MARAT<\/span> (1743-1793) en r\u00e9ponse \u00e0 Fr\u00e9ron et Desmoulins, septembre\u00a01789<\/p>\n<\/blockquote>\n<p>L\u2019aigle entre en sc\u00e8ne et va bient\u00f4t voler la vedette aux autres animaux.<\/p>\n<p>Marat est un solitaire, il ne supporte pas la moindre objection. Quand il cr\u00e9e son journal, <em>l\u2019Ami du peuple<\/em> (\u00e0 partir du 12\u00a0septembre\u00a01789), il refuse en ces termes aux deux journalistes r\u00e9volutionnaires de participer \u00e0 la r\u00e9daction. La phrase explique aussi pourquoi cet \u00e9ternel aigri, qui se pose en \u00ab\u00a0ami du peuple\u00a0\u00bb, n\u2019a pas d\u2019ami. Marat sera tout \u00e0 la fois le grand <a href=\"https:\/\/histoire-en-citations.fr\/WP\/presque-tous-les-hommes-meurent-de-leurs\">malade<\/a>, le grand pers\u00e9cut\u00e9, le grand visionnaire de son temps.<\/p>\n<blockquote>\n<p class=\"citation-small\">\u00ab\u00a0La plus grande joie du P\u00e8re Duchesne apr\u00e8s avoir vu de ses propres yeux la t\u00eate du Veto femelle s\u00e9par\u00e9e de son col de grue et sa grande col\u00e8re contre les deux avocats du diable qui ont os\u00e9 plaider la cause de cette guenon.\u00a0\u00bb<span id=\"1543\" class=\"cit-num\">1543<\/span><\/p>\n<p class=\"auteur\">Jacques <span class=\"caps\">H\u00c9BERT<\/span> (1757-1794), <em>Le P\u00e8re Duchesne<\/em>, n\u00b0\u00a0299, titre du journal au lendemain du 16\u00a0octobre\u00a01793<\/p>\n<\/blockquote>\n<p>Voici donc l\u2019oraison fun\u00e8bre consacr\u00e9e par le pamphl\u00e9taire jacobin \u00e0 Marie-Antoinette, la reine sacrifi\u00e9e. Le titre est un peu long et la chronique qui suit continue dans la d\u00e9magogie populaire et animali\u00e8re\u00a0: \u00ab\u00a0J\u2019aurais d\u00e9sir\u00e9, f\u2026! que tous les brigands couronn\u00e9s eussent vu \u00e0 travers la chati\u00e8re l\u2019interrogatoire et le jugement de la tigresse d\u2019Autriche\u2026\u00a0\u00bb H\u00e9bert remplace <a href=\"https:\/\/histoire-en-citations.fr\/WP\/ici-repose-marat-l-ami-du-peuple-assassine\">Marat<\/a> (assassin\u00e9), en plus extr\u00eame, fond et forme.<\/p>\n<p class=\"ressi\"><a href=\"http:\/\/www.histoire-en-citations.fr\/boutique\/volume-4\"><img decoding=\"async\" src=\"https:\/\/histoire-en-citations.fr\/WP\/wp-content\/uploads\/2025\/06\/mini4-16.jpg\" alt=\"Si\u00e8cle des Lumi\u00e8res\" title=\"Si\u00e8cle des Lumi\u00e8res\" style=\"margin-left: 10px;margin-right: 10px;float: left\" width=\"150\" height=\"201\"><\/a><\/p>\n<p>\u00a0<\/p>\n<p>\u00c0 ce rythme \u2013 4 citations par jour \u2013 les 10 Chroniques de l\u2019Histoire en citations sont \u00e0 vous dans trois ans. Encore trois ans et vous aurez aussi le Dictionnaire. Mais que de temps perdu\u00a0!<\/p>\n<p><a href=\"http:\/\/www.histoire-en-citations.fr\/boutique\/volume-3\">Faites un tour dans la Boutique<\/a>, feuilletez les 20 premi\u00e8res pages de chaque volume et voyez si \u00e7a vaut le co\u00fbt (4 \u20ac le volume).<\/p>\n<p>\u00a0<\/p>\n<p><span style=\"border-radius: 2px;text-indent: 20px;width: auto;padding: 0px 4px 0px 0px;text-align: center;font: bold 11px\/20px 'Helvetica Neue',Helvetica,sans-serif;color: #ffffff;position: absolute;opacity: 1;z-index: 8675309;cursor: pointer\">Enregistrer<\/span><\/p>\n<p><span style=\"border-radius: 2px;text-indent: 20px;width: auto;padding: 0px 4px 0px 0px;text-align: center;font: bold 11px\/20px 'Helvetica Neue',Helvetica,sans-serif;color: #ffffff;position: absolute;opacity: 1;z-index: 8675309;cursor: pointer\">Enregistrer<\/span><\/p>\n<p><span style=\"border-radius: 2px;text-indent: 20px;width: auto;padding: 0px 4px 0px 0px;text-align: center;font: bold 11px\/20px 'Helvetica Neue',Helvetica,sans-serif;color: #ffffff;position: absolute;opacity: 1;z-index: 8675309;cursor: pointer\">Enregistrer<\/span><\/p>\n<\/div>\n<style>\r\n        a .cit-num {\r\n            text-decoration: none !important;\r\n            color: inherit !important;\r\n        }\r\n    <\/style>","protected":false},"excerpt":{"rendered":"<p>\u00a0 Si\u00e8cle des Lumi\u00e8res, jusqu\u2019\u00e0 la R\u00e9volution. Le bestiaire n\u2019a plus aucun humour. Il devient mena\u00e7ant, voire terrifiant, comme en nulle autre \u00e9poque. \u00ab\u00a0Amiti\u00e9 de cour, foi de renards, soci\u00e9t\u00e9 de loups.\u00a0\u00bb954 Nicolas de CHAMFORT (1740-1794), Pens\u00e9es, maximes et anecdotes (posthume, 1803) Renard et loup se retrouvent associ\u00e9s comme fr\u00e8res ennemis, dans cette fable humaine [&#8230;]<\/p>\n","protected":false},"author":1,"featured_media":11088,"comment_status":"open","ping_status":"open","sticky":false,"template":"","format":"standard","meta":{"site-sidebar-layout":"default","site-content-layout":"","ast-site-content-layout":"default","site-content-style":"default","site-sidebar-style":"default","ast-global-header-display":"","ast-banner-title-visibility":"","ast-main-header-display":"","ast-hfb-above-header-display":"","ast-hfb-below-header-display":"","ast-hfb-mobile-header-display":"","site-post-title":"","ast-breadcrumbs-content":"","ast-featured-img":"","footer-sml-layout":"","theme-transparent-header-meta":"","adv-header-id-meta":"","stick-header-meta":"","header-above-stick-meta":"","header-main-stick-meta":"","header-below-stick-meta":"","astra-migrate-meta-layouts":"default","ast-page-background-enabled":"default","ast-page-background-meta":{"desktop":{"background-color":"var(--ast-global-color-5)","background-image":"","background-repeat":"repeat","background-position":"center center","background-size":"auto","background-attachment":"scroll","background-type":"","background-media":"","overlay-type":"","overlay-color":"","overlay-opacity":"","overlay-gradient":""},"tablet":{"background-color":"","background-image":"","background-repeat":"repeat","background-position":"center center","background-size":"auto","background-attachment":"scroll","background-type":"","background-media":"","overlay-type":"","overlay-color":"","overlay-opacity":"","overlay-gradient":""},"mobile":{"background-color":"","background-image":"","background-repeat":"repeat","background-position":"center center","background-size":"auto","background-attachment":"scroll","background-type":"","background-media":"","overlay-type":"","overlay-color":"","overlay-opacity":"","overlay-gradient":""}},"ast-content-background-meta":{"desktop":{"background-color":"var(--ast-global-color-4)","background-image":"","background-repeat":"repeat","background-position":"center center","background-size":"auto","background-attachment":"scroll","background-type":"","background-media":"","overlay-type":"","overlay-color":"","overlay-opacity":"","overlay-gradient":""},"tablet":{"background-color":"var(--ast-global-color-4)","background-image":"","background-repeat":"repeat","background-position":"center center","background-size":"auto","background-attachment":"scroll","background-type":"","background-media":"","overlay-type":"","overlay-color":"","overlay-opacity":"","overlay-gradient":""},"mobile":{"background-color":"var(--ast-global-color-4)","background-image":"","background-repeat":"repeat","background-position":"center center","background-size":"auto","background-attachment":"scroll","background-type":"","background-media":"","overlay-type":"","overlay-color":"","overlay-opacity":"","overlay-gradient":""}},"iawp_total_views":10,"footnotes":""},"categories":[1647],"tags":[],"class_list":["post-3326","post","type-post","status-publish","format-standard","has-post-thumbnail","hentry","category-amitie-citation-du-jour-cour-foi-le-roi-le-gouvernement-et-la-cour-loups-nicolas-de-chamfort-renards-siecle-des-lumieres-societe"],"_links":{"self":[{"href":"https:\/\/histoire-en-citations.fr\/WP\/wp-json\/wp\/v2\/posts\/3326","targetHints":{"allow":["GET"]}}],"collection":[{"href":"https:\/\/histoire-en-citations.fr\/WP\/wp-json\/wp\/v2\/posts"}],"about":[{"href":"https:\/\/histoire-en-citations.fr\/WP\/wp-json\/wp\/v2\/types\/post"}],"author":[{"embeddable":true,"href":"https:\/\/histoire-en-citations.fr\/WP\/wp-json\/wp\/v2\/users\/1"}],"replies":[{"embeddable":true,"href":"https:\/\/histoire-en-citations.fr\/WP\/wp-json\/wp\/v2\/comments?post=3326"}],"version-history":[{"count":1,"href":"https:\/\/histoire-en-citations.fr\/WP\/wp-json\/wp\/v2\/posts\/3326\/revisions"}],"predecessor-version":[{"id":3328,"href":"https:\/\/histoire-en-citations.fr\/WP\/wp-json\/wp\/v2\/posts\/3326\/revisions\/3328"}],"wp:featuredmedia":[{"embeddable":true,"href":"https:\/\/histoire-en-citations.fr\/WP\/wp-json\/wp\/v2\/media\/11088"}],"wp:attachment":[{"href":"https:\/\/histoire-en-citations.fr\/WP\/wp-json\/wp\/v2\/media?parent=3326"}],"wp:term":[{"taxonomy":"category","embeddable":true,"href":"https:\/\/histoire-en-citations.fr\/WP\/wp-json\/wp\/v2\/categories?post=3326"},{"taxonomy":"post_tag","embeddable":true,"href":"https:\/\/histoire-en-citations.fr\/WP\/wp-json\/wp\/v2\/tags?post=3326"}],"curies":[{"name":"wp","href":"https:\/\/api.w.org\/{rel}","templated":true}]}}