{"id":3357,"date":"2016-06-14T00:00:00","date_gmt":"2016-06-13T22:00:00","guid":{"rendered":"https:\/\/histoire-en-citations.fr\/WP\/2025\/06\/19\/thiers-la-republique-est-le-gouvernement-qui-nous-divise-le-moins\/"},"modified":"2025-07-19T09:15:48","modified_gmt":"2025-07-19T07:15:48","slug":"thiers-la-republique-est-le-gouvernement-qui-nous-divise-le-moins","status":"publish","type":"post","link":"https:\/\/histoire-en-citations.fr\/WP\/thiers-la-republique-est-le-gouvernement-qui-nous-divise-le-moins\/","title":{"rendered":"Thiers : \u00ab La R\u00e9publique est le gouvernement qui nous divise le moins.\u00a0\u00bb"},"content":{"rendered":"<div class=\"field-item even\">\n<p>\u00a0<\/p>\n<p>Dans l\u2019histoire de France, le \u00ab\u00a0gouvernement\u00a0\u00bb est une source d\u2019inspiration pour les dirigeants et hommes politiques. <span class=\"caps\">D\u2019A<\/span>dolphe Thiers \u00e0 Michel Rocard, en passant par Victor Hugo, tous ont essay\u00e9 de le d\u00e9finir. Leurs citations r\u00e9v\u00e8lent une vision pragmatique du gouvernement, avec d\u2019abord la volont\u00e9 de coller aux r\u00e9alit\u00e9s de leurs temps. Heureusement, Aristide Bruant dont la carri\u00e8re politique fut br\u00e8ve prend la chose avec plus de l\u00e9g\u00e8ret\u00e9\u00a0!<\/p>\n<blockquote>\n<p class=\"citation\"><span class=\"enonce\">\u00ab\u00a0La R\u00e9publique est le gouvernement qui nous divise le moins.\u00a0\u00bb<span id=\"2201\" class=\"cit-num\">2201<\/span><\/span><\/p>\n<p class=\"auteur\"><span data-href=\"\/auteurs\/adolphe-thiers\"><span class=\"author\"><span class=\"surname\">Adolphe <\/span><span class=\"name\"><span class=\"caps\">THIERS<\/span><\/span><\/span><\/span> (1797-1877), Assembl\u00e9e l\u00e9gislative, 13\u00a0f\u00e9vrier 1850<\/p>\n<p class=\"source\"><cite><span class=\"caps\">L\u2019E<\/span>mpire lib\u00e9ral\u00a0: Louis-Napol\u00e9on et le coup d\u2019\u00e9tat<\/cite> (1897), \u00c9mile Ollivier.<\/p>\n<\/blockquote>\n<p>Fin de la <span class=\"caps\">II<\/span>e R\u00e9publique. Mais le parti de l\u2019Ordre est au pouvoir, cette majorit\u00e9 satisfait ou rassure, et Louis-Napol\u00e9on Bonaparte va s\u2019imposer avec des moyens plus ou moins l\u00e9gaux. <\/p>\n<p>La <a href=\"https:\/\/histoire-en-citations.fr\/WP\/o-republique-au-front-d-airain\">R\u00e9publique<\/a> et les r\u00e9publicains devront attendre\u00a0un quart de si\u00e8cle\u00a0: fin du Second Empire, guerre franco-allemande de 1870, Commune de 1871 et maintes p\u00e9rip\u00e9ties politiques avant que la (<span class=\"caps\">III<\/span>e) R\u00e9publique ne s\u2019installe et ne soit plus remise en question \u2013 sauf sous le r\u00e9gime de Vichy, en 1940.<\/p>\n<blockquote>\n<p class=\"citation-small\">\u00ab\u00a0Situation grave pour le cabinet. \/ Que faire\u00a0? Comment sortir de l\u00e0\u00a0?<br>Le bon sens r\u00e9pond\u00a0: par la porte. \/ Le gouvernement dit\u00a0: par une loi.\u00a0\u00bb<span id=\"2207\" class=\"cit-num\">2207<\/span><\/p>\n<p class=\"auteur\">Victor <span class=\"caps\">HUGO<\/span> (1802-1885), <em>Avant l\u2019exil<\/em> (discours 1841-1851)<\/p>\n<\/blockquote>\n<p>Auteur c\u00e9l\u00e8bre et homme politique passionn\u00e9, il combat la loi sur la presse vot\u00e9e le 16\u00a0juillet 1850. Ces mots pourraient s\u2019appliquer aux autres lois r\u00e9actionnaires qu\u2019il fustige et qui passent, mais vont r\u00e9veiller en lui l\u2019homme de gauche\u00a0: d\u00e9put\u00e9 d\u2019opposition, exil\u00e9 suite au coup d\u2019\u00c9tat de Louis-Napol\u00e9on Bonaparte, bient\u00f4t empereur Napol\u00e9on <span class=\"caps\">III<\/span> \u2013 ce \u00ab\u00a0Napol\u00e9on le Petit\u00a0\u00bb qu\u2019il combattra jusqu\u2019\u00e0 sa chute, en 1870.<\/p>\n<blockquote>\n<p class=\"citation-small\">\u00ab\u00a0D\u2019abord faut pus d\u2019gouvernement, \/ Pis faut pus non pus d\u2019R\u00e9publique,<br>Pus d\u2019S\u00e9nat et pus d\u2019Parlement [\u2026] \/ Pus d\u2019lois, pus d\u2019arm\u00e9es, pus d\u2019\u00e9glise,<br>Faut pus d\u2019tout \u00e7a, faut pus rien\u00a0! \/ Alors c\u2019est nous qui s\u2019ra les ma\u00eetres\u2026\u00a0\u00bb<span id=\"2546\" class=\"cit-num\">2546<\/span><\/p>\n<p class=\"auteur\">Aristide <span class=\"caps\">BRUANT<\/span> (1851-1925), <em>Plus d\u2019patrons<\/em>, chanson<\/p>\n<p class=\"source\"><em>L\u2019Argot au <span class=\"caps\">XX<\/span>e\u00a0si\u00e8cle<\/em> (1901), Aristide Bruant, L\u00e9on de Bercy<\/p>\n<\/blockquote>\n<p>Reflet d\u2019un certain climat social, \u00e0 partir de 1905\u00a0: effervescence ouvri\u00e8re et hostilit\u00e9 \u00e0 tout pouvoir. L\u2019anarchisme r\u00e9volutionnaire fait la loi dans les syndicats et le d\u00e9sordre dans le pays\u00a0: \u00ab\u00a0C\u2019est nous qui f\u2019ra c\u2019que nous voudrons, \/ Y\u2019aura pus d\u2019chefs, pus d\u2019contrema\u00eetres, \/ Pus d\u2019directeurs et pus d\u2019patrons.\u00a0\u00bb<\/p>\n<p>S\u2019il pose les vraies questions \u2013 la condition ouvri\u00e8re -, cette forme d\u2019anarchisme violent ne permet aucune solution. D\u2019o\u00f9 la r\u00e9action de <a href=\"https:\/\/histoire-en-citations.fr\/WP\/clemenceau-il-est-plus-facile-de-faire-la-guerre-que-la-paix\">Clemenceau<\/a>, chef du gouvernement, confront\u00e9 \u00e0 une dramatique agitation sociale en 1906-1907.<\/p>\n<blockquote>\n<p class=\"citation-small\">\u00ab\u00a0\u201c Savoir au juste la quantit\u00e9 d\u2019avenir qu\u2019on peut introduire dans le pr\u00e9sent, c\u2019est l\u00e0 tout le secret d\u2019un grand gouvernement \u201d, \u00e9crivait voici un si\u00e8cle Victor Hugo.\u00a0\u00bb<span id=\"3288\" class=\"cit-num\">3288<\/span><\/p>\n<p class=\"auteur\">Michel <span class=\"caps\">ROCARD<\/span> (n\u00e9 en 1930), Premier ministre, Discours \u00e0 la Convention nationale des clubs \u00ab\u00a0Forum et Convaincre\u00a0\u00bb, 27\u00a0janvier 1990<\/p>\n<\/blockquote>\n<p>Fond et forme tranchent sur les discours politiques trop souvent limit\u00e9s \u00e0 la \u00ab\u00a0petite phrase\u00a0\u00bb. Rocard cite deux autorit\u00e9s morales, <a href=\"https:\/\/histoire-en-citations.fr\/WP\/victor-hugo-c-est-parce-que-je-veux-la-souverainete-nationale\">Hugo<\/a> et le pr\u00e9sident de la R\u00e9publique, socialiste\u00a0 \u00e9lu en 1981\u00a0: \u00ab\u00a0Si l\u2019on veut effectivement changer en profondeur la soci\u00e9t\u00e9, il faut savoir, selon la belle expression de Fran\u00e7ois Mitterrand, \u00ab\u00a0donner du temps au temps\u00a0\u00bb.\u00a0\u00bb <\/p>\n<p>Rocard n\u2019aura malheureusement pas le temps de gouverner pour appliquer \u00ab\u00a0son\u00a0\u00bb socialisme \u00e0 la fois \u00e9conomique et politique.<\/p>\n<p class=\"ressi\"><a href=\"http:\/\/www.histoire-en-citations.fr\/boutique\/volume-7\"><img decoding=\"async\" src=\"https:\/\/histoire-en-citations.fr\/WP\/wp-content\/uploads\/2025\/06\/7_restauration_monarchie_de_juillet_iie_republique-10.jpg\" alt=\"Restauration, Monarchie de Juillet, Deuxi\u00e8me R\u00e9publique\" title=\"Restauration, Monarchie de Juillet, Deuxi\u00e8me R\u00e9publique\" style=\"float: left;margin-left: 10px;margin-right: 10px\" height=\"201\" width=\"150\"><\/a><\/p>\n<p class=\"ressi\">\u00a0<\/p>\n<p class=\"ressi\">\u00c0 ce rythme \u2013 4 citations par jour \u2013 les 10 Chroniques de l\u2019Histoire en citations sont \u00e0 vous dans trois ans. Encore trois ans et vous aurez aussi le Dictionnaire. Mais que de temps perdu\u00a0!<\/p>\n<p><a href=\"http:\/\/www.histoire-en-citations.fr\/boutique\/volume-3\">Faites un tour dans la Boutique<\/a>, feuilletez les 20 premi\u00e8res pages de chaque volume et voyez si \u00e7a vaut le co\u00fbt (4 \u20ac le volume).<\/p>\n<p>\u00a0<\/p>\n<p><span style=\"border-radius: 2px;text-indent: 20px;width: auto;padding: 0px 4px 0px 0px;text-align: center;font: bold 11px\/20px 'Helvetica Neue',Helvetica,sans-serif;color: #ffffff;position: absolute;opacity: 0.85;z-index: 8675309;cursor: pointer;top: 699px;left: 28px\">Enregistrer<\/span><\/p>\n<p><span style=\"border-radius: 2px;text-indent: 20px;width: auto;padding: 0px 4px 0px 0px;text-align: center;font: bold 11px\/20px 'Helvetica Neue',Helvetica,sans-serif;color: #ffffff;position: absolute;opacity: 1;z-index: 8675309;cursor: pointer\">Enregistrer<\/span><\/p>\n<p><span style=\"border-radius: 2px;text-indent: 20px;width: auto;padding: 0px 4px 0px 0px;text-align: center;font: bold 11px\/20px 'Helvetica Neue',Helvetica,sans-serif;color: #ffffff;position: absolute;opacity: 1;z-index: 8675309;cursor: pointer\">Enregistrer<\/span><\/p>\n<p><span style=\"border-radius: 2px;text-indent: 20px;width: auto;padding: 0px 4px 0px 0px;text-align: center;font: bold 11px\/20px 'Helvetica Neue',Helvetica,sans-serif;color: #ffffff;position: absolute;opacity: 0.85;z-index: 8675309;cursor: pointer;top: 699px;left: 28px\">Enregistrer<\/span><\/p>\n<p><span style=\"border-radius: 2px;text-indent: 20px;width: auto;padding: 0px 4px 0px 0px;text-align: center;font: bold 11px\/20px 'Helvetica Neue',Helvetica,sans-serif;color: #ffffff;position: absolute;opacity: 1;z-index: 8675309;cursor: pointer\">Enregistrer<\/span><\/p>\n<p><span style=\"border-radius: 2px;text-indent: 20px;width: auto;padding: 0px 4px 0px 0px;text-align: center;font: bold 11px\/20px 'Helvetica Neue',Helvetica,sans-serif;color: #ffffff;position: absolute;opacity: 1;z-index: 8675309;cursor: pointer\">Enregistrer<\/span><\/p>\n<\/div>\n<style>\r\n        a .cit-num {\r\n            text-decoration: none !important;\r\n            color: inherit !important;\r\n        }\r\n    <\/style>","protected":false},"excerpt":{"rendered":"<p>\u00a0 Dans l&#8217;histoire de France, le \u00ab\u00a0gouvernement\u00a0\u00bb est une source d&#8217;inspiration pour les dirigeants et hommes politiques. D&#8217;Adolphe Thiers \u00e0 Michel Rocard, en passant par Victor Hugo, tous ont essay\u00e9 de le d\u00e9finir. Leurs citations r\u00e9v\u00e8lent une vision pragmatique du gouvernement, avec d&#8217;abord la volont\u00e9 de coller aux r\u00e9alit\u00e9s de leurs temps. Heureusement, Aristide Bruant [&#8230;]<\/p>\n","protected":false},"author":1,"featured_media":11254,"comment_status":"open","ping_status":"open","sticky":false,"template":"","format":"standard","meta":{"site-sidebar-layout":"default","site-content-layout":"","ast-site-content-layout":"default","site-content-style":"default","site-sidebar-style":"default","ast-global-header-display":"","ast-banner-title-visibility":"","ast-main-header-display":"","ast-hfb-above-header-display":"","ast-hfb-below-header-display":"","ast-hfb-mobile-header-display":"","site-post-title":"","ast-breadcrumbs-content":"","ast-featured-img":"","footer-sml-layout":"","theme-transparent-header-meta":"","adv-header-id-meta":"","stick-header-meta":"","header-above-stick-meta":"","header-main-stick-meta":"","header-below-stick-meta":"","astra-migrate-meta-layouts":"default","ast-page-background-enabled":"default","ast-page-background-meta":{"desktop":{"background-color":"var(--ast-global-color-5)","background-image":"","background-repeat":"repeat","background-position":"center center","background-size":"auto","background-attachment":"scroll","background-type":"","background-media":"","overlay-type":"","overlay-color":"","overlay-opacity":"","overlay-gradient":""},"tablet":{"background-color":"","background-image":"","background-repeat":"repeat","background-position":"center center","background-size":"auto","background-attachment":"scroll","background-type":"","background-media":"","overlay-type":"","overlay-color":"","overlay-opacity":"","overlay-gradient":""},"mobile":{"background-color":"","background-image":"","background-repeat":"repeat","background-position":"center center","background-size":"auto","background-attachment":"scroll","background-type":"","background-media":"","overlay-type":"","overlay-color":"","overlay-opacity":"","overlay-gradient":""}},"ast-content-background-meta":{"desktop":{"background-color":"var(--ast-global-color-4)","background-image":"","background-repeat":"repeat","background-position":"center center","background-size":"auto","background-attachment":"scroll","background-type":"","background-media":"","overlay-type":"","overlay-color":"","overlay-opacity":"","overlay-gradient":""},"tablet":{"background-color":"var(--ast-global-color-4)","background-image":"","background-repeat":"repeat","background-position":"center center","background-size":"auto","background-attachment":"scroll","background-type":"","background-media":"","overlay-type":"","overlay-color":"","overlay-opacity":"","overlay-gradient":""},"mobile":{"background-color":"var(--ast-global-color-4)","background-image":"","background-repeat":"repeat","background-position":"center center","background-size":"auto","background-attachment":"scroll","background-type":"","background-media":"","overlay-type":"","overlay-color":"","overlay-opacity":"","overlay-gradient":""}},"iawp_total_views":75,"footnotes":""},"categories":[1654],"tags":[],"class_list":["post-3357","post","type-post","status-publish","format-standard","has-post-thumbnail","hentry","category-adolphe-thiers-chronique-citation-du-jour-deuxieme-republique"],"_links":{"self":[{"href":"https:\/\/histoire-en-citations.fr\/WP\/wp-json\/wp\/v2\/posts\/3357","targetHints":{"allow":["GET"]}}],"collection":[{"href":"https:\/\/histoire-en-citations.fr\/WP\/wp-json\/wp\/v2\/posts"}],"about":[{"href":"https:\/\/histoire-en-citations.fr\/WP\/wp-json\/wp\/v2\/types\/post"}],"author":[{"embeddable":true,"href":"https:\/\/histoire-en-citations.fr\/WP\/wp-json\/wp\/v2\/users\/1"}],"replies":[{"embeddable":true,"href":"https:\/\/histoire-en-citations.fr\/WP\/wp-json\/wp\/v2\/comments?post=3357"}],"version-history":[{"count":1,"href":"https:\/\/histoire-en-citations.fr\/WP\/wp-json\/wp\/v2\/posts\/3357\/revisions"}],"predecessor-version":[{"id":3359,"href":"https:\/\/histoire-en-citations.fr\/WP\/wp-json\/wp\/v2\/posts\/3357\/revisions\/3359"}],"wp:featuredmedia":[{"embeddable":true,"href":"https:\/\/histoire-en-citations.fr\/WP\/wp-json\/wp\/v2\/media\/11254"}],"wp:attachment":[{"href":"https:\/\/histoire-en-citations.fr\/WP\/wp-json\/wp\/v2\/media?parent=3357"}],"wp:term":[{"taxonomy":"category","embeddable":true,"href":"https:\/\/histoire-en-citations.fr\/WP\/wp-json\/wp\/v2\/categories?post=3357"},{"taxonomy":"post_tag","embeddable":true,"href":"https:\/\/histoire-en-citations.fr\/WP\/wp-json\/wp\/v2\/tags?post=3357"}],"curies":[{"name":"wp","href":"https:\/\/api.w.org\/{rel}","templated":true}]}}