{"id":3590,"date":"2016-08-10T00:00:00","date_gmt":"2016-08-09T22:00:00","guid":{"rendered":"https:\/\/histoire-en-citations.fr\/WP\/2025\/06\/19\/clemenceau-la-revolution-francaise-est-un-bloc\/"},"modified":"2025-07-19T09:15:55","modified_gmt":"2025-07-19T07:15:55","slug":"clemenceau-la-revolution-francaise-est-un-bloc","status":"publish","type":"post","link":"https:\/\/histoire-en-citations.fr\/WP\/clemenceau-la-revolution-francaise-est-un-bloc\/","title":{"rendered":"Clemenceau : \u00ab La R\u00e9volution fran\u00e7aise est un bloc&#8230;\u00a0\u00bb"},"content":{"rendered":"<div class=\"field-item even\">\n<p>\u00a0<\/p>\n<p>Que de citations mal utilis\u00e9es, pour telle ou telle raison\u2026 On en use et on en abuse. On m\u00e9lange un peu tout, le vrai et le faux. Il faudrait un mode d\u2019emploi, pour mettre de l\u2019ordre. Une d\u00e9ontologie historienne et citoyenne\u00a0!<\/p>\n<p>\u00c7a profiterait au lecteur, \u00e0 l\u2019amateur, au collectionneur, \u00e0 tous les passionn\u00e9s de citations et d\u2019Histoire. Citations tronqu\u00e9es, un grand classique du mal cit\u00e9\u00a0! \u00c7a donne lieu \u00e0 des d\u00e9bats sans fin\u2026 Exemples les plus connus, avec la R\u00e9volution en vedette.<\/p>\n<blockquote>\n<p class=\"citation\"><span class=\"enonce\">\u00ab\u00a0La R\u00e9volution fran\u00e7aise est un bloc dont on ne peut rien distraire.\u00a0\u00bb<span id=\"1635\" class=\"cit-num\">1635<\/span><\/span><\/p>\n<p class=\"auteur\"><span data-href=\"\/auteurs\/georges-clemenceau\"><span class=\"author\"><span class=\"surname\">Georges <\/span><span class=\"name\"><span class=\"caps\">CLEMENCEAU<\/span><\/span><\/span><\/span> (1841-1929), Discours, Chambre des d\u00e9put\u00e9s, 29\u00a0janvier 1891<\/p>\n<p class=\"source\"><cite>Grands moments d\u2019\u00e9loquences parlementaire<\/cite> [en ligne], Assembl\u00e9e nationale.<\/p>\n<\/blockquote>\n<p class=\"ressi\">Phrase la plus cit\u00e9e et tronqu\u00e9e, apr\u00e8s \u00ab\u00a0bloc\u00a0\u00bb, donc la plus mal comprise, surtout hors de son contexte d\u2019ailleurs confus.<\/p>\n<p class=\"ressi\">Homme de gauche, Clemenceau r\u00e9pond \u00e0 deux d\u00e9put\u00e9s de droite (D\u00e9roul\u00e8de et le comte de Bernis) et d\u00e9fend la libert\u00e9 d\u2019expression. Au c\u0153ur du d\u00e9bat, <em>Thermidor<\/em>, pi\u00e8ce de Victorien Sardou d\u00e9non\u00e7ant uniquement les exc\u00e8s de la R\u00e9volution. Scandale \u00e0 la Com\u00e9die-Fran\u00e7aise (th\u00e9\u00e2tre public) et interdiction apr\u00e8s trois repr\u00e9sentations.<\/p>\n<blockquote>\n<p class=\"citation-small\">\u00ab\u00a0La R\u00e9volution n\u2019est pas un bloc. Elle comprend de l\u2019excellent et du d\u00e9testable.\u00a0\u00bb<span id=\"1636\" class=\"cit-num\">1636<\/span><\/p>\n<p class=\"auteur\">\u00c9douard <span class=\"caps\">HERRIOT<\/span> (1872-1957), <em>Aux sources de la libert\u00e9<\/em> (1939)<\/p>\n<\/blockquote>\n<p class=\"ressi\">R\u00e9ponse \u00e0 <a href=\"https:\/\/histoire-en-citations.fr\/WP\/clemenceau-il-est-plus-facile-de-faire-la-guerre-que-la-paix\">Clemenceau<\/a> pour qui \u00ab\u00a0la R\u00e9volution fran\u00e7aise est un bloc dont on ne peut rien distraire\u00a0\u00bb. On peut d\u00e9battre \u00e0 l\u2019infini. En fait, tout est dans cette R\u00e9volution\u00a0: \u00ab\u00a0Il faudrait la raconter comme la geste des qualit\u00e9s, mais aussi de tous les d\u00e9fauts des Fran\u00e7ais.\u00a0\u00bb (Cioran).<\/p>\n<blockquote>\n<p class=\"citation-small\">\u00ab\u00a0Ne faudrait-il pas dire que la R\u00e9volution est un tout [\u2026] complexe comme la vie elle-m\u00eame, o\u00f9 il y a de l\u2019enthousiasmant et de l\u2019inacceptable\u00a0?\u00a0\u00bb<span id=\"1637\" class=\"cit-num\">1637<\/span><\/p>\n<p class=\"auteur\">Fran\u00e7ois <span class=\"caps\">MITTERRAND<\/span> (1916-1996), 15\u00a0janvier 1988<\/p>\n<\/blockquote>\n<p class=\"ressi\">Nouvelle variation pr\u00e9sidentielle sur le th\u00e8me, pour nuancer la fameuse phrase de Clemenceau qu\u2019on lui avait reproch\u00e9 de faire sienne, deux mois plus t\u00f4t. Le d\u00e9bat est naturellement relanc\u00e9 \u00e0 la comm\u00e9moration du bicentenaire de 1789.<\/p>\n<blockquote>\n<p class=\"citation-small\">\u00ab\u00a0Il y a deux moyens s\u00fbrs pour ne rien comprendre \u00e0 la R\u00e9volution fran\u00e7aise, c\u2019est de la maudire ou de la c\u00e9l\u00e9brer.\u00a0\u00bb<span id=\"1639\" class=\"cit-num\">1639<\/span><\/p>\n<p class=\"auteur\">Fran\u00e7ois <span class=\"caps\">FURET<\/span> (1927-1997), <em>La R\u00e9volution fran\u00e7aise<\/em> (1965), \u00e9crit avec Denis Richet<\/p>\n<\/blockquote>\n<p class=\"ressi\">Laissons le mot de la fin \u00e0 l\u2019historien (de gauche) qui sut \u00e9clairer dans toute sa richesse, sa diversit\u00e9, sa complexit\u00e9, cette R\u00e9volution qui divise toujours les esprits et les c\u0153urs\u00a0: \u00ab\u00a0Ceux qui la maudissent sont condamn\u00e9s \u00e0 rester insensibles \u00e0 la naissance tumultueuse de la d\u00e9mocratie. Ils seraient pourtant bien en peine de proposer \u00e0 nos soci\u00e9t\u00e9s d\u2019autres principes fondateurs que la libert\u00e9 et l\u2019\u00e9galit\u00e9. Ceux qui la c\u00e9l\u00e8brent sont incapables d\u2019expliquer ni m\u00eame d\u2019apercevoir ses trag\u00e9dies, sauf \u00e0 les couvrir de l\u2019excuse d\u00e9bile des \u00ab\u00a0circonstances\u00a0\u00bb. Ils restent aveugles \u00e0 l\u2019ambigu\u00eft\u00e9 constitutive de l\u2019\u00e9v\u00e9nement, qui comporte \u00e0 la fois des droits de l\u2019homme et la Terreur, la <a href=\"https:\/\/histoire-en-citations.fr\/WP\/clemenceau-la-france-est-la-frontiere-de-la-liberte\">libert\u00e9<\/a> et le despotisme.\u00a0\u00bb<\/p>\n<blockquote>\n<p class=\"citation-small\">\u00ab\u00a0Enrichissez-vous.\u00a0\u00bb<span id=\"2114\" class=\"cit-num\">2114<\/span><\/p>\n<p class=\"auteur\">Fran\u00e7ois <span class=\"caps\">GUIZOT<\/span> (1787-1874), Chambre des d\u00e9put\u00e9s, 1er\u00a0mars 1843<\/p>\n<\/blockquote>\n<p class=\"ressi\">Exemple type de d\u00e9sinformation par utilisation d\u2019une citation tronqu\u00e9e, qui \u00ab\u00a0sonne bien\u00a0\u00bb\u00a0! Rappelons le contexte.<br>\u00a0<br>Monarchie de Juillet. Ministre des Affaires \u00e9trang\u00e8res et pratiquement chef du gouvernement, son mot est souvent cit\u00e9 pour condamner ses conceptions politiques et r\u00e9sumer l\u2019esprit \u00e9go\u00efstement bourgeois de l\u2019\u00e9poque. <\/p>\n<p>Guizot r\u00e9pond aux attaques de l\u2019opposition\u00a0: \u00ab\u00a0Fondez votre gouvernement, affermissez vos institutions, \u00e9clairez-vous, enrichissez-vous, am\u00e9liorez la condition morale et mat\u00e9rielle de notre France.\u00a0\u00bb Il reprend le mot lors d\u2019un banquet, la m\u00eame ann\u00e9e\u00a0: \u00ab\u00a0Enrichissez-vous par le travail, par l\u2019\u00e9pargne et la probit\u00e9, et vous deviendrez \u00e9lecteurs.\u00a0\u00bb (droit de vote conditionn\u00e9 par un seuil d\u2019imposition, le cens) <a href=\"https:\/\/histoire-en-citations.fr\/WP\/louis-philippe-la-sincere-amitie-qui-m-unit-a-la-reine-de-la-grande-bretagne-et-la-cordiale-entente\">Louis-Philippe<\/a> approuve les id\u00e9es de son ministre\u00a0: \u00ab\u00a0C\u2019est ma bouche\u00a0!\u00a0\u00bb<\/p>\n<blockquote>\n<p class=\"citation-small\">\u00ab\u00a0Nous ne pouvons pas h\u00e9berger en France toute la mis\u00e8re du monde.\u00a0\u00bb<span id=\"3286\" class=\"cit-num\">3286<\/span><\/p>\n<p class=\"auteur\">Michel <span class=\"caps\">ROCARD<\/span> (1930-2016), \u00e9mission \u00ab\u00a07 sur 7\u00a0\u00bb, <span class=\"caps\">TF1<\/span>, 3\u00a0d\u00e9cembre 1989<\/p>\n<\/blockquote>\n<p>V\u00e9rit\u00e9 d\u2019\u00e9vidence, dite dans un contexte pr\u00e9cis, chiffres \u00e0 l\u2019appui\u00a0: le Premier ministre d\u00e9nonce un d\u00e9tournement du droit d\u2019asile, passant de 18\u00a0000 demandes en 1980 \u00e0 60\u00a0000 en 1989 (doublement en 1988). La France, toujours terre d\u2019asile pour les r\u00e9fugi\u00e9s politiques, ne peut plus \u00eatre comme jadis une terre d\u2019immigration pour la main-d\u2019\u0153uvre \u00e9trang\u00e8re.<\/p>\n<p>Phrase reprise dans d\u2019autres contextes et par d\u2019autres acteurs politiques, cependant que les <a href=\"https:\/\/histoire-en-citations.fr\/WP\/il-est-dans-la-nature-d-une-grande-nation-de\">socialistes<\/a> accusent l\u2019un des leurs d\u2019abandonner les valeurs de la gauche. Rocard va donc pr\u00e9ciser, m\u00eame \u00e9mission de <span class=\"caps\">TF1<\/span>, 4\u00a0juillet 1993\u00a0: \u00ab\u00a0La France ne peut pas accueillir toute la mis\u00e8re du monde, mais elle doit en prendre fid\u00e8lement sa part.\u00a0\u00bb<\/p>\n<p>Suite \u00e0 d\u2019autres d\u00e9rives et d\u00e9tournements, regrettant le \u00ab\u00a0destin impr\u00e9visible\u00a0\u00bb de sa phrase, l\u2019homme de la seconde gauche en donne une version \u00ab\u00a0d\u00e9finitive\u00a0\u00bb en 2009, pour le 70e anniversaire de la <span class=\"caps\">CIMADE<\/span>\u00a0: \u00ab\u00a0La France et l\u2019Europe peuvent et doivent accueillir toute la part qui leur revient de la mis\u00e8re du monde.\u00a0\u00bb\u00a0 C\u2019est clair.<\/p>\n<p class=\"ressi\"><a href=\"http:\/\/www.histoire-en-citations.fr\/feuilletage\/08\" target=\"_blank\"><img decoding=\"async\" src=\"https:\/\/histoire-en-citations.fr\/WP\/wp-content\/uploads\/2025\/06\/mini8_0-26.jpg\" alt=\"Second Empire et IIIe R\u00e9publique\" title=\"Second Empire et IIIe R\u00e9publique\" style=\"float: left;margin-left: 10px;margin-right: 10px\" width=\"150\" height=\"199\"><\/a><\/p>\n<p>\u00a0<\/p>\n<p><a href=\"http:\/\/www.histoire-en-citations.fr\/feuilletage\/08\" target=\"_blank\">Feuilletez les 20 premi\u00e8res pages<\/a><\/p>\n<p>\u00c0 ce rythme \u2013 4 citations par jour \u2013 les 10 Chroniques de l\u2019Histoire en citations sont \u00e0 vous dans trois ans. Encore trois ans et vous aurez aussi le Dictionnaire. Mais que de temps perdu\u00a0!<\/p>\n<p><a href=\"http:\/\/www.histoire-en-citations.fr\/boutique\/volume-8\">Faites un tour dans la Boutique<\/a>, <a href=\"http:\/\/www.histoire-en-citations.fr\/feuilletage\/08\" target=\"_blank\">feuilletez les 20 premi\u00e8res pages<\/a> de chaque volume et voyez si \u00e7a vaut le co\u00fbt (4 \u20ac le volume).<\/p>\n<p>\u00a0<\/p>\n<p><span style=\"border-radius: 2px;text-indent: 20px;width: auto;padding: 0px 4px 0px 0px;text-align: center;font: bold 11px\/20px 'Helvetica Neue',Helvetica,sans-serif;color: #ffffff;position: absolute;opacity: 1;z-index: 8675309;cursor: pointer\">Enregistrer<\/span><\/p>\n<p><span style=\"border-radius: 2px;text-indent: 20px;width: auto;padding: 0px 4px 0px 0px;text-align: center;font: bold 11px\/20px 'Helvetica Neue',Helvetica,sans-serif;color: #ffffff;position: absolute;opacity: 1;z-index: 8675309;cursor: pointer\">Enregistrer<\/span><\/p>\n<p><span style=\"border-radius: 2px;text-indent: 20px;width: auto;padding: 0px 4px 0px 0px;text-align: center;font: bold 11px\/20px 'Helvetica Neue',Helvetica,sans-serif;color: #ffffff;position: absolute;opacity: 1;z-index: 8675309;cursor: pointer\">Enregistrer<\/span><\/p>\n<\/div>\n<style>\r\n        a .cit-num {\r\n            text-decoration: none !important;\r\n            color: inherit !important;\r\n        }\r\n    <\/style>","protected":false},"excerpt":{"rendered":"<p>\u00a0 Que de citations mal utilis\u00e9es, pour telle ou telle raison&#8230; On en use et on en abuse. On m\u00e9lange un peu tout, le vrai et le faux. Il faudrait un mode d\u2019emploi, pour mettre de l\u2019ordre. Une d\u00e9ontologie historienne et citoyenne&nbsp;! \u00c7a profiterait au lecteur, \u00e0 l\u2019amateur, au collectionneur, \u00e0 tous les passionn\u00e9s de [&#8230;]<\/p>\n","protected":false},"author":1,"featured_media":11178,"comment_status":"open","ping_status":"open","sticky":false,"template":"","format":"standard","meta":{"site-sidebar-layout":"default","site-content-layout":"","ast-site-content-layout":"default","site-content-style":"default","site-sidebar-style":"default","ast-global-header-display":"","ast-banner-title-visibility":"","ast-main-header-display":"","ast-hfb-above-header-display":"","ast-hfb-below-header-display":"","ast-hfb-mobile-header-display":"","site-post-title":"","ast-breadcrumbs-content":"","ast-featured-img":"","footer-sml-layout":"","theme-transparent-header-meta":"","adv-header-id-meta":"","stick-header-meta":"","header-above-stick-meta":"","header-main-stick-meta":"","header-below-stick-meta":"","astra-migrate-meta-layouts":"default","ast-page-background-enabled":"default","ast-page-background-meta":{"desktop":{"background-color":"var(--ast-global-color-5)","background-image":"","background-repeat":"repeat","background-position":"center center","background-size":"auto","background-attachment":"scroll","background-type":"","background-media":"","overlay-type":"","overlay-color":"","overlay-opacity":"","overlay-gradient":""},"tablet":{"background-color":"","background-image":"","background-repeat":"repeat","background-position":"center center","background-size":"auto","background-attachment":"scroll","background-type":"","background-media":"","overlay-type":"","overlay-color":"","overlay-opacity":"","overlay-gradient":""},"mobile":{"background-color":"","background-image":"","background-repeat":"repeat","background-position":"center center","background-size":"auto","background-attachment":"scroll","background-type":"","background-media":"","overlay-type":"","overlay-color":"","overlay-opacity":"","overlay-gradient":""}},"ast-content-background-meta":{"desktop":{"background-color":"var(--ast-global-color-4)","background-image":"","background-repeat":"repeat","background-position":"center center","background-size":"auto","background-attachment":"scroll","background-type":"","background-media":"","overlay-type":"","overlay-color":"","overlay-opacity":"","overlay-gradient":""},"tablet":{"background-color":"var(--ast-global-color-4)","background-image":"","background-repeat":"repeat","background-position":"center center","background-size":"auto","background-attachment":"scroll","background-type":"","background-media":"","overlay-type":"","overlay-color":"","overlay-opacity":"","overlay-gradient":""},"mobile":{"background-color":"var(--ast-global-color-4)","background-image":"","background-repeat":"repeat","background-position":"center center","background-size":"auto","background-attachment":"scroll","background-type":"","background-media":"","overlay-type":"","overlay-color":"","overlay-opacity":"","overlay-gradient":""}},"iawp_total_views":46,"footnotes":""},"categories":[1691],"tags":[],"class_list":["post-3590","post","type-post","status-publish","format-standard","has-post-thumbnail","hentry","category-citation-du-jour-georges-clemenceau-jugements-dhistoriens-et-autres-revolution"],"_links":{"self":[{"href":"https:\/\/histoire-en-citations.fr\/WP\/wp-json\/wp\/v2\/posts\/3590","targetHints":{"allow":["GET"]}}],"collection":[{"href":"https:\/\/histoire-en-citations.fr\/WP\/wp-json\/wp\/v2\/posts"}],"about":[{"href":"https:\/\/histoire-en-citations.fr\/WP\/wp-json\/wp\/v2\/types\/post"}],"author":[{"embeddable":true,"href":"https:\/\/histoire-en-citations.fr\/WP\/wp-json\/wp\/v2\/users\/1"}],"replies":[{"embeddable":true,"href":"https:\/\/histoire-en-citations.fr\/WP\/wp-json\/wp\/v2\/comments?post=3590"}],"version-history":[{"count":1,"href":"https:\/\/histoire-en-citations.fr\/WP\/wp-json\/wp\/v2\/posts\/3590\/revisions"}],"predecessor-version":[{"id":3592,"href":"https:\/\/histoire-en-citations.fr\/WP\/wp-json\/wp\/v2\/posts\/3590\/revisions\/3592"}],"wp:featuredmedia":[{"embeddable":true,"href":"https:\/\/histoire-en-citations.fr\/WP\/wp-json\/wp\/v2\/media\/11178"}],"wp:attachment":[{"href":"https:\/\/histoire-en-citations.fr\/WP\/wp-json\/wp\/v2\/media?parent=3590"}],"wp:term":[{"taxonomy":"category","embeddable":true,"href":"https:\/\/histoire-en-citations.fr\/WP\/wp-json\/wp\/v2\/categories?post=3590"},{"taxonomy":"post_tag","embeddable":true,"href":"https:\/\/histoire-en-citations.fr\/WP\/wp-json\/wp\/v2\/tags?post=3590"}],"curies":[{"name":"wp","href":"https:\/\/api.w.org\/{rel}","templated":true}]}}