{"id":3599,"date":"2017-06-19T18:14:25","date_gmt":"2017-06-19T16:14:25","guid":{"rendered":"https:\/\/histoire-en-citations.fr\/WP\/2025\/06\/19\/vos-citations-preferees-de-la-semaine-11\/"},"modified":"2025-07-17T10:26:57","modified_gmt":"2025-07-17T08:26:57","slug":"vos-citations-preferees-de-la-semaine-11","status":"publish","type":"post","link":"https:\/\/histoire-en-citations.fr\/WP\/vos-citations-preferees-de-la-semaine-11\/","title":{"rendered":"Vos citations pr\u00e9f\u00e9r\u00e9es de la semaine"},"content":{"rendered":"<div class=\"field-item even\">\n<p>\u00a0<\/p>\n<p>D\u00e9couvrez les 5 citations qui ont remport\u00e9 le plus de succ\u00e8s cette semaine sur les r\u00e9seaux sociaux (<a href=\"https:\/\/www.facebook.com\/histoire.en.citations\/\" target=\"_self\">Facebook<\/a> et <a href=\"https:\/\/twitter.com\/HistoCita\" target=\"_self\">twitter<\/a>).<\/p>\n<p>Pour n\u2019en rater aucune, <a href=\"http:\/\/www.histoire-en-citations.fr\/newsletter\">inscrivez-vous \u00e0 notre newsletter<\/a> et recevez chaque dimanche un mail avec nos citations.<\/p>\n<p>\u00a0<\/p>\n<h2><a href=\"https:\/\/histoire-en-citations.fr\/WP\/lamartine-voltaire-quel-que-soit-le-nom-dont-on-le-nomme#cit-1230\">1. Voltaire<\/a><\/h2>\n<p><a href=\"https:\/\/histoire-en-citations.fr\/WP\/lamartine-voltaire-quel-que-soit-le-nom-dont-on-le-nomme#cit-1230\"><img fetchpriority=\"high\" decoding=\"async\" title=\"Voltaire et Rousseau\" src=\"https:\/\/histoire-en-citations.fr\/WP\/wp-content\/uploads\/2025\/06\/florilege1aout.jpg\" alt=\"Voltaire et Rousseau\" width=\"700\" height=\"350\"><\/a><\/p>\n<p>\u00a0<\/p>\n<h2><a href=\"https:\/\/histoire-en-citations.fr\/WP\/voltaire-si-dieu-n-existait-pas-il-faudrait#cit-1129\"> 2. Voltaire<\/a><\/h2>\n<p><a href=\"https:\/\/histoire-en-citations.fr\/WP\/voltaire-si-dieu-n-existait-pas-il-faudrait#cit-1129\"><img decoding=\"async\" title=\"Voltaire et Dieu\" src=\"https:\/\/histoire-en-citations.fr\/WP\/wp-content\/uploads\/2025\/06\/florilege2aout.jpg\" alt=\"Voltaire et Dieu\" width=\"700\" height=\"350\"><\/a><\/p>\n<p>\u00a0<\/p>\n<h2><a href=\"https:\/\/histoire-en-citations.fr\/WP\/lamartine-voltaire-quel-que-soit-le-nom-dont-on-le-nomme#cit-1017\"> 3. Victor Hugo<\/a><\/h2>\n<p><a href=\"https:\/\/histoire-en-citations.fr\/WP\/lamartine-voltaire-quel-que-soit-le-nom-dont-on-le-nomme#cit-1017\"><img decoding=\"async\" title=\"Victor Hugo\" src=\"https:\/\/histoire-en-citations.fr\/WP\/wp-content\/uploads\/2025\/06\/florilege3aout.jpg\" alt=\"Victor Hugo\" width=\"700\" height=\"349\"><\/a><\/p>\n<p>\u00a0<\/p>\n<h2><a href=\"https:\/\/histoire-en-citations.fr\/WP\/mauriac-il-ne-faut-pas-beaucoup-de-mitraillettes\">4. Fran\u00e7ois Mauriac<\/a><\/h2>\n<p><a href=\"https:\/\/histoire-en-citations.fr\/WP\/mauriac-il-ne-faut-pas-beaucoup-de-mitraillettes\"><img loading=\"lazy\" decoding=\"async\" title=\"Mauriac\" src=\"https:\/\/histoire-en-citations.fr\/WP\/wp-content\/uploads\/2025\/06\/florilege4aout.jpg\" alt=\"Mauriac\" width=\"700\" height=\"350\"><\/a><\/p>\n<p>\u00a0<\/p>\n<h2><a href=\"https:\/\/histoire-en-citations.fr\/WP\/marie-antoinette-nous-avons-plus-grand-besoin-d-un-vaisseau-que#cit-2516\">5. Jules M\u00e9line<\/a><\/h2>\n<p><a href=\"https:\/\/histoire-en-citations.fr\/WP\/marie-antoinette-nous-avons-plus-grand-besoin-d-un-vaisseau-que#cit-2516\"><img loading=\"lazy\" decoding=\"async\" title=\"Jules M\u00e9line\" src=\"https:\/\/histoire-en-citations.fr\/WP\/wp-content\/uploads\/2025\/06\/florilege5aout.jpg\" alt=\"Jules M\u00e9line\" width=\"700\" height=\"350\"><\/a><\/p>\n<p>\u00a0<\/p>\n<p style=\"margin-bottom: 0cm;\"><a href=\"http:\/\/www.histoire-en-citations.fr\/boutique\/volume-4\"><img loading=\"lazy\" decoding=\"async\" style=\"float: left; margin-left: 10px; margin-right: 10px;\" title=\"Si\u00e8cle des Lumi\u00e8res\" src=\"https:\/\/histoire-en-citations.fr\/WP\/wp-content\/uploads\/2025\/06\/mini4-32.jpg\" alt=\"Si\u00e8cle des Lumi\u00e8res\" width=\"150\" height=\"201\"><\/a>Vous avez aim\u00e9 notre portrait de Voltaire en citations\u00a0? Alors vous allez adorer <a href=\"http:\/\/www.histoire-en-citations.fr\/boutique\/volume-4\">notre livre \u00e9lectronique sur le si\u00e8cle des Lumi\u00e8res<\/a>.<\/p>\n<p>Vous y retrouverez Voltaire, mais aussi Diderot, Montesquieu, Rousseau, et beaucoup d\u2019autres\u00a0!<\/p>\n<p>Un livre \u00e9lectronique de 130 pages qui contient 315 citations et tous nos commentaires, pour seulement 4 \u20ac. \u00c0 lire sur tablette, ordinateur, smartphone, ou \u00e0 imprimer.<\/p>\n<p>Pr\u00e9sentation\u00a0: \u00ab\u00a0<em>Pour l\u2019heure, le si\u00e8cle des Lumi\u00e8res est \u00e0 l\u2019image du <span class=\"caps\">XVIII<\/span>e fran\u00e7ais, qui \u00e9claire l\u2019Europe. Les m\u0153urs sont libres \u2013 comme jamais avant ni apr\u00e8s. Les philosophes brillent en soci\u00e9t\u00e9\u00a0: Montesquieu, Voltaire, Rousseau, Diderot et l\u2019Encyclop\u00e9die. Les salons diffusent la bonne parole, la th\u00e9\u00e2tromanie fait fureur. C\u2019est encore l\u2019Ancien R\u00e9gime et sa douceur de vivre, pour les privil\u00e9gi\u00e9s. Mais le r\u00e9gime est \u00e9branl\u00e9 d\u2019autant plus qu\u2019il r\u00e9siste \u00e0 toute r\u00e9forme. <\/em>\u00a0\u00bb<\/p>\n<p><span style=\"border-radius: 2px; text-indent: 20px; width: auto; padding: 0px 4px 0px 0px; text-align: center; font: bold 11px\/20px 'Helvetica Neue',Helvetica,sans-serif; color: #ffffff; position: absolute; opacity: 1; z-index: 8675309; cursor: pointer; top: 185px; left: 18px;\">Enregistrer<\/span><\/p>\n<\/div>\n<style>\r\n        a .cit-num {\r\n            text-decoration: none !important;\r\n            color: inherit !important;\r\n        }\r\n    <\/style>","protected":false},"excerpt":{"rendered":"<p>\u00a0 D\u00e9couvrez les 5 citations qui ont remport\u00e9 le plus de succ\u00e8s cette semaine sur les r\u00e9seaux sociaux (Facebook et twitter). Pour n&#8217;en rater aucune, inscrivez-vous \u00e0 notre newsletter et recevez chaque dimanche un mail avec nos citations. \u00a0 1. Voltaire \u00a0 2. Voltaire \u00a0 3. Victor Hugo \u00a0 4. Fran\u00e7ois Mauriac \u00a0 5. Jules [&#8230;]<\/p>\n","protected":false},"author":1,"featured_media":0,"comment_status":"open","ping_status":"open","sticky":false,"template":"","format":"standard","meta":{"site-sidebar-layout":"default","site-content-layout":"","ast-site-content-layout":"default","site-content-style":"default","site-sidebar-style":"default","ast-global-header-display":"","ast-banner-title-visibility":"","ast-main-header-display":"","ast-hfb-above-header-display":"","ast-hfb-below-header-display":"","ast-hfb-mobile-header-display":"","site-post-title":"","ast-breadcrumbs-content":"","ast-featured-img":"","footer-sml-layout":"","theme-transparent-header-meta":"","adv-header-id-meta":"","stick-header-meta":"","header-above-stick-meta":"","header-main-stick-meta":"","header-below-stick-meta":"","astra-migrate-meta-layouts":"default","ast-page-background-enabled":"default","ast-page-background-meta":{"desktop":{"background-color":"var(--ast-global-color-5)","background-image":"","background-repeat":"repeat","background-position":"center center","background-size":"auto","background-attachment":"scroll","background-type":"","background-media":"","overlay-type":"","overlay-color":"","overlay-opacity":"","overlay-gradient":""},"tablet":{"background-color":"","background-image":"","background-repeat":"repeat","background-position":"center center","background-size":"auto","background-attachment":"scroll","background-type":"","background-media":"","overlay-type":"","overlay-color":"","overlay-opacity":"","overlay-gradient":""},"mobile":{"background-color":"","background-image":"","background-repeat":"repeat","background-position":"center center","background-size":"auto","background-attachment":"scroll","background-type":"","background-media":"","overlay-type":"","overlay-color":"","overlay-opacity":"","overlay-gradient":""}},"ast-content-background-meta":{"desktop":{"background-color":"var(--ast-global-color-4)","background-image":"","background-repeat":"repeat","background-position":"center center","background-size":"auto","background-attachment":"scroll","background-type":"","background-media":"","overlay-type":"","overlay-color":"","overlay-opacity":"","overlay-gradient":""},"tablet":{"background-color":"var(--ast-global-color-4)","background-image":"","background-repeat":"repeat","background-position":"center center","background-size":"auto","background-attachment":"scroll","background-type":"","background-media":"","overlay-type":"","overlay-color":"","overlay-opacity":"","overlay-gradient":""},"mobile":{"background-color":"var(--ast-global-color-4)","background-image":"","background-repeat":"repeat","background-position":"center center","background-size":"auto","background-attachment":"scroll","background-type":"","background-media":"","overlay-type":"","overlay-color":"","overlay-opacity":"","overlay-gradient":""}},"iawp_total_views":4,"footnotes":""},"categories":[6],"tags":[],"class_list":["post-3599","post","type-post","status-publish","format-standard","hentry","category-citations-preferees"],"_links":{"self":[{"href":"https:\/\/histoire-en-citations.fr\/WP\/wp-json\/wp\/v2\/posts\/3599","targetHints":{"allow":["GET"]}}],"collection":[{"href":"https:\/\/histoire-en-citations.fr\/WP\/wp-json\/wp\/v2\/posts"}],"about":[{"href":"https:\/\/histoire-en-citations.fr\/WP\/wp-json\/wp\/v2\/types\/post"}],"author":[{"embeddable":true,"href":"https:\/\/histoire-en-citations.fr\/WP\/wp-json\/wp\/v2\/users\/1"}],"replies":[{"embeddable":true,"href":"https:\/\/histoire-en-citations.fr\/WP\/wp-json\/wp\/v2\/comments?post=3599"}],"version-history":[{"count":2,"href":"https:\/\/histoire-en-citations.fr\/WP\/wp-json\/wp\/v2\/posts\/3599\/revisions"}],"predecessor-version":[{"id":3607,"href":"https:\/\/histoire-en-citations.fr\/WP\/wp-json\/wp\/v2\/posts\/3599\/revisions\/3607"}],"wp:attachment":[{"href":"https:\/\/histoire-en-citations.fr\/WP\/wp-json\/wp\/v2\/media?parent=3599"}],"wp:term":[{"taxonomy":"category","embeddable":true,"href":"https:\/\/histoire-en-citations.fr\/WP\/wp-json\/wp\/v2\/categories?post=3599"},{"taxonomy":"post_tag","embeddable":true,"href":"https:\/\/histoire-en-citations.fr\/WP\/wp-json\/wp\/v2\/tags?post=3599"}],"curies":[{"name":"wp","href":"https:\/\/api.w.org\/{rel}","templated":true}]}}