{"id":3614,"date":"2016-08-24T00:00:00","date_gmt":"2016-08-23T22:00:00","guid":{"rendered":"https:\/\/histoire-en-citations.fr\/WP\/2025\/06\/19\/charles-ix-la-messe-ou-la-mort\/"},"modified":"2025-07-19T09:15:57","modified_gmt":"2025-07-19T07:15:57","slug":"charles-ix-la-messe-ou-la-mort","status":"publish","type":"post","link":"https:\/\/histoire-en-citations.fr\/WP\/charles-ix-la-messe-ou-la-mort\/","title":{"rendered":"Charles IX : \u00ab La messe ou la mort. \u00bb"},"content":{"rendered":"<div class=\"field-item even\">\n<p>\u00a0<\/p>\n<p>3. Le lendemain \u00e0 Paris. Le massacre continue\u2026 et va se prolonger les semaines qui suivent en de nombreuses r\u00e9gions, la haine r\u00e9pondant toujours \u00e0 la haine entre les deux partis, catholiques et protestants, le peuple devenant tour \u00e0 tour acteur et victime des tueries.<\/p>\n<blockquote>\n<p class=\"citation\"><span class=\"enonce\">\u00ab\u00a0La messe ou la mort.\u00a0\u00bb<span id=\"530\" class=\"cit-num\">530<\/span><\/span><\/p>\n<p class=\"auteur\"><span data-href=\"\/auteurs\/charles-ix\"><span class=\"author\"><span class=\"name\"><span class=\"caps\">CHARLES<\/span>\u00a0<span class=\"caps\">IX<\/span><\/span><\/span><\/span> (1550-1574), \u00e0 Cond\u00e9, le 24\u00a0ao\u00fbt 1572<\/p>\n<p class=\"source\"><cite>Pr\u00e9cis de l\u2019histoire de France jusqu\u2019\u00e0 la R\u00e9volution fran\u00e7aise<\/cite> (1833), Jules Michelet.<\/p>\n<\/blockquote>\n<p>Encore un mot qui va trouver \u00e9cho au fil des \u00e9v\u00e9nements qui se pr\u00e9cipitent\u00a0!<\/p>\n<p>Henri\u00a0Ier de Bourbon-Cond\u00e9 a fait alliance avec son cousin Henri de Navarre, devenant l\u2019un des chefs protestants les plus actifs. Il est men\u00e9 devant le roi qui jure \u00ab\u00a0par la mort Dieu\u00a0\u00bb\u00a0: il n\u2019h\u00e9sitera pas \u00e0 faire tomber sa t\u00eate, s\u2019il ne se convertit pas. \u00ab\u00a0Je te donne trois jours pour changer d\u2019avis [\u2026] Trois jours, apr\u00e8s quoi il faudra choisir\u00a0: la messe ou la mort.\u00a0\u00bb<\/p>\n<p>Henri\u00a0de Cond\u00e9 va abjurer, comme Henri de Navarre, le futur Henri\u00a0<span class=\"caps\">IV<\/span>, et pour la m\u00eame raison. La vie vaut bien une messe\u00a0! Mais ce genre de conversion sous la contrainte vaut peu et ne dure pas.<\/p>\n<p>\u00ab\u00a0La messe ou la mort\u00a0\u00bb va devenir un mot d\u2019ordre, la formule d\u2019un exorcisme collectif, dans Paris o\u00f9 chaque Parisien se croit d\u00e9positaire de la <a href=\"https:\/\/histoire-en-citations.fr\/WP\/les-royaumes-sans-la-justice-ne-sont-que-des\">justice<\/a> divine, devant chaque huguenot fatalement coupable d\u2019h\u00e9r\u00e9sie et tra\u00eetre au roi.<\/p>\n<blockquote>\n<p class=\"citation-small\">\u00ab\u00a0Saignez, saignez, la saign\u00e9e est aussi bonne au mois d\u2019ao\u00fbt qu\u2019au mois de mai\u00a0!\u00a0\u00bb<span id=\"527\" class=\"cit-num\">527<\/span><\/p>\n<p class=\"auteur\">Mar\u00e9chal de <span class=\"caps\">TAVANNES<\/span> (1509-1573), 24\u00a0ao\u00fbt 1572<\/p>\n<\/blockquote>\n<p>Ancien page de Fran\u00e7ois\u00a0Ier, gouverneur de Bourgogne o\u00f9 il se distingua par son fanatisme contre les r\u00e9form\u00e9s, il excite ses soldats au massacre de la Saint-Barth\u00e9lemy, appel\u00e9 la boucherie de Paris.<\/p>\n<p>Selon le journal d\u2019un bourgeois de Strasbourg, pr\u00e9sent le 24\u00a0ao\u00fbt\u00a0: \u00ab\u00a0Il n\u2019y avait point de ruelle dans Paris, quelque petite qu\u2019elle f\u00fbt, o\u00f9 l\u2019on n\u2019en ait assassin\u00e9 quelques-uns\u2026 Le sang coulait dans les rues comme s\u2019il avait beaucoup plu.\u00a0\u00bb Et l\u2019historien <a href=\"https:\/\/histoire-en-citations.fr\/WP\/jules-michelet-par-devant-l-europe-la-france\">Michelet<\/a> \u00e9voque cette f\u00e9roce jouissance \u00e0 tuer.<\/p>\n<p>Le livre de comptes de l\u2019H\u00f4tel de Ville de Paris inscrit 1\u00a0100 s\u00e9pultures, l\u2019historien contemporain Jacques Auguste de Thou \u00e9crit\u00a0: 30\u00a0000 morts. Entre les deux, 4\u00a0000 morts est un bilan vraisemblable.<\/p>\n<blockquote>\n<p class=\"citation-small\">\u00ab\u00a0Les Parisiens se mettent au pillage avec une extraordinaire avidit\u00e9\u00a0: bien des gens ne s\u2019\u00e9taient jamais imagin\u00e9 qu\u2019ils pourraient poss\u00e9der un jour les chevaux et l\u2019argenterie qu\u2019ils ont ce soir dans les mains.\u00a0\u00bb<span id=\"528\" class=\"cit-num\">528<\/span><\/p>\n<p class=\"auteur\">Antonio Maria <span class=\"caps\">SALVIATI<\/span> (1537-1602), nonce apostolique, lettre au pape Gr\u00e9goire <span class=\"caps\">XIII<\/span><\/p>\n<p class=\"source\"><em>Correspondance du nonce en France, Antonio Maria Salviati\u00a0: 1572-1578<\/em> (1975)<\/p>\n<\/blockquote>\n<p>Salviati est Florentin et cousin de Catherine de M\u00e9dicis. Il a intrigu\u00e9, pour se faire envoyer \u00e0 la cour de France. Arriver en cette ann\u00e9e 1572 fait de lui un t\u00e9moin privil\u00e9gi\u00e9 d\u2019une page d\u2019histoire qui concerne par ailleurs le pape, m\u00eame si le Saint-Si\u00e8ge n\u2019est pour rien dans le massacre\u00a0des protestants\u00a0! La correspondance de Salviati est un mod\u00e8le d\u2019ordre et de r\u00e9gularit\u00e9. Une source pr\u00e9cieuse pour les historiens, avec une partialit\u00e9 somme toute logique en faveur des catholiques.<\/p>\n<p>Par ordre du <a href=\"https:\/\/histoire-en-citations.fr\/WP\/adolphe-thiers-la-republique-est-le-gouvernement-qui-nous-divise-le-moins\">gouvernement<\/a>, la tuerie va s\u2019\u00e9tendre \u00e0 tout le royaume.<\/p>\n<blockquote>\n<p class=\"citation-small\">\u00ab\u00a0La haine et le fanatisme ne trouveront pas d\u2019obstacle aupr\u00e8s de moi. Dieu seul est ma d\u00e9fense\u00a0!\u00a0\u00bb<span id=\"531\" class=\"cit-num\">531<\/span><\/p>\n<p class=\"auteur\">Michel de L\u2019<span class=\"caps\">HOSPITAL<\/span> (vers 1504-1573)<\/p>\n<p class=\"source\"><em>\u0152uvres compl\u00e8tes de Michel de L\u2019Hospital, chancelier de France<\/em> (1824)<\/p>\n<\/blockquote>\n<p>Apr\u00e8s l\u2019\u00e9chec de sa politique de conciliation aupr\u00e8s de la r\u00e9gente, Catherine de M\u00e9dicis, l\u2019ancien chancelier vit retir\u00e9 dans ses terres \u00e0 Vignay (en \u00cele-de-France).<\/p>\n<p>Il a ouvert les portes de son ch\u00e2teau \u00e0 une foule survolt\u00e9e. Assi\u00e9g\u00e9 par des catholiques fanatiques, il refuse de se d\u00e9fendre par la force\u00a0et manque d\u2019\u00eatre une des victimes de la Saint-Barth\u00e9lemy, qui d\u00e9g\u00e9n\u00e8re en nouvelle <a href=\"https:\/\/histoire-en-citations.fr\/WP\/fenelon-toutes-les-guerres-sont-civiles\">guerre civile<\/a>.<\/p>\n<p><span style=\"text-decoration: underline\">Notre s\u00e9rie de citations (sanglantes) sur la Saint-Barth\u00e9lemy\u00a0:<\/span><\/p>\n<ul>\n<li><a href=\"https:\/\/histoire-en-citations.fr\/WP\/michel-de-l-hospital-qu-y-a-t-il-besoin-de-tant-de-buchers\">Michel de <span class=\"caps\">L\u2019H<\/span>ospital\u00a0:<\/a> \u00ab\u00a0Qu\u2019y a-t-il besoin de tant de b\u00fbchers et de tortures\u00a0?\u00a0\u00bb<\/li>\n<li><a href=\"https:\/\/histoire-en-citations.fr\/WP\/tuez-les-mais-tuez-les-tous-pour-qu-il-n-en\">Charles <span class=\"caps\">IX<\/span>\u00a0:<\/a> \u00ab\u00a0Tuez-les, mais tuez-les tous\u2026\u00a0\u00bb<\/li>\n<li><a href=\"https:\/\/histoire-en-citations.fr\/WP\/catherine-de-medicis-il-valait-mieux-que-cela-tombat-sur-eux\">Catherine de M\u00e9dicis\u00a0:<\/a> \u00ab\u00a0Il valait mieux que cela tomb\u00e2t sur eux que sur nous.\u00a0\u00bb<\/li>\n<li><a href=\"https:\/\/histoire-en-citations.fr\/WP\/michel-de-l-hospital-perisse-le-souvenir-de-ce-jour\">Michel de l\u2019Hospital\u00a0:<\/a> \u00ab\u00a0P\u00e9risse le souvenir de ce jour\u00a0!\u00a0\u00bb<\/li>\n<li>Notre <a href=\"http:\/\/www.histoire-en-citations.fr\/boutique\/volume-2\">Chronique de citations<\/a> sur les guerres de Religion<\/li>\n<\/ul>\n<p><a href=\"http:\/\/www.histoire-en-citations.fr\/boutique\/volume-2\" target=\"_blank\"><img decoding=\"async\" src=\"https:\/\/histoire-en-citations.fr\/WP\/wp-content\/uploads\/2025\/06\/renaissanceguerresdereligion_1-2.jpg\" alt=\"Renaissance et guerres de Religion, Naissance de la monarchie absolue\" title=\"Renaissance et guerres de Religion, Naissance de la monarchie absolue\" style=\"float: left;margin-left: 10px;margin-right: 10px\" width=\"150\" height=\"199\"><\/a><\/p>\n<p>\u00a0<\/p>\n<p><a href=\"http:\/\/www.histoire-en-citations.fr\/feuilletage\/02\" target=\"_blank\">Feuilletez les 20 premi\u00e8res pages de notre livre \u00e9lectronique<\/a><\/p>\n<p>\u00c0 ce rythme \u2013 4 citations par jour \u2013 les 10 Chroniques de l\u2019Histoire en citations sont \u00e0 vous dans trois ans. Encore trois ans et vous aurez aussi le Dictionnaire. Mais que de temps perdu\u00a0!<\/p>\n<p><a href=\"http:\/\/www.histoire-en-citations.fr\/boutique\/volume-2\">Faites un tour dans la Boutique<\/a>, feuilletez les 20 premi\u00e8res pages de chaque volume et voyez si \u00e7a vaut le co\u00fbt (4 \u20ac le volume).<\/p>\n<p>\u00a0<\/p>\n<p><span style=\"border-radius: 2px;text-indent: 20px;width: auto;padding: 0px 4px 0px 0px;text-align: center;font: bold 11px\/20px 'Helvetica Neue',Helvetica,sans-serif;color: #ffffff;position: absolute;opacity: 1;z-index: 8675309;cursor: pointer\">Enregistrer<\/span><\/p>\n<p><span style=\"border-radius: 2px;text-indent: 20px;width: auto;padding: 0px 4px 0px 0px;text-align: center;font: bold 11px\/20px 'Helvetica Neue',Helvetica,sans-serif;color: #ffffff;position: absolute;opacity: 1;z-index: 8675309;cursor: pointer\">Enregistrer<\/span><\/p>\n<p><span style=\"border-radius: 2px;text-indent: 20px;width: auto;padding: 0px 4px 0px 0px;text-align: center;font: bold 11px\/20px 'Helvetica Neue',Helvetica,sans-serif;color: #ffffff;position: absolute;opacity: 1;z-index: 8675309;cursor: pointer\">Enregistrer<\/span><\/p>\n<\/div>\n<style>\r\n        a .cit-num {\r\n            text-decoration: none !important;\r\n            color: inherit !important;\r\n        }\r\n    <\/style>","protected":false},"excerpt":{"rendered":"<p>\u00a0 3. Le lendemain \u00e0 Paris. Le massacre continue&#8230; et va se prolonger les semaines qui suivent en de nombreuses r\u00e9gions, la haine r\u00e9pondant toujours \u00e0 la haine entre les deux partis, catholiques et protestants, le peuple devenant tour \u00e0 tour acteur et victime des tueries. \u00ab\u00a0La messe ou la mort.\u00a0\u00bb530 CHARLES\u00a0IX (1550-1574), \u00e0 Cond\u00e9, [&#8230;]<\/p>\n","protected":false},"author":1,"featured_media":11039,"comment_status":"open","ping_status":"open","sticky":false,"template":"","format":"standard","meta":{"site-sidebar-layout":"default","site-content-layout":"","ast-site-content-layout":"default","site-content-style":"default","site-sidebar-style":"default","ast-global-header-display":"","ast-banner-title-visibility":"","ast-main-header-display":"","ast-hfb-above-header-display":"","ast-hfb-below-header-display":"","ast-hfb-mobile-header-display":"","site-post-title":"","ast-breadcrumbs-content":"","ast-featured-img":"","footer-sml-layout":"","theme-transparent-header-meta":"","adv-header-id-meta":"","stick-header-meta":"","header-above-stick-meta":"","header-main-stick-meta":"","header-below-stick-meta":"","astra-migrate-meta-layouts":"default","ast-page-background-enabled":"default","ast-page-background-meta":{"desktop":{"background-color":"var(--ast-global-color-5)","background-image":"","background-repeat":"repeat","background-position":"center center","background-size":"auto","background-attachment":"scroll","background-type":"","background-media":"","overlay-type":"","overlay-color":"","overlay-opacity":"","overlay-gradient":""},"tablet":{"background-color":"","background-image":"","background-repeat":"repeat","background-position":"center center","background-size":"auto","background-attachment":"scroll","background-type":"","background-media":"","overlay-type":"","overlay-color":"","overlay-opacity":"","overlay-gradient":""},"mobile":{"background-color":"","background-image":"","background-repeat":"repeat","background-position":"center center","background-size":"auto","background-attachment":"scroll","background-type":"","background-media":"","overlay-type":"","overlay-color":"","overlay-opacity":"","overlay-gradient":""}},"ast-content-background-meta":{"desktop":{"background-color":"var(--ast-global-color-4)","background-image":"","background-repeat":"repeat","background-position":"center center","background-size":"auto","background-attachment":"scroll","background-type":"","background-media":"","overlay-type":"","overlay-color":"","overlay-opacity":"","overlay-gradient":""},"tablet":{"background-color":"var(--ast-global-color-4)","background-image":"","background-repeat":"repeat","background-position":"center center","background-size":"auto","background-attachment":"scroll","background-type":"","background-media":"","overlay-type":"","overlay-color":"","overlay-opacity":"","overlay-gradient":""},"mobile":{"background-color":"var(--ast-global-color-4)","background-image":"","background-repeat":"repeat","background-position":"center center","background-size":"auto","background-attachment":"scroll","background-type":"","background-media":"","overlay-type":"","overlay-color":"","overlay-opacity":"","overlay-gradient":""}},"iawp_total_views":33,"footnotes":""},"categories":[1699],"tags":[],"class_list":["post-3614","post","type-post","status-publish","format-standard","has-post-thumbnail","hentry","category-charles-ix-chronique-citation-du-jour-messe-mort-ou-renaissance-et-guerres-de-religion"],"_links":{"self":[{"href":"https:\/\/histoire-en-citations.fr\/WP\/wp-json\/wp\/v2\/posts\/3614","targetHints":{"allow":["GET"]}}],"collection":[{"href":"https:\/\/histoire-en-citations.fr\/WP\/wp-json\/wp\/v2\/posts"}],"about":[{"href":"https:\/\/histoire-en-citations.fr\/WP\/wp-json\/wp\/v2\/types\/post"}],"author":[{"embeddable":true,"href":"https:\/\/histoire-en-citations.fr\/WP\/wp-json\/wp\/v2\/users\/1"}],"replies":[{"embeddable":true,"href":"https:\/\/histoire-en-citations.fr\/WP\/wp-json\/wp\/v2\/comments?post=3614"}],"version-history":[{"count":1,"href":"https:\/\/histoire-en-citations.fr\/WP\/wp-json\/wp\/v2\/posts\/3614\/revisions"}],"predecessor-version":[{"id":3616,"href":"https:\/\/histoire-en-citations.fr\/WP\/wp-json\/wp\/v2\/posts\/3614\/revisions\/3616"}],"wp:featuredmedia":[{"embeddable":true,"href":"https:\/\/histoire-en-citations.fr\/WP\/wp-json\/wp\/v2\/media\/11039"}],"wp:attachment":[{"href":"https:\/\/histoire-en-citations.fr\/WP\/wp-json\/wp\/v2\/media?parent=3614"}],"wp:term":[{"taxonomy":"category","embeddable":true,"href":"https:\/\/histoire-en-citations.fr\/WP\/wp-json\/wp\/v2\/categories?post=3614"},{"taxonomy":"post_tag","embeddable":true,"href":"https:\/\/histoire-en-citations.fr\/WP\/wp-json\/wp\/v2\/tags?post=3614"}],"curies":[{"name":"wp","href":"https:\/\/api.w.org\/{rel}","templated":true}]}}