{"id":3876,"date":"2016-10-16T00:00:00","date_gmt":"2016-10-15T22:00:00","guid":{"rendered":"https:\/\/histoire-en-citations.fr\/WP\/2025\/06\/20\/ils-nauraient-pas-du-le-dire\/"},"modified":"2025-07-19T09:16:03","modified_gmt":"2025-07-19T07:16:03","slug":"ils-nauraient-pas-du-le-dire","status":"publish","type":"post","link":"https:\/\/histoire-en-citations.fr\/WP\/ils-nauraient-pas-du-le-dire\/","title":{"rendered":"Ils n\u2019auraient pas d\u00fb le dire !"},"content":{"rendered":"<div class=\"field-item even\">\n<p>\u00a0<\/p>\n<p>\u00ab\u00a0Ils n\u2019auraient pas d\u00fb le dire\u00a0!\u00a0\u00bb Dans notre Histoire en citations, une centaine rel\u00e8vent de cette cat\u00e9gorie\u00a0: mots malheureux qui compromettent la r\u00e9putation de leur auteur. Voici le \u00ab\u00a0top ten\u00a0\u00bb, pour faire \u00e9cho \u00e0 l\u2019Actu\u2026 et la relativiser.<\/p>\n<p>Pour ne rater aucune citation, <a href=\"http:\/\/www.histoire-en-citations.fr\/newsletter\">inscrivez-vous \u00e0 notre newsletter<\/a> et recevez chaque dimanche un mail r\u00e9capitulatif.<\/p>\n<p>Les citations comment\u00e9es sont \u00e0 retrouver dans nos <a href=\"http:\/\/www.histoire-en-citations.fr\/boutique\">Chroniques<\/a>, livres \u00e9lectroniques qui racontent l\u2019histoire de France de la Gaule \u00e0 nos jours, en 3\u00a0500\u00a0citations num\u00e9rot\u00e9es, sourc\u00e9es, replac\u00e9es dans leur contexte, et sign\u00e9es par pr\u00e8s de 1\u00a0200\u00a0auteurs.<\/p>\n<blockquote>\n<p class=\"citation-small\">\u00ab\u00a0Nous aurons le temps d\u2019\u00eatre humains lorsque nous serons vainqueurs.\u00a0\u00bb<span id=\"1537\" class=\"cit-num\">1537<\/span><\/p>\n<p class=\"auteur\"><span class=\"caps\">H\u00c9RAULT<\/span> de <span class=\"caps\">S\u00c9CHELLES<\/span>, Circulaire du Comit\u00e9 de salut public<\/p>\n<p class=\"source\">\u00ab\u00a0\u00c0 Carrier\u00a0\u00bb, 29\u00a0septembre 1793<\/p>\n<\/blockquote>\n<p>C\u2019est la R\u00e9volution dans toute l\u2019expression de la Terreur. Le 8 mai 1794, le Tribunal r\u00e9volutionnaire r\u00e9pond \u00e0 Lavoisier demandant un sursis \u00e0 son ex\u00e9cution, pour terminer une exp\u00e9rience\u00a0: \u00ab\u00a0La R\u00e9publique n\u2019a pas besoin de savants.\u00a0\u00bb<\/p>\n<blockquote>\n<p class=\"citation-small\">\u00ab\u00a0La R\u00e9publique n\u2019a pas besoin de savants.\u00a0\u00bb<span id=\"1587\" class=\"cit-num\">1587<\/span><\/p>\n<p class=\"auteur\">Jean-Baptiste\u00a0<span class=\"caps\">COFFINHAL<\/span>\u2013<span class=\"caps\">DUBAIL<\/span> (1754-1794), vice-pr\u00e9sident du Tribunal r\u00e9volutionnaire, \u00e0 Lavoisier, 8\u00a0mai 1794. Mot parfois attribu\u00e9 \u00e0 Ren\u00e9 Fran\u00e7ois <span class=\"caps\">DUMAS<\/span> (1753-1794), pr\u00e9sident du Tribunal, et m\u00eame \u00e0 <span class=\"caps\">FOUQUIER<\/span>\u2013<span class=\"caps\">TINVILLE<\/span> (1746-1795), accusateur public.<\/p>\n<\/blockquote>\n<p>Le condamn\u00e9 demandait qu\u2019on diff\u00e8re l\u2019ex\u00e9cution de quelques jours, le temps de terminer une exp\u00e9rience (\u2026) Lavoisier est donc condamn\u00e9 et guillotin\u00e9 le jour m\u00eame, avec 27 coll\u00e8gues de la Ferme g\u00e9n\u00e9rale. Car tel est son crime\u00a0: avoir \u00e9t\u00e9 fermier g\u00e9n\u00e9ral sous l\u2019Ancien R\u00e9gime. Mort \u00e0 51\u00a0ans, ce grand savant laisse en h\u00e9ritage les bases de la chimie moderne et une loi qui porte son nom, r\u00e9sum\u00e9e par\u00a0: \u00ab\u00a0Rien ne se perd, rien ne se cr\u00e9e.\u00a0\u00bb<\/p>\n<p>Louis de Lagrange, confr\u00e8re de Lavoisier, dira le lendemain\u00a0: \u00ab\u00a0Il ne leur a fallu qu\u2019un moment pour faire tomber cette t\u00eate, et cent ann\u00e9es peut-\u00eatre ne suffiront pas pour en produire une semblable.\u00a0\u00bb La science paie un lourd tribut \u00e0 la R\u00e9volution avec Lavoisier, guillotin\u00e9 apr\u00e8s Bailly, et Condorcet (suicid\u00e9 pour \u00e9chapper \u00e0 l\u2019\u00e9chafaud). La science est par ailleurs honor\u00e9e. \u00c0 l\u2019initiative du math\u00e9maticien Gaspard Monge, l\u2019\u00c9cole polytechnique est cr\u00e9\u00e9e le 11 mars 1794. Sa devise\u00a0: \u00ab\u00a0Pour la patrie, les sciences et la gloire.\u00a0\u00bb<\/p>\n<blockquote>\n<p class=\"citation-small\">\u00ab\u00a0Naturellement, et par une de ces lois providentielles o\u00f9 le droit et le fait se confondent, le droit de suffrage n\u2019appartient pas aux femmes. La Providence a vou\u00e9 les femmes \u00e0 l\u2019existence domestique.\u00a0\u00bb<span id=\"2124\" class=\"cit-num\">2124<\/span><\/p>\n<p class=\"auteur\"><span>Fran\u00e7ois <span class=\"caps\">GUIZOT<\/span> (1787-1874),<\/span>\u00a0<em>La D\u00e9mocratie pacifique<\/em>, 1847<\/p>\n<p class=\"source\">\u00ab\u00a0\u00c0 Carrier\u00a0\u00bb, 29\u00a0septembre 1793<\/p>\n<\/blockquote>\n<p>La misogynie est un grand classique du \u00ab\u00a0politiquement incorrect\u00a0\u00bb. <\/p>\n<p>Elle rel\u00e8ve heureusement d\u2019un certain anachronisme. Napol\u00e9on s\u2019est particuli\u00e8rement illustr\u00e9 dans le genre\u00a0: \u00ab\u00a0Les femmes sont l\u2019\u00e2me de toutes les intrigues, on devrait les rel\u00e9guer dans leur m\u00e9nage, les salons du gouvernement devraient leur \u00eatre ferm\u00e9s.\u00a0\u00bb Lettre \u00e0 son fr\u00e8re Joseph, 1795.<\/p>\n<blockquote>\n<p class=\"citation-small\">\u00ab\u00a0La R\u00e9publique a de la chance, elle peut tirer sur le peuple\u00a0!\u00a0\u00bb<span id=\"2171\" class=\"cit-num\">2171<\/span><\/p>\n<p class=\"auteur\"><span class=\"caps\">LOUIS<\/span>\u2013<span class=\"caps\">PHILIPPE<\/span>, exil\u00e9 en Angleterre apr\u00e8s la R\u00e9volution de 1848, apprenant que Cavaignac a fait tirer sur les \u00e9meutiers, 25\u00a0juin 1848<\/p>\n<\/blockquote>\n<p>M\u00eame inconscience sous la R\u00e9volution de Juillet 1830\u00a0: \u00ab\u00a0La troupe fraternise avec le peuple. \u2014 Eh bien, il faut tirer aussi sur la troupe\u00a0!\u00a0\u00bb R\u00e9ponse du prince de Polignac, chef du <a href=\"http:\/\/www.histoire-en-citations.fr\/indexation\/gouvernement-gouverner\">gouvernement<\/a>, au chef d\u2019escadron Delarue, 28\u00a0juillet\u00a01830.<\/p>\n<blockquote>\n<p class=\"citation-small\">\u00ab\u00a0Il y a aussi plusieurs sortes de Libert\u00e9. Il y a la Libert\u00e9 pour le G\u00e9nie, et il y a une libert\u00e9 tr\u00e8s restreinte pour les polissons.\u00a0\u00bb<span id=\"2272\" class=\"cit-num\">2272<\/span><\/p>\n<p class=\"auteur\">Charles <span class=\"caps\">BAUDELAIRE<\/span>, <em>Notes et Documents pour mon avocat<\/em> (1857)<\/p>\n<\/blockquote>\n<p>M\u00eame si le po\u00e8te d\u00e9plore le proc\u00e8s fait \u00e0 ses (g\u00e9niales) Fleurs du mal et la censure du Second Empire, cela reste politiquement tr\u00e8s incorrect.<\/p>\n<blockquote>\n<p class=\"citation-small\">\u00ab\u00a0Nous l\u2019acceptons le c\u0153ur l\u00e9ger.\u00a0\u00bb<span id=\"2311\" class=\"cit-num\">2311<\/span><\/p>\n<p class=\"auteur\">\u00c9mile <span class=\"caps\">OLLIVIER<\/span>, pr\u00e9sident du Conseil, le jour de la d\u00e9claration de guerre \u00e0 la Prusse, 19\u00a0juillet 1870<\/p>\n<\/blockquote>\n<p>La d\u00e9faite sera tragique, entra\u00eenant la chute du Second Empire, apr\u00e8s Sedan, d\u00e9but septembre 1870. \u00c9mile Ollivier reste \u00e0 jamais pour l\u2019histoire \u00ab\u00a0l\u2019homme au c\u0153ur l\u00e9ger\u00a0\u00bb.<\/p>\n<blockquote>\n<p class=\"citation-small\">\u00ab\u00a0Il n\u2019y a pas d\u2019affaire Dreyfus.\u00a0\u00bb<span id=\"2516\" class=\"cit-num\">2516<\/span><\/p>\n<p class=\"auteur\">Jules <span class=\"caps\">M\u00c9LINE<\/span>, pr\u00e9sident du Conseil, au vice-pr\u00e9sident du S\u00e9nat venu lui demander la r\u00e9vision du proc\u00e8s, 4\u00a0d\u00e9cembre 1897<\/p>\n<\/blockquote>\n<p>D\u00e9ni de <a href=\"http:\/\/www.histoire-en-citations.fr\/indexation\/justice\">justice<\/a> et de r\u00e9alit\u00e9\u2026 Ce sera l\u2019Affaire du si\u00e8cle, sous la <span class=\"caps\">III<\/span>e R\u00e9publique.<\/p>\n<blockquote>\n<p class=\"citation-small\">\u00ab\u00a0La v\u00e9rit\u00e9 est une, seule l\u2019erreur est multiple. Ce n\u2019est pas un hasard si la droite professe le pluralisme.\u00a0\u00bb<span id=\"2834\" class=\"cit-num\">2834<\/span><\/p>\n<p class=\"auteur\">Simone de <span class=\"caps\">BEAUVOIR<\/span> en 1955<\/p>\n<\/blockquote>\n<p>L\u2019intol\u00e9rance de la gauche et son inconditionnalit\u00e9 exprim\u00e9es une g\u00e9n\u00e9ration avant par un grand savant, Fr\u00e9d\u00e9ric Joliot-Curie\u00a0: \u00ab\u00a0Je suis communiste parce que cela me dispense de r\u00e9fl\u00e9chir.\u00a0\u00bb<\/p>\n<blockquote>\n<p class=\"citation-small\">\u00ab\u00a0La politique, ce n\u2019est pas de r\u00e9soudre les probl\u00e8mes, mais de faire taire ceux qui les posent.\u00a0\u00bb<span id=\"2875\" class=\"cit-num\">2875<\/span><\/p>\n<p class=\"auteur\">Henri <span class=\"caps\">QUEUILLE<\/span>, nouveau pr\u00e9sident du Conseil, septembre\u00a01948<\/p>\n<\/blockquote>\n<p>Triste constat, connot\u00e9 <span class=\"caps\">IV<\/span>e R\u00e9publique, mais cit\u00e9 comme un axiome qui discr\u00e9dite toujours le personnel politique.<\/p>\n<blockquote>\n<p class=\"citation-small\">\u00ab\u00a0Vous avez juridiquement tort, parce que vous \u00eates politiquement minoritaire.\u00a0\u00bb<span id=\"3219\" class=\"cit-num\">3219<\/span><\/p>\n<p class=\"auteur\">Andr\u00e9 <span class=\"caps\">LAIGNEL<\/span>, \u00e0 Jean Foyer, Assembl\u00e9e nationale, 13\u00a0octobre 1981<\/p>\n<\/blockquote>\n<p>Insolence de la gauche revenue au pouvoir et donc majoritaire, d\u00e9battant des nationalisations et se croyant tout permis, face \u00e0 un grand juriste.<\/p>\n<blockquote>\n<p class=\"citation-small\">\u00ab\u00a0Il faut d\u00e9graisser le mammouth.\u00a0\u00bb<span id=\"3344\" class=\"cit-num\">3344<\/span><\/p>\n<p class=\"auteur\">Claude <span class=\"caps\">ALL\u00c8GRE<\/span>, ministre de l\u2019\u00c9ducation nationale, 24\u00a0juin 1997<\/p>\n<\/blockquote>\n<p>D\u00e9claration pour le moins maladroite, qui met les profs (d\u2019ailleurs non vis\u00e9s) dans la rue. Il regrette le mot qui lui co\u00fbtera son poste en 2000. Un homme politique doit ma\u00eetriser son langage.<\/p>\n<p>\u00a0<\/p>\n<p><a href=\"http:\/\/www.histoire-en-citations.fr\/boutique\"><img fetchpriority=\"high\" decoding=\"async\" src=\"https:\/\/histoire-en-citations.fr\/WP\/wp-content\/uploads\/2025\/06\/renaissanceguerresdereligion_1-31.jpg\" alt=\"Renaissance et guerres de Religion, Naissance de la monarchie absolue\" title=\"Renaissance et guerres de Religion, Naissance de la monarchie absolue\" style=\"margin-left: 10px;margin-right: 10px;float: right\" width=\"250\" height=\"331\"><\/a>Vous aimez nos citations quotidiennes\u00a0? Vous allez adorer les livres \u00e9lectroniques dont elles sont tir\u00e9es.<\/p>\n<p style=\"margin-bottom: 0cm\">\u00a0Nous vous proposons de les d\u00e9couvrir, sans aucun risque. <a href=\"http:\/\/www.histoire-en-citations.fr\/boutique\">Visitez notre Boutique<\/a> et faites votre choix. <strong>Vous aurez huit jours pour r\u00e9clamer le remboursement int\u00e9gral.<\/strong><\/p>\n<p style=\"margin-bottom: 0cm\">\u00a0<\/p>\n<p style=\"margin-bottom: 0cm\">Les Chroniques, en 10 volumes, racontent l\u2019histoire de France de la Gaule \u00e0 nos jours, en 3 500 citations num\u00e9rot\u00e9es, sourc\u00e9es, replac\u00e9es dans leur contexte, et sign\u00e9es par pr\u00e8s de 1 200 auteurs. Nous sommes s\u00fbrs que vous y trouverez votre bonheur\u00a0!<\/p>\n<p style=\"margin-bottom: 0cm\">\u00a0<\/p>\n<p style=\"margin-bottom: 0cm\">Le dictionnaire, un volume de taille \u00e9gale aux 10 Chroniques, recense les 3 500 citations (avec leurs auteurs) regroup\u00e9es par mots cl\u00e9s, th\u00e8mes et expressions\u00a0: au total, quelque 6 500 entr\u00e9es.<\/p>\n<p style=\"margin-bottom: 0cm\">\u00a0<\/p>\n<p style=\"margin-bottom: 0cm\">De quoi combler les amoureux d\u2019histoire et de citations les plus exigeants.<\/p>\n<p><span style=\"border-radius: 2px;text-indent: 20px;width: auto;padding: 0px 4px 0px 0px;text-align: center;font: bold 11px\/20px 'Helvetica Neue',Helvetica,sans-serif;color: #ffffff;position: absolute;opacity: 1;z-index: 8675309;cursor: pointer\">Enregistrer<\/span><\/p>\n<\/div>\n<style>\r\n        a .cit-num {\r\n            text-decoration: none !important;\r\n            color: inherit !important;\r\n        }\r\n    <\/style>","protected":false},"excerpt":{"rendered":"<p>\u00a0 \u00ab\u00a0Ils n\u2019auraient pas d\u00fb le dire\u00a0!\u00a0\u00bb Dans notre Histoire en citations, une centaine rel\u00e8vent de cette cat\u00e9gorie\u00a0: mots malheureux qui compromettent la r\u00e9putation de leur auteur. Voici le \u00ab\u00a0top ten\u00a0\u00bb, pour faire \u00e9cho \u00e0 l\u2019Actu&#8230; et la relativiser. Pour ne rater aucune citation, inscrivez-vous \u00e0 notre newsletter et recevez chaque dimanche un mail r\u00e9capitulatif. [&#8230;]<\/p>\n","protected":false},"author":1,"featured_media":0,"comment_status":"open","ping_status":"open","sticky":false,"template":"","format":"standard","meta":{"site-sidebar-layout":"default","site-content-layout":"","ast-site-content-layout":"default","site-content-style":"default","site-sidebar-style":"default","ast-global-header-display":"","ast-banner-title-visibility":"","ast-main-header-display":"","ast-hfb-above-header-display":"","ast-hfb-below-header-display":"","ast-hfb-mobile-header-display":"","site-post-title":"","ast-breadcrumbs-content":"","ast-featured-img":"","footer-sml-layout":"","theme-transparent-header-meta":"","adv-header-id-meta":"","stick-header-meta":"","header-above-stick-meta":"","header-main-stick-meta":"","header-below-stick-meta":"","astra-migrate-meta-layouts":"default","ast-page-background-enabled":"default","ast-page-background-meta":{"desktop":{"background-color":"var(--ast-global-color-5)","background-image":"","background-repeat":"repeat","background-position":"center center","background-size":"auto","background-attachment":"scroll","background-type":"","background-media":"","overlay-type":"","overlay-color":"","overlay-opacity":"","overlay-gradient":""},"tablet":{"background-color":"","background-image":"","background-repeat":"repeat","background-position":"center center","background-size":"auto","background-attachment":"scroll","background-type":"","background-media":"","overlay-type":"","overlay-color":"","overlay-opacity":"","overlay-gradient":""},"mobile":{"background-color":"","background-image":"","background-repeat":"repeat","background-position":"center center","background-size":"auto","background-attachment":"scroll","background-type":"","background-media":"","overlay-type":"","overlay-color":"","overlay-opacity":"","overlay-gradient":""}},"ast-content-background-meta":{"desktop":{"background-color":"var(--ast-global-color-4)","background-image":"","background-repeat":"repeat","background-position":"center center","background-size":"auto","background-attachment":"scroll","background-type":"","background-media":"","overlay-type":"","overlay-color":"","overlay-opacity":"","overlay-gradient":""},"tablet":{"background-color":"var(--ast-global-color-4)","background-image":"","background-repeat":"repeat","background-position":"center center","background-size":"auto","background-attachment":"scroll","background-type":"","background-media":"","overlay-type":"","overlay-color":"","overlay-opacity":"","overlay-gradient":""},"mobile":{"background-color":"var(--ast-global-color-4)","background-image":"","background-repeat":"repeat","background-position":"center center","background-size":"auto","background-attachment":"scroll","background-type":"","background-media":"","overlay-type":"","overlay-color":"","overlay-opacity":"","overlay-gradient":""}},"iawp_total_views":42,"footnotes":""},"categories":[1739],"tags":[],"class_list":["post-3876","post","type-post","status-publish","format-standard","hentry","category-chronique-citation-du-jour-marie-jean-herault-de-sechelles-revolution"],"_links":{"self":[{"href":"https:\/\/histoire-en-citations.fr\/WP\/wp-json\/wp\/v2\/posts\/3876","targetHints":{"allow":["GET"]}}],"collection":[{"href":"https:\/\/histoire-en-citations.fr\/WP\/wp-json\/wp\/v2\/posts"}],"about":[{"href":"https:\/\/histoire-en-citations.fr\/WP\/wp-json\/wp\/v2\/types\/post"}],"author":[{"embeddable":true,"href":"https:\/\/histoire-en-citations.fr\/WP\/wp-json\/wp\/v2\/users\/1"}],"replies":[{"embeddable":true,"href":"https:\/\/histoire-en-citations.fr\/WP\/wp-json\/wp\/v2\/comments?post=3876"}],"version-history":[{"count":1,"href":"https:\/\/histoire-en-citations.fr\/WP\/wp-json\/wp\/v2\/posts\/3876\/revisions"}],"predecessor-version":[{"id":3878,"href":"https:\/\/histoire-en-citations.fr\/WP\/wp-json\/wp\/v2\/posts\/3876\/revisions\/3878"}],"wp:attachment":[{"href":"https:\/\/histoire-en-citations.fr\/WP\/wp-json\/wp\/v2\/media?parent=3876"}],"wp:term":[{"taxonomy":"category","embeddable":true,"href":"https:\/\/histoire-en-citations.fr\/WP\/wp-json\/wp\/v2\/categories?post=3876"},{"taxonomy":"post_tag","embeddable":true,"href":"https:\/\/histoire-en-citations.fr\/WP\/wp-json\/wp\/v2\/tags?post=3876"}],"curies":[{"name":"wp","href":"https:\/\/api.w.org\/{rel}","templated":true}]}}