{"id":4033,"date":"2016-11-13T00:00:00","date_gmt":"2016-11-12T23:00:00","guid":{"rendered":"https:\/\/histoire-en-citations.fr\/WP\/2025\/06\/20\/vos-citations-preferees-de-la-semaine-25\/"},"modified":"2025-07-19T09:16:06","modified_gmt":"2025-07-19T07:16:06","slug":"vos-citations-preferees-de-la-semaine-25","status":"publish","type":"post","link":"https:\/\/histoire-en-citations.fr\/WP\/vos-citations-preferees-de-la-semaine-25\/","title":{"rendered":"Vos citations pr\u00e9f\u00e9r\u00e9es de la semaine"},"content":{"rendered":"<div class=\"field-item even\">\n<h4><a href=\"http:\/\/www.histoire-en-citations.fr\/boutique\/volume-5\" target=\"_blank\" rel=\"noopener\"><img decoding=\"async\" style=\"float: left; margin-left: 10px; margin-right: 10px;\" title=\"R\u00e9volution\" src=\"https:\/\/histoire-en-citations.fr\/WP\/wp-content\/uploads\/2025\/06\/mini5-46.jpg\" alt=\"R\u00e9volution\" width=\"150\" height=\"200\"><\/a>D\u00e9couvrez les 5 citations qui ont remport\u00e9 le plus de succ\u00e8s cette semaine sur les r\u00e9seaux sociaux (<a href=\"https:\/\/www.facebook.com\/histoire.en.citations\/\">Facebook<\/a> et <a href=\"https:\/\/twitter.com\/HistoCita\">twitter<\/a>).<\/h4>\n<p>Pour ne rater aucune citation, <a href=\"http:\/\/www.histoire-en-citations.fr\/newsletter\">inscrivez-vous \u00e0 notre newsletter<\/a> et recevez chaque dimanche un mail r\u00e9capitulatif.<\/p>\n<p>Les citations comment\u00e9es sont \u00e0 retrouver dans nos <a href=\"http:\/\/www.histoire-en-citations.fr\/boutique\">Chroniques<\/a>, livres \u00e9lectroniques qui racontent l\u2019histoire de France de la Gaule \u00e0 nos jours, en 3\u00a0500\u00a0citations num\u00e9rot\u00e9es, sourc\u00e9es, replac\u00e9es dans leur contexte, et sign\u00e9es par pr\u00e8s de 1\u00a0200\u00a0auteurs.<\/p>\n<p>\u00a0<\/p>\n<h2><a href=\"https:\/\/histoire-en-citations.fr\/WP\/vergniaud-hommes-de-la-gironde-levez-vous#cit-1506\" target=\"_blank\" rel=\"noopener\">\u00a05. Fran\u00e7ois Hanriot<\/a><\/h2>\n<p>\u00a0<a href=\"https:\/\/histoire-en-citations.fr\/WP\/vergniaud-hommes-de-la-gironde-levez-vous#cit-1506\" target=\"_blank\" rel=\"noopener\"><img fetchpriority=\"high\" decoding=\"async\" title=\"Fran\u00e7ois Hanriot\" src=\"https:\/\/histoire-en-citations.fr\/WP\/wp-content\/uploads\/2025\/06\/hanriot_florilege.jpg\" alt=\"Fran\u00e7ois Hanriot\" width=\"700\" height=\"349\"><\/a><\/p>\n<p>\u00a0<\/p>\n<h2><a href=\"https:\/\/histoire-en-citations.fr\/WP\/saint-just-tout-le-monde-veut-bien-de-la-republique#cit-1576\" target=\"_blank\" rel=\"noopener\">4. Saint-Just<\/a><\/h2>\n<p><a href=\"https:\/\/histoire-en-citations.fr\/WP\/saint-just-tout-le-monde-veut-bien-de-la-republique#cit-1576\" target=\"_blank\" rel=\"noopener\"><img decoding=\"async\" title=\"Saint-Just\" src=\"https:\/\/histoire-en-citations.fr\/WP\/wp-content\/uploads\/2025\/06\/saint_just_florilege_5.jpg\" alt=\"Saint-Just\" width=\"700\" height=\"350\"><\/a><\/p>\n<p>\u00a0<\/p>\n<h2><a href=\"https:\/\/histoire-en-citations.fr\/WP\/tout-condamne-a-mort-aura-la-tete-tranchee#cit-1403\" target=\"_blank\" rel=\"noopener\">3. Joseph Ignace Guillotin<\/a><\/h2>\n<p><a href=\"https:\/\/histoire-en-citations.fr\/WP\/tout-condamne-a-mort-aura-la-tete-tranchee#cit-1403\" target=\"_blank\" rel=\"noopener\"><img loading=\"lazy\" decoding=\"async\" title=\"Joseph Ignace GUILLOTIN\" src=\"https:\/\/histoire-en-citations.fr\/WP\/wp-content\/uploads\/2025\/06\/guillotin_florilege_5.jpg\" alt=\"Joseph Ignace GUILLOTIN\" width=\"700\" height=\"349\"><\/a><\/p>\n<p>\u00a0<\/p>\n<h2><a href=\"https:\/\/histoire-en-citations.fr\/WP\/vergniaud-il-a-ete-permis-de-craindre-que-la-revolution\" target=\"_blank\" rel=\"noopener\">2. Pierre Victurnien Vergniaud<\/a><\/h2>\n<p><a href=\"https:\/\/histoire-en-citations.fr\/WP\/vergniaud-il-a-ete-permis-de-craindre-que-la-revolution\" target=\"_blank\" rel=\"noopener\"><img loading=\"lazy\" decoding=\"async\" title=\"Pierre Victurnien Vergniaud\" src=\"https:\/\/histoire-en-citations.fr\/WP\/wp-content\/uploads\/2025\/06\/vergniaud_florilege_4.jpg\" alt=\"Pierre Victurnien Vergniaud\" width=\"700\" height=\"350\"><\/a><\/p>\n<p>\u00a0<\/p>\n<h2><a href=\"https:\/\/histoire-en-citations.fr\/WP\/charlotte-corday-marat-pervertissait-la-france\" target=\"_blank\" rel=\"noopener\">1. Charlotte Corday<\/a><\/h2>\n<p><a href=\"https:\/\/histoire-en-citations.fr\/WP\/charlotte-corday-marat-pervertissait-la-france\" target=\"_blank\" rel=\"noopener\"><img loading=\"lazy\" decoding=\"async\" title=\"Charlotte Corday\" src=\"https:\/\/histoire-en-citations.fr\/WP\/wp-content\/uploads\/2025\/06\/corday_florilege_2.jpg\" alt=\"Charlotte Corday\" width=\"700\" height=\"361\"><\/a><\/p>\n<p>\u00a0<\/p>\n<p><a href=\"http:\/\/www.histoire-en-citations.fr\/boutique\"><img loading=\"lazy\" decoding=\"async\" style=\"margin-left: 10px; margin-right: 10px; float: right;\" title=\"Renaissance et guerres de Religion, Naissance de la monarchie absolue\" src=\"https:\/\/histoire-en-citations.fr\/WP\/wp-content\/uploads\/2025\/06\/renaissanceguerresdereligion_1-38.jpg\" alt=\"Renaissance et guerres de Religion, Naissance de la monarchie absolue\" width=\"250\" height=\"331\"><\/a>Vous aimez nos citations quotidiennes\u00a0? Vous allez adorer les livres \u00e9lectroniques dont elles sont tir\u00e9es.<\/p>\n<p style=\"margin-bottom: 0cm;\">\u00a0<\/p>\n<p style=\"margin-bottom: 0cm;\">Nous vous proposons de les d\u00e9couvrir, sans aucun risque. <a href=\"http:\/\/www.histoire-en-citations.fr\/boutique\">Visitez notre Boutique<\/a> et faites votre choix. <strong>Vous aurez huit jours pour r\u00e9clamer le remboursement int\u00e9gral.<\/strong><\/p>\n<p style=\"margin-bottom: 0cm;\">\u00a0<\/p>\n<p style=\"margin-bottom: 0cm;\">Les Chroniques, en 10 volumes, racontent l\u2019histoire de France de la Gaule \u00e0 nos jours, en 3 500 citations num\u00e9rot\u00e9es, sourc\u00e9es, replac\u00e9es dans leur contexte, et sign\u00e9es par pr\u00e8s de 1 200 auteurs. Nous sommes s\u00fbrs que vous y trouverez votre bonheur\u00a0!<\/p>\n<p style=\"margin-bottom: 0cm;\">\u00a0<\/p>\n<p style=\"margin-bottom: 0cm;\">Le dictionnaire, un volume de taille \u00e9gale aux 10 Chroniques, recense les 3 500 citations (avec leurs auteurs) regroup\u00e9es par mots cl\u00e9s, th\u00e8mes et expressions\u00a0: au total, quelque 6 500 entr\u00e9es.<\/p>\n<p style=\"margin-bottom: 0cm;\">\u00a0<\/p>\n<p style=\"margin-bottom: 0cm;\">De quoi combler les amoureux d\u2019histoire et de citations les plus exigeants.<\/p>\n<p>\u00a0<\/p>\n<p><span style=\"border-radius: 2px; text-indent: 20px; width: auto; padding: 0px 4px 0px 0px; text-align: center; font: bold 11px\/20px 'Helvetica Neue',Helvetica,sans-serif; color: #ffffff; position: absolute; opacity: 1; z-index: 8675309; cursor: pointer; top: 1981px; left: 18px;\">Enregistrer<\/span><\/p>\n<p><span style=\"border-radius: 2px; text-indent: 20px; width: auto; padding: 0px 4px 0px 0px; text-align: center; font: bold 11px\/20px 'Helvetica Neue',Helvetica,sans-serif; color: #ffffff; position: absolute; opacity: 1; z-index: 8675309; cursor: pointer; top: 239px; left: 22px;\">Enregistrer<\/span><\/p>\n<p><span style=\"border-radius: 2px; text-indent: 20px; width: auto; padding: 0px 4px 0px 0px; text-align: center; font: bold 11px\/20px 'Helvetica Neue',Helvetica,sans-serif; color: #ffffff; position: absolute; opacity: 1; z-index: 8675309; cursor: pointer;\">Enregistrer<\/span><\/p>\n<p><span style=\"border-radius: 2px; text-indent: 20px; width: auto; padding: 0px 4px 0px 0px; text-align: center; font: bold 11px\/20px 'Helvetica Neue',Helvetica,sans-serif; color: #ffffff; position: absolute; opacity: 1; z-index: 8675309; cursor: pointer; top: 1080px; left: 18px;\">Enregistrer<\/span><\/p>\n<\/div>\n<style>\r\n        a .cit-num {\r\n            text-decoration: none !important;\r\n            color: inherit !important;\r\n        }\r\n    <\/style>","protected":false},"excerpt":{"rendered":"<p>D\u00e9couvrez les 5 citations qui ont remport\u00e9 le plus de succ\u00e8s cette semaine sur les r\u00e9seaux sociaux (Facebook et twitter). Pour ne rater aucune citation, inscrivez-vous \u00e0 notre newsletter et recevez chaque dimanche un mail r\u00e9capitulatif. Les citations comment\u00e9es sont \u00e0 retrouver dans nos Chroniques, livres \u00e9lectroniques qui racontent l\u2019histoire de France de la Gaule [&#8230;]<\/p>\n","protected":false},"author":1,"featured_media":0,"comment_status":"open","ping_status":"open","sticky":false,"template":"","format":"standard","meta":{"site-sidebar-layout":"default","site-content-layout":"","ast-site-content-layout":"default","site-content-style":"default","site-sidebar-style":"default","ast-global-header-display":"","ast-banner-title-visibility":"","ast-main-header-display":"","ast-hfb-above-header-display":"","ast-hfb-below-header-display":"","ast-hfb-mobile-header-display":"","site-post-title":"","ast-breadcrumbs-content":"","ast-featured-img":"","footer-sml-layout":"","theme-transparent-header-meta":"","adv-header-id-meta":"","stick-header-meta":"","header-above-stick-meta":"","header-main-stick-meta":"","header-below-stick-meta":"","astra-migrate-meta-layouts":"default","ast-page-background-enabled":"default","ast-page-background-meta":{"desktop":{"background-color":"var(--ast-global-color-5)","background-image":"","background-repeat":"repeat","background-position":"center center","background-size":"auto","background-attachment":"scroll","background-type":"","background-media":"","overlay-type":"","overlay-color":"","overlay-opacity":"","overlay-gradient":""},"tablet":{"background-color":"","background-image":"","background-repeat":"repeat","background-position":"center center","background-size":"auto","background-attachment":"scroll","background-type":"","background-media":"","overlay-type":"","overlay-color":"","overlay-opacity":"","overlay-gradient":""},"mobile":{"background-color":"","background-image":"","background-repeat":"repeat","background-position":"center center","background-size":"auto","background-attachment":"scroll","background-type":"","background-media":"","overlay-type":"","overlay-color":"","overlay-opacity":"","overlay-gradient":""}},"ast-content-background-meta":{"desktop":{"background-color":"var(--ast-global-color-4)","background-image":"","background-repeat":"repeat","background-position":"center center","background-size":"auto","background-attachment":"scroll","background-type":"","background-media":"","overlay-type":"","overlay-color":"","overlay-opacity":"","overlay-gradient":""},"tablet":{"background-color":"var(--ast-global-color-4)","background-image":"","background-repeat":"repeat","background-position":"center center","background-size":"auto","background-attachment":"scroll","background-type":"","background-media":"","overlay-type":"","overlay-color":"","overlay-opacity":"","overlay-gradient":""},"mobile":{"background-color":"var(--ast-global-color-4)","background-image":"","background-repeat":"repeat","background-position":"center center","background-size":"auto","background-attachment":"scroll","background-type":"","background-media":"","overlay-type":"","overlay-color":"","overlay-opacity":"","overlay-gradient":""}},"iawp_total_views":4,"footnotes":""},"categories":[6],"tags":[],"class_list":["post-4033","post","type-post","status-publish","format-standard","hentry","category-citations-preferees"],"_links":{"self":[{"href":"https:\/\/histoire-en-citations.fr\/WP\/wp-json\/wp\/v2\/posts\/4033","targetHints":{"allow":["GET"]}}],"collection":[{"href":"https:\/\/histoire-en-citations.fr\/WP\/wp-json\/wp\/v2\/posts"}],"about":[{"href":"https:\/\/histoire-en-citations.fr\/WP\/wp-json\/wp\/v2\/types\/post"}],"author":[{"embeddable":true,"href":"https:\/\/histoire-en-citations.fr\/WP\/wp-json\/wp\/v2\/users\/1"}],"replies":[{"embeddable":true,"href":"https:\/\/histoire-en-citations.fr\/WP\/wp-json\/wp\/v2\/comments?post=4033"}],"version-history":[{"count":2,"href":"https:\/\/histoire-en-citations.fr\/WP\/wp-json\/wp\/v2\/posts\/4033\/revisions"}],"predecessor-version":[{"id":4042,"href":"https:\/\/histoire-en-citations.fr\/WP\/wp-json\/wp\/v2\/posts\/4033\/revisions\/4042"}],"wp:attachment":[{"href":"https:\/\/histoire-en-citations.fr\/WP\/wp-json\/wp\/v2\/media?parent=4033"}],"wp:term":[{"taxonomy":"category","embeddable":true,"href":"https:\/\/histoire-en-citations.fr\/WP\/wp-json\/wp\/v2\/categories?post=4033"},{"taxonomy":"post_tag","embeddable":true,"href":"https:\/\/histoire-en-citations.fr\/WP\/wp-json\/wp\/v2\/tags?post=4033"}],"curies":[{"name":"wp","href":"https:\/\/api.w.org\/{rel}","templated":true}]}}