{"id":4136,"date":"2016-12-20T00:00:00","date_gmt":"2016-12-19T23:00:00","guid":{"rendered":"https:\/\/histoire-en-citations.fr\/WP\/2025\/06\/21\/henry-vos-mains-sont-couvertes-de-sang-comme-lest-votre-robe-rouge\/"},"modified":"2025-07-19T09:16:11","modified_gmt":"2025-07-19T07:16:11","slug":"henry-vos-mains-sont-couvertes-de-sang-comme-lest-votre-robe-rouge","status":"publish","type":"post","link":"https:\/\/histoire-en-citations.fr\/WP\/henry-vos-mains-sont-couvertes-de-sang-comme-lest-votre-robe-rouge\/","title":{"rendered":"Henry : \u00ab Vos mains sont couvertes de sang. \u2014 Comme l&#039;est votre robe rouge\u00a0!\u00a0\u00bb"},"content":{"rendered":"<div class=\"field-item even\">\n<p>\u00a0<\/p>\n<p>Les anarchistes contre l\u2019\u00c9tat\u00a0: duels \u00e0 mort.<\/p>\n<p>La violence prend toutes les formes, l\u2019id\u00e9ologie a tous les visages. En Mai 68, le sang ne coulera pas\u00a0: exception bon enfant \u00e0 la r\u00e8gle. Le retour du religieux rappelle les origines de l\u2019anarchie, vue par Andr\u00e9 Malraux.<\/p>\n<blockquote>\n<p class=\"citation\"><span class=\"enonce\">\u00ab\u00a0Vos mains sont couvertes de sang. \u2014\u00a0Comme l\u2019est votre robe rouge\u00a0!\u00a0\u00bb<span id=\"2511\" class=\"cit-num\">2511<\/span><\/span><\/p>\n<p class=\"auteur\"><span data-href=\"\/auteurs\/emile-henry\"><span class=\"author\"><span class=\"surname\">\u00c9mile <\/span><span class=\"name\"><span class=\"caps\">HENRY<\/span><\/span><\/span><\/span> (1872-1894), r\u00e9pondant au pr\u00e9sident du tribunal, 27\u00a0avril 1894<\/p>\n<p class=\"source\"><cite>Historia<\/cite> (octobre\u00a01968), \u00ab\u00a0<span class=\"caps\">L\u2019\u00c8<\/span>re anarchiste\u00a0\u00bb, Maurice Duplay.<\/p>\n<\/blockquote>\n<p>Fils de bourgeois, il \u00e9pouse la cause anarchiste par id\u00e9al r\u00e9volutionnaire et veut frapper partout, parce que la bourgeoisie est partout. \u00c0 19 ans, sa bombe port\u00e9e pour examen au commissariat de police des Bons-Enfants explose\u00a0: 5 morts, le 8\u00a0novembre\u00a01892. Nouvelle bombe au caf\u00e9 Terminus de la gare Saint-Lazare\u00a0: un mort, 20 bless\u00e9s, le 12\u00a0f\u00e9vrier 1894. <\/p>\n<p>\u00c0 son proc\u00e8s, il proclame que l\u2019anarchie \u00ab\u00a0est n\u00e9e au sein d\u2019une soci\u00e9t\u00e9 pourrie qui se disloque. Elle est partout, c\u2019est ce qui la rend indomptable, et elle finira par vous vaincre et vous tuer.\u00a0\u00bb<\/p>\n<p><a href=\"https:\/\/histoire-en-citations.fr\/WP\/guillotin-medecin-politique\">Guillotin\u00e9<\/a> le 21\u00a0mai, criant \u00ab\u00a0Courage, camarades\u00a0! Vive l\u2019anarchie\u00a0!\u00a0\u00bb<\/p>\n<blockquote>\n<p class=\"citation-small\">\u00ab\u00a0Avec un geste cynique \/ Il pr\u00e9pare son poignard, <br>Puis il frappe sans retard \/ Le chef de la R\u00e9publique.\u00a0\u00bb<span id=\"2512\" class=\"cit-num\">2512<\/span><\/p>\n<p class=\"auteur\">L\u00e9o <span class=\"caps\">LELI\u00c8VRE<\/span> (1872-1956),<em> Le Crime de Lyon<\/em>, chanson<\/p>\n<\/blockquote>\n<p>Chanson \u00e9crite et interpr\u00e9t\u00e9e par le chansonnier qui relate l\u2019assassinat de Sadi Carnot. Le 24\u00a0juin, visitant l\u2019Exposition de Lyon, le pr\u00e9sident est poignard\u00e9 par Caserio, un illumin\u00e9, jeune anarchiste italien.<\/p>\n<p>Casimir-Perier remplace Carnot \u00e0 la pr\u00e9sidence. Il fait adopter la troisi\u00e8me \u00ab\u00a0loi sc\u00e9l\u00e9rate\u00a0\u00bb, vot\u00e9e le 28\u00a0juillet, interdisant tout type de propagande anarchiste. R\u00e9pression et m\u00eame pr\u00e9vention impitoyables\u00a0: l\u2019action directe sera remplac\u00e9e par l\u2019action syndicale. Les anarchistes dominent les premiers syndicats, autoris\u00e9s depuis 1884 et d\u2019autant plus violents que leurs effectifs sont modestes \u2013 les rares grands syndicats (cheminots, ouvriers du <a href=\"http:\/\/www.histoire-en-citations.fr\/indexation\/livres-livre-litterature\" class=\"broken_link\">livre<\/a>) sont plus mod\u00e9r\u00e9s. Derniers anarchistes c\u00e9l\u00e8bres en France, ceux de la bande \u00e0 Bonnot\u00a0: 20 accus\u00e9s, 4 condamn\u00e9s \u00e0 mort, ex\u00e9cut\u00e9s en 1912.<\/p>\n<blockquote>\n<p class=\"citation-small\">\u00ab\u00a0D\u2019abord faut pus d\u2019gouvernement, \/ Pis faut pus non pus d\u2019R\u00e9publique, \/ Pus d\u2019S\u00e9nat et pus d\u2019Parlement [\u2026]<br>Pus d\u2019lois, pus d\u2019arm\u00e9es, pus d\u2019\u00e9glise, \/ Faut pus d\u2019tout \u00e7a, faut pus rien\u00a0! \/ Alors c\u2019est nous qui s\u2019ra les ma\u00eetres\u2026\u00a0\u00bb<span id=\"2546\" class=\"cit-num\">2546<\/span><\/p>\n<p class=\"auteur\">Aristide <span class=\"name\">Bruant<\/span> (1851-1925), <em>Plus d\u2019patrons<\/em>, chanson<\/p>\n<\/blockquote>\n<p>Reflet d\u2019un certain climat social, \u00e0 partir de 1905\u00a0: effervescence ouvri\u00e8re et hostilit\u00e9 \u00e0 tout pouvoir. L\u2019anarchisme r\u00e9volutionnaire fait la loi dans les syndicats, autrement dit le d\u00e9sordre dans le pays\u00a0: \u00ab\u00a0C\u2019est nous qui f\u2019ra c\u2019que nous voudrons, \/ Y\u2019aura pus d\u2019chefs, pus d\u2019contrema\u00eetres, \/ Pus d\u2019directeurs et pus d\u2019patrons.\u00a0\u00bb\u00a0 S\u2019il pose la vraie question \u2013 la condition ouvri\u00e8re \u2013 il ne permet aucune solution. D\u2019o\u00f9 la r\u00e9action de <a href=\"https:\/\/histoire-en-citations.fr\/WP\/clemenceau-il-est-plus-facile-de-faire-la-guerre-que-la-paix\">Clemenceau<\/a>, \u00e0 la t\u00eate du gouvernement.<\/p>\n<blockquote>\n<p class=\"citation-small\">\u00ab\u00a0Je demande \u00e0 Paris de vomir cette p\u00e8gre qui la d\u00e9shonore [\u2026] p\u00e8gre qui sort des bas-fonds de Paris et qui est v\u00e9ritablement enrag\u00e9e, dissimul\u00e9e derri\u00e8re les \u00e9tudiants.\u00a0\u00bb<span id=\"3067\" class=\"cit-num\">3067<\/span><\/p>\n<p class=\"auteur\">Christian <span class=\"caps\">FOUCHET<\/span> (1911-1974), ministre de l\u2019Int\u00e9rieur, D\u00e9claration aux journalistes, \u00e0 l\u2019aube du 25\u00a0mai 1968<\/p>\n<\/blockquote>\n<p><a href=\"http:\/\/www.histoire-en-citations.fr\/indexation\/mai-68\">Mai 68<\/a>. Paris vit une nuit d\u2019\u00e9meutes\u00a0: mouvements extr\u00e9mistes et anarchistes rejoints par les bandes de \u00ab\u00a0loubards\u00a0\u00bb de la banlieue. Chaque groupe, lanc\u00e9 \u00e0 travers la capitale, improvise sa manif et se demande quel symbole de la soci\u00e9t\u00e9 il faut d\u2019abord d\u00e9truire. La Bourse br\u00fble. La police est tenue en \u00e9chec au Quartier latin jusqu\u2019\u00e0 5\u00a0heures. Dans la matin\u00e9e du 25\u00a0mai, le Premier ministre Pompidou \u00e9voque \u00ab\u00a0une tentative \u00e9vidente de d\u00e9clencher la guerre civile.\u00a0\u00bb<\/p>\n<p>Le pr\u00e9fet de police Grimaud fait cette analyse\u00a0: \u00ab\u00a0Du c\u00f4t\u00e9 des manifestants, ce ne sont plus les \u00e9tudiants exalt\u00e9s du 10\u00a0mai qui voulaient \u00ab\u00a0mourir sur les barricades\u00a0\u00bb et lib\u00e9rer la Sorbonne de l\u2019occupation polici\u00e8re, mais de petites troupes de gu\u00e9rilleros, tr\u00e8s mobiles, tr\u00e8s d\u00e9cid\u00e9es, rompues au harc\u00e8lement des forces de l\u2019ordre, \u00e0 l\u2019\u00e9dification rapide d\u2019obstacles, de barricades [\u2026] Ce style nouveau est le fait des mouvements extr\u00e9mistes et anarchistes et, depuis quelques jours, s\u2019y sont jointes les bandes de \u00ab\u00a0loubards\u00a0\u00bb de la banlieue.\u00a0\u00bb (<em>En mai, fais ce qu\u2019il te pla\u00eet<\/em>)<\/p>\n<blockquote>\n<p class=\"citation-small\">\u00ab\u00a0Nous allons terroriser les terroristes.\u00a0\u00bb<span id=\"3262\" class=\"cit-num\">3262<\/span><\/p>\n<p class=\"auteur\">Charles <span class=\"name\">Pasqua<\/span> (1927-2015), ministre de l\u2019Int\u00e9rieur du gouvernement Chirac, mars\u00a01986<\/p>\n<\/blockquote>\n<p>Climat de terreur \u00e0 Paris\u00a0: les attentats se multiplient. Le 7\u00a0ao\u00fbt, l\u2019Assembl\u00e9e vote les lois Pasqua, tr\u00e8s r\u00e9pressives. Mais \u00e0 la rentr\u00e9e, la vague terroriste recommence. Attentat le plus meurtrier, rue de Rennes, 7 morts, 51 bless\u00e9s.<\/p>\n<p>Entre le terrorisme anarchiste des ann\u00e9es 1892-1894 en France, le terrorisme politique du <span class=\"caps\">FLN<\/span> et de l\u2019<span class=\"caps\">OAS<\/span>, en Alg\u00e9rie comme en m\u00e9tropole, le terrorisme islamiste qui culmine le <a href=\"https:\/\/histoire-en-citations.fr\/WP\/deniau-comme-1914-a-marque-l-entree-dans-le-xxe-siecle\">11\u00a0septembre 2001<\/a>, aux \u00c9tats-Unis, la violence prend toutes les formes\u00a0: attentats, assassinats, enl\u00e8vements. Il y a des pays plus ou moins expos\u00e9s, mais aucun n\u2019est \u00e9pargn\u00e9. Il y a des \u00e9poques plus ou moins violentes, mais la m\u00e9diatisation augmente naturellement le \u00ab\u00a0climat d\u2019ins\u00e9curit\u00e9\u00a0\u00bb.<\/p>\n<blockquote>\n<p class=\"citation-small\">\u00ab\u00a0Et le Christ\u00a0? \u2014 C\u2019est un anarchiste qui a r\u00e9ussi. C\u2019est le seul.\u00a0\u00bb<span id=\"11\" class=\"cit-num\">11<\/span><\/p>\n<p class=\"auteur\">Andr\u00e9 <span class=\"caps\">MALRAUX<\/span> (1901-1976),<em> L\u2019Espoir<\/em> (1937)<\/p>\n<\/blockquote>\n<p>Sous le r\u00e8gne de Tib\u00e8re vit en Galil\u00e9e un homme dont les enseignements vont bouleverser l\u2019histoire du monde. De sa mort sur la croix va na\u00eetre une religion qui lentement s\u2019\u00e9tendra sur l\u2019Empire. Pour les Romains, les premiers chr\u00e9tiens ne sont qu\u2019une secte juive, dont le fondateur passe pour un agitateur politique. Pour les chr\u00e9tiens, il est Dieu, fils de Dieu, ce Dieu \u00e9tant un dieu unique, comme celui qu\u2019adorent les juifs. La r\u00e9ussite de l\u2019\u00ab\u00a0anarchiste\u00a0\u00bb qui termina sa vie comme un criminel mis en croix entre deux \u00ab\u00a0larrons\u00a0\u00bb est due \u00e0 ses disciples\u00a0qui feront du message de J\u00e9sus une religion \u00e0 vocation universelle.<\/p>\n<p><a href=\"http:\/\/www.histoire-en-citations.fr\/boutique\/volume-8\"><img decoding=\"async\" src=\"https:\/\/histoire-en-citations.fr\/WP\/wp-content\/uploads\/2025\/06\/mini8_0-38.jpg\" alt=\"Second Empire et Troisi\u00e8me R\u00e9publique\" title=\"Second Empire et Troisi\u00e8me R\u00e9publique\" style=\"float: left;margin-left: 10px;margin-right: 10px\" width=\"150\" height=\"199\"><\/a><\/p>\n<p>Les anarchistes et la flamb\u00e9e terroriste\u00a0: une histoire \u00e0 retrouver dans le <a href=\"http:\/\/www.histoire-en-citations.fr\/boutique\/volume-8\">tome 8 des Chroniques<\/a> de citations historiques (<a href=\"http:\/\/www.histoire-en-citations.fr\/feuilletage\/08\" target=\"_blank\">Feuilletez les 20 premi\u00e8res pages de notre livre \u00e9lectronique<\/a>).<\/p>\n<p>\u00c0 ce rythme \u2013 4 citations par jour \u2013 les 10 Chroniques de l\u2019Histoire en citations sont \u00e0 vous dans trois ans. Encore trois ans et vous aurez aussi le Dictionnaire. Mais que de temps perdu\u00a0!<\/p>\n<p><a href=\"http:\/\/www.histoire-en-citations.fr\/boutique\/volume-2\">Faites un tour dans la Boutique<\/a>, feuilletez les 20 premi\u00e8res pages de chaque volume et voyez si \u00e7a vaut le co\u00fbt (4 \u20ac seulement le volume).<\/p>\n<p>\u00a0<\/p>\n<\/div>\n<style>\r\n        a .cit-num {\r\n            text-decoration: none !important;\r\n            color: inherit !important;\r\n        }\r\n    <\/style>","protected":false},"excerpt":{"rendered":"<p>\u00a0 Les anarchistes contre l\u2019\u00c9tat\u00a0: duels \u00e0 mort. La violence prend toutes les formes, l\u2019id\u00e9ologie a tous les visages. En Mai 68, le sang ne coulera pas\u00a0: exception bon enfant \u00e0 la r\u00e8gle. Le retour du religieux rappelle les origines de l\u2019anarchie, vue par Andr\u00e9 Malraux. \u00ab\u00a0Vos mains sont couvertes de sang. \u2014\u00a0Comme l&#8217;est votre [&#8230;]<\/p>\n","protected":false},"author":1,"featured_media":0,"comment_status":"open","ping_status":"open","sticky":false,"template":"","format":"standard","meta":{"site-sidebar-layout":"default","site-content-layout":"","ast-site-content-layout":"default","site-content-style":"default","site-sidebar-style":"default","ast-global-header-display":"","ast-banner-title-visibility":"","ast-main-header-display":"","ast-hfb-above-header-display":"","ast-hfb-below-header-display":"","ast-hfb-mobile-header-display":"","site-post-title":"","ast-breadcrumbs-content":"","ast-featured-img":"","footer-sml-layout":"","theme-transparent-header-meta":"","adv-header-id-meta":"","stick-header-meta":"","header-above-stick-meta":"","header-main-stick-meta":"","header-below-stick-meta":"","astra-migrate-meta-layouts":"default","ast-page-background-enabled":"default","ast-page-background-meta":{"desktop":{"background-color":"var(--ast-global-color-5)","background-image":"","background-repeat":"repeat","background-position":"center center","background-size":"auto","background-attachment":"scroll","background-type":"","background-media":"","overlay-type":"","overlay-color":"","overlay-opacity":"","overlay-gradient":""},"tablet":{"background-color":"","background-image":"","background-repeat":"repeat","background-position":"center center","background-size":"auto","background-attachment":"scroll","background-type":"","background-media":"","overlay-type":"","overlay-color":"","overlay-opacity":"","overlay-gradient":""},"mobile":{"background-color":"","background-image":"","background-repeat":"repeat","background-position":"center center","background-size":"auto","background-attachment":"scroll","background-type":"","background-media":"","overlay-type":"","overlay-color":"","overlay-opacity":"","overlay-gradient":""}},"ast-content-background-meta":{"desktop":{"background-color":"var(--ast-global-color-4)","background-image":"","background-repeat":"repeat","background-position":"center center","background-size":"auto","background-attachment":"scroll","background-type":"","background-media":"","overlay-type":"","overlay-color":"","overlay-opacity":"","overlay-gradient":""},"tablet":{"background-color":"var(--ast-global-color-4)","background-image":"","background-repeat":"repeat","background-position":"center center","background-size":"auto","background-attachment":"scroll","background-type":"","background-media":"","overlay-type":"","overlay-color":"","overlay-opacity":"","overlay-gradient":""},"mobile":{"background-color":"var(--ast-global-color-4)","background-image":"","background-repeat":"repeat","background-position":"center center","background-size":"auto","background-attachment":"scroll","background-type":"","background-media":"","overlay-type":"","overlay-color":"","overlay-opacity":"","overlay-gradient":""}},"iawp_total_views":12,"footnotes":""},"categories":[1777],"tags":[],"class_list":["post-4136","post","type-post","status-publish","format-standard","hentry","category-chronique-citation-du-jour-emile-henry-troisieme-republique"],"_links":{"self":[{"href":"https:\/\/histoire-en-citations.fr\/WP\/wp-json\/wp\/v2\/posts\/4136","targetHints":{"allow":["GET"]}}],"collection":[{"href":"https:\/\/histoire-en-citations.fr\/WP\/wp-json\/wp\/v2\/posts"}],"about":[{"href":"https:\/\/histoire-en-citations.fr\/WP\/wp-json\/wp\/v2\/types\/post"}],"author":[{"embeddable":true,"href":"https:\/\/histoire-en-citations.fr\/WP\/wp-json\/wp\/v2\/users\/1"}],"replies":[{"embeddable":true,"href":"https:\/\/histoire-en-citations.fr\/WP\/wp-json\/wp\/v2\/comments?post=4136"}],"version-history":[{"count":1,"href":"https:\/\/histoire-en-citations.fr\/WP\/wp-json\/wp\/v2\/posts\/4136\/revisions"}],"predecessor-version":[{"id":4138,"href":"https:\/\/histoire-en-citations.fr\/WP\/wp-json\/wp\/v2\/posts\/4136\/revisions\/4138"}],"wp:attachment":[{"href":"https:\/\/histoire-en-citations.fr\/WP\/wp-json\/wp\/v2\/media?parent=4136"}],"wp:term":[{"taxonomy":"category","embeddable":true,"href":"https:\/\/histoire-en-citations.fr\/WP\/wp-json\/wp\/v2\/categories?post=4136"},{"taxonomy":"post_tag","embeddable":true,"href":"https:\/\/histoire-en-citations.fr\/WP\/wp-json\/wp\/v2\/tags?post=4136"}],"curies":[{"name":"wp","href":"https:\/\/api.w.org\/{rel}","templated":true}]}}