{"id":4647,"date":"2018-10-05T00:00:00","date_gmt":"2018-10-04T22:00:00","guid":{"rendered":"https:\/\/histoire-en-citations.fr\/WP\/?p=4647"},"modified":"2025-08-12T08:43:55","modified_gmt":"2025-08-12T06:43:55","slug":"de-gaulle-notre-constitution-est-a-la-fois-parlementaire-et-presidentielle","status":"publish","type":"post","link":"https:\/\/histoire-en-citations.fr\/WP\/de-gaulle-notre-constitution-est-a-la-fois-parlementaire-et-presidentielle\/","title":{"rendered":"De Gaulle : \u00ab Notre Constitution est \u00e0 la fois parlementaire et pr\u00e9sidentielle&#8230;\u00a0\u00bb"},"content":{"rendered":"<div class=\"field-item even\" property=\"content:encoded\">\n<p>\u00a0<\/p>\n<p>3e jour\u00a0: de Gaulle (auteur le plus cit\u00e9 de<em> l\u2019Histoire en citations<\/em>, juste apr\u00e8s <a href=\"https:\/\/histoire-en-citations.fr\/WP\/indexation\/\">Napol\u00e9on<\/a>) est appel\u00e9 comme chef du gouvernement par le pr\u00e9sident Coty \u00e0 la fin de la Quatri\u00e8me R\u00e9publique agonisante. Il obtient tout pouvoir de l\u2019Assembl\u00e9e. <\/p>\n<p>Pendant dix ans, le pr\u00e9sident s\u2019identifie au r\u00e9gime de la Cinqui\u00e8me, avec une Constitution taill\u00e9e sur mesure.<\/p>\n<blockquote>\n<p class=\"citation\"><span class=\"enonce\">\u00ab\u00a0Notre Constitution est \u00e0 la fois parlementaire et pr\u00e9sidentielle, \u00e0 la mesure de ce que nous commandent \u00e0 la fois les besoins de notre \u00e9quilibre et les traits de notre caract\u00e8re.\u00a0\u00bb<span id=\"2934\" class=\"cit-num\">2934<\/span><\/span><\/p>\n<p class=\"auteur\"><a href=\"https:\/\/histoire-en-citations.fr\/WP\/indexation-2\/\"><span data-href=\"\/auteurs\/charles-de-gaulle\"><span class=\"author\"><span class=\"surname\">Charles de <\/span><span class=\"name\"><span class=\"caps\">GAULLE<\/span><\/span><\/span><\/span><\/a> (1890-1970), Conf\u00e9rence de presse, 11\u00a0avril 1961<\/p>\n<p class=\"source\"><cite>Les Id\u00e9es constitutionnelles du g\u00e9n\u00e9ral de\u00a0Gaulle<\/cite> (1974), Jean Louis Debr\u00e9, Charles de\u00a0Gaulle.<\/p>\n<\/blockquote>\n<p>Conclusion d\u2019un discours politique qui a pour th\u00e8me la Constitution, \u00e0 qui certains reprochent de n\u2019\u00eatre ni parlementaire \u2013 type Troisi\u00e8me ou Quatri\u00e8me R\u00e9publique \u2013 ni pr\u00e9sidentielle comme aux <a href=\"https:\/\/histoire-en-citations.fr\/WP\/indexation-2\/\">\u00c9tats-Unis<\/a>.<\/p>\n<p>Le pr\u00e9sident a le pouvoir institutionnel et l\u2019autorit\u00e9 personnelle qui ont tant manqu\u00e9 aux pr\u00e9c\u00e9dentes R\u00e9publiques et qui sont indispensable pour r\u00e9gler \u00ab\u00a0les trois affaires qui dominent notre situation\u00a0: l\u2019Alg\u00e9rie, l\u2019\u00e9quilibre financier et \u00e9conomique, la r\u00e9forme de l\u2019\u00c9tat\u00a0\u00bb, dira de Gaulle en 1958. L\u2019option d\u2019une r\u00e9publique pr\u00e9sidentielle sera renforc\u00e9e en 1962 par une r\u00e9forme capitale\u00a0: l\u2019\u00e9lection du pr\u00e9sident au suffrage universel. <\/p>\n<p>Les \u00ab\u00a0lectures\u00a0\u00bb de la Constitution par les constitutionnalistes changeront avec les \u00e9v\u00e9nements, les hommes et la pratique constitutionnelle\u00a0: c\u2019est un texte parfaitement adapt\u00e9 et adaptable aux circonstances et cette souplesse fera sa force.<\/p>\n<p class=\"panneau\">Toutes les citations qui suivent <br>sont comment\u00e9es dans nos <a href=\"https:\/\/histoire-en-citations.fr\/WP\/boutique\/\">Chroniques.<\/a><\/p>\n<blockquote>\n<p class=\"citation-small\">\u00ab\u00a0Notre syst\u00e8me, pr\u00e9cis\u00e9ment parce qu\u2019il est b\u00e2tard, est peut-\u00eatre plus souple qu\u2019un syst\u00e8me logique. Les \u00ab\u00a0corniauds\u00a0\u00bb sont souvent plus intelligents que les chiens de race.\u00a0\u00bb<span id=\"2935\" class=\"cit-num\">2935<\/span><\/p>\n<p class=\"auteur\"><span class=\"caps\">POMPIDOU<\/span>, <em>Le N\u0153ud gordien<\/em> (1974)<\/p>\n<\/blockquote>\n<p>T\u00e9moignage de pr\u00e9sident, auparavant Premier ministre de De Gaulle durant six ans, et parole proph\u00e9tique de la cohabitation qui permet la coexistence entre un pr\u00e9sident et un Premier ministre politiquement antagonistes.<\/p>\n<blockquote>\n<p class=\"citation-small\">\u00ab\u00a0Un des caract\u00e8res essentiels de la Constitution de la Ve\u00a0R\u00e9publique, c\u2019est qu\u2019elle donne une t\u00eate \u00e0 l\u2019\u00c9tat.\u00a0\u00bb<span id=\"2932\" class=\"cit-num\">2932<\/span><\/p>\n<p class=\"auteur\"><a href=\"https:\/\/histoire-en-citations.fr\/WP\/indexation-2\/\">De <span class=\"caps\">GAULLE<\/span><\/a>, Conf\u00e9rence de presse, 20\u00a0septembre 1962<\/p>\n<\/blockquote>\n<p>Cela confirme le caract\u00e8re pr\u00e9sidentiel du r\u00e9gime. Ajoutons la quasi-identification entre cette R\u00e9publique et cette t\u00eate, aussi longtemps que de Gaulle en sera le pr\u00e9sident d\u2019ailleurs contest\u00e9 par tous les partis d\u2019opposition.<\/p>\n<blockquote>\n<p class=\"citation-small\">\u00ab\u00a0Qu\u2019est-ce que la Ve\u00a0R\u00e9publique, sinon la possession du pouvoir par un seul homme dont la moindre d\u00e9faillance est guett\u00e9e avec une \u00e9gale attention par ses adversaires et par le clan de ses amis\u00a0?\u00a0\u00bb<span id=\"2933\" class=\"cit-num\">2933<\/span><\/p>\n<p class=\"auteur\"><a href=\"https:\/\/histoire-en-citations.fr\/WP\/mitterrand\/\"><span class=\"caps\">MITTERRAND<\/span><\/a>, <em>Le Coup d\u2019\u00c9tat permanent<\/em> (1964)<\/p>\n<\/blockquote>\n<p>Pamphlet antigaulliste\u00a0: \u00ab\u00a0J\u2019appelle le r\u00e9gime gaulliste dictature parce que, tout compte fait, c\u2019est \u00e0 cela qu\u2019il ressemble le plus.\u00a0\u00bb Mais la phrase s\u2019appliquera \u00e0 Mitterrand, devenu \u00e0 son tour pr\u00e9sident entour\u00e9 d\u2019une cour.<\/p>\n<blockquote>\n<p class=\"citation-small\">\u00ab\u00a0Tout de m\u00eame qu\u2019\u00e0 bord du navire l\u2019antique exp\u00e9rience des marins veut qu\u2019un second ait son r\u00f4le \u00e0 lui \u00e0 c\u00f4t\u00e9 du commandant, ainsi dans notre nouvelle R\u00e9publique, l\u2019ex\u00e9cutif comporte-t-il apr\u00e8s le pr\u00e9sident vou\u00e9 \u00e0 ce qui est essentiel et permanent un Premier ministre aux prises avec les contingences.\u00a0\u00bb<span id=\"2936\" class=\"cit-num\">2936<\/span><\/p>\n<p class=\"auteur\"><a href=\"https:\/\/histoire-en-citations.fr\/WP\/indexation-2\/\">De <span class=\"caps\">GAULLE<\/span><\/a>, <em>M\u00e9moires d\u2019espoir<\/em>, tome I, <em>Le renouveau, 1958-1962<\/em> (1970)<\/p>\n<\/blockquote>\n<p>Division du travail\u00a0: le chef de l\u2019\u00c9tat a un \u00ab\u00a0domaine r\u00e9serv\u00e9\u00a0\u00bb, le \u00ab\u00a0second\u00a0\u00bb, qui n\u2019est plus pr\u00e9sident du Conseil, mais seulement le Premier des ministres de son gouvernement, g\u00e8re le quotidien, r\u00f4le plus ingrat.<\/p>\n<blockquote>\n<p class=\"citation-small\">\u00ab\u00a0Dans ce r\u00e9gime, tout ce qui est r\u00e9ussi l\u2019est gr\u00e2ce au pr\u00e9sident de la R\u00e9publique. Tout ce qui ne va pas est imput\u00e9 au Premier ministre\u2026 mais je ne l\u2019ai compris qu\u2019au bout d\u2019un certain temps.\u00a0\u00bb<span id=\"2937\" class=\"cit-num\">2937<\/span><\/p>\n<p class=\"auteur\"><span class=\"caps\">CHABAN<\/span>\u2013<span class=\"caps\">DELMAS<\/span><\/p>\n<\/blockquote>\n<p>Une loi qui se d\u00e9gage \u00e0 mesure que passent les <a href=\"https:\/\/histoire-en-citations.fr\/WP\/gouvernement-gouverner\/\">gouvernements<\/a>\u00a0: les \u00ab\u00a0fusibles\u00a0\u00bb sont faits pour sauter. Chaban l\u2019a \u00e9prouv\u00e9 en \u00ab\u00a0second\u00a0\u00bb de Pompidou (pr\u00e9sident apr\u00e8s de Gaulle), sortant vaincu de ce duo qui tourna au duel.<\/p>\n<\/div>\n<style>\r\n        a .cit-num {\r\n            text-decoration: none !important;\r\n            color: inherit !important;\r\n        }\r\n    <\/style>","protected":false},"excerpt":{"rendered":"<p>\u00a0 3e jour&nbsp;: de Gaulle (auteur le plus cit\u00e9 de l\u2019Histoire en citations, juste apr\u00e8s Napol\u00e9on) est appel\u00e9 comme chef du gouvernement par le pr\u00e9sident Coty \u00e0 la fin de la Quatri\u00e8me R\u00e9publique agonisante. Il obtient tout pouvoir de l\u2019Assembl\u00e9e. Pendant dix ans, le pr\u00e9sident s\u2019identifie au r\u00e9gime de la Cinqui\u00e8me, avec une Constitution taill\u00e9e [&#8230;]<\/p>\n","protected":false},"author":1,"featured_media":11349,"comment_status":"open","ping_status":"open","sticky":false,"template":"","format":"standard","meta":{"site-sidebar-layout":"default","site-content-layout":"","ast-site-content-layout":"default","site-content-style":"default","site-sidebar-style":"default","ast-global-header-display":"","ast-banner-title-visibility":"","ast-main-header-display":"","ast-hfb-above-header-display":"","ast-hfb-below-header-display":"","ast-hfb-mobile-header-display":"","site-post-title":"","ast-breadcrumbs-content":"","ast-featured-img":"","footer-sml-layout":"","theme-transparent-header-meta":"","adv-header-id-meta":"","stick-header-meta":"","header-above-stick-meta":"","header-main-stick-meta":"","header-below-stick-meta":"","astra-migrate-meta-layouts":"default","ast-page-background-enabled":"default","ast-page-background-meta":{"desktop":{"background-color":"var(--ast-global-color-5)","background-image":"","background-repeat":"repeat","background-position":"center center","background-size":"auto","background-attachment":"scroll","background-type":"","background-media":"","overlay-type":"","overlay-color":"","overlay-opacity":"","overlay-gradient":""},"tablet":{"background-color":"","background-image":"","background-repeat":"repeat","background-position":"center center","background-size":"auto","background-attachment":"scroll","background-type":"","background-media":"","overlay-type":"","overlay-color":"","overlay-opacity":"","overlay-gradient":""},"mobile":{"background-color":"","background-image":"","background-repeat":"repeat","background-position":"center center","background-size":"auto","background-attachment":"scroll","background-type":"","background-media":"","overlay-type":"","overlay-color":"","overlay-opacity":"","overlay-gradient":""}},"ast-content-background-meta":{"desktop":{"background-color":"var(--ast-global-color-4)","background-image":"","background-repeat":"repeat","background-position":"center center","background-size":"auto","background-attachment":"scroll","background-type":"","background-media":"","overlay-type":"","overlay-color":"","overlay-opacity":"","overlay-gradient":""},"tablet":{"background-color":"var(--ast-global-color-4)","background-image":"","background-repeat":"repeat","background-position":"center center","background-size":"auto","background-attachment":"scroll","background-type":"","background-media":"","overlay-type":"","overlay-color":"","overlay-opacity":"","overlay-gradient":""},"mobile":{"background-color":"var(--ast-global-color-4)","background-image":"","background-repeat":"repeat","background-position":"center center","background-size":"auto","background-attachment":"scroll","background-type":"","background-media":"","overlay-type":"","overlay-color":"","overlay-opacity":"","overlay-gradient":""}},"iawp_total_views":1287,"footnotes":""},"categories":[3],"tags":[],"class_list":["post-4647","post","type-post","status-publish","format-standard","has-post-thumbnail","hentry","category-citation-du-jour"],"_links":{"self":[{"href":"https:\/\/histoire-en-citations.fr\/WP\/wp-json\/wp\/v2\/posts\/4647","targetHints":{"allow":["GET"]}}],"collection":[{"href":"https:\/\/histoire-en-citations.fr\/WP\/wp-json\/wp\/v2\/posts"}],"about":[{"href":"https:\/\/histoire-en-citations.fr\/WP\/wp-json\/wp\/v2\/types\/post"}],"author":[{"embeddable":true,"href":"https:\/\/histoire-en-citations.fr\/WP\/wp-json\/wp\/v2\/users\/1"}],"replies":[{"embeddable":true,"href":"https:\/\/histoire-en-citations.fr\/WP\/wp-json\/wp\/v2\/comments?post=4647"}],"version-history":[{"count":2,"href":"https:\/\/histoire-en-citations.fr\/WP\/wp-json\/wp\/v2\/posts\/4647\/revisions"}],"predecessor-version":[{"id":13143,"href":"https:\/\/histoire-en-citations.fr\/WP\/wp-json\/wp\/v2\/posts\/4647\/revisions\/13143"}],"wp:featuredmedia":[{"embeddable":true,"href":"https:\/\/histoire-en-citations.fr\/WP\/wp-json\/wp\/v2\/media\/11349"}],"wp:attachment":[{"href":"https:\/\/histoire-en-citations.fr\/WP\/wp-json\/wp\/v2\/media?parent=4647"}],"wp:term":[{"taxonomy":"category","embeddable":true,"href":"https:\/\/histoire-en-citations.fr\/WP\/wp-json\/wp\/v2\/categories?post=4647"},{"taxonomy":"post_tag","embeddable":true,"href":"https:\/\/histoire-en-citations.fr\/WP\/wp-json\/wp\/v2\/tags?post=4647"}],"curies":[{"name":"wp","href":"https:\/\/api.w.org\/{rel}","templated":true}]}}