{"id":4805,"date":"2017-06-21T00:00:00","date_gmt":"2017-06-20T22:00:00","guid":{"rendered":"https:\/\/histoire-en-citations.fr\/WP\/2025\/06\/21\/saint-just-le-peuple-francais-vote-la-liberte-du-monde\/"},"modified":"2025-07-19T09:16:33","modified_gmt":"2025-07-19T07:16:33","slug":"saint-just-le-peuple-francais-vote-la-liberte-du-monde","status":"publish","type":"post","link":"https:\/\/histoire-en-citations.fr\/WP\/saint-just-le-peuple-francais-vote-la-liberte-du-monde\/","title":{"rendered":"Saint-Just : \u00ab Le peuple fran\u00e7ais vote la libert\u00e9 du monde.\u00a0\u00bb"},"content":{"rendered":"<div class=\"field-item even\">\n<p>\u00a0<\/p>\n<p>Le vote vu par la R\u00e9volution\u00a0: la belle \u00e9poque, celle de tous les espoirs. La Convention vote et porte des valeurs qui se veulent universelles. Mais les peuples ne sont pas encore pr\u00eats pour la d\u00e9mocratie. M\u00eame en France, la mort du roi vot\u00e9e par l\u2019Assembl\u00e9e \u00e9rig\u00e9e en tribunal d\u00e9chire le pays et au final, la Terreur emporte ceux qui l\u2019ont d\u00e9cr\u00e9t\u00e9e.<\/p>\n<blockquote>\n<p class=\"citation\"><span class=\"enonce\">\u00ab\u00a0Le peuple fran\u00e7ais vote la libert\u00e9 du monde.\u00a0\u00bb<span id=\"1284\" class=\"cit-num\">1284<\/span><\/span><\/p>\n<p class=\"auteur\"><span data-href=\"\/auteurs\/louis-antoine-de-saint-just\"><span class=\"author\"><span class=\"surname\">Louis Antoine de <\/span><span class=\"name\"><span class=\"caps\">SAINT<\/span>\u2013<span class=\"caps\">JUST<\/span><\/span><\/span><\/span> (1767-1794), Convention, 24\u00a0avril\u00a01793<\/p>\n<p class=\"source\"><cite>\u0152uvres de Saint-Just, repr\u00e9sentant du peuple \u00e0 la Convention nationale<\/cite> (posthume, 1834).<\/p>\n<\/blockquote>\n<p class=\"ressi\">Superbe principe, inscrit au chapitre \u00ab\u00a0Des relations ext\u00e9rieures\u00a0\u00bb dans la Constitution de 1793. Que de guerres s\u2019ensuivront, dont la puret\u00e9 id\u00e9ologique est parfois discutable\u00a0!<\/p>\n<p>Le plus brillant th\u00e9oricien de la R\u00e9volution, le plus jeune \u00e9lu de la Convention qui en deviendra pr\u00e9sident l\u2019ann\u00e9e suivante, est le fr\u00e8re intellectuel de <a href=\"http:\/\/www.histoire-en-citations.fr\/indexation\/robespierre\">Robespierre<\/a>, chef des Montagnards et devenu ma\u00eetre de la France. <\/p>\n<p>Ils mourront ensemble, au lendemain du coup d\u2019\u00c9tat qui met fin \u00e0 \u00ab\u00a0leur\u00a0\u00bb Terreur en juillet 1794. \u00ab\u00a0Il a \u00e9t\u00e9 permis de craindre que la R\u00e9volution, comme Saturne, d\u00e9vor\u00e2t successivement tous ses enfants.\u00a0\u00bb Proph\u00e9tie de Vergniaud, d\u00e9put\u00e9 girondin dans la charrette de juin 1793, guillotin\u00e9.<\/p>\n<p class=\"panneau\">Toutes les citations qui suivent <br>sont comment\u00e9es dans nos <a href=\"https:\/\/www.histoire-en-citations.fr\/boutique\">Chroniques.<\/a><\/p>\n<blockquote>\n<p class=\"citation-small\">\u00ab\u00a0La Convention nationale d\u00e9clare au nom de la nation fran\u00e7aise qu\u2019elle accordera fraternit\u00e9 et secours \u00e0 tous les peuples qui voudront recouvrer leur libert\u00e9.\u00a0\u00bb<span id=\"1451\" class=\"cit-num\">1451<\/span><\/p>\n<p class=\"auteur\">Convention, D\u00e9cret du 19\u00a0novembre\u00a01792<\/p>\n<\/blockquote>\n<p>Cette promesse solennelle va pousser la France \u00e0 se lancer dans une suite de guerres que les historiens se demandent encore comment justifier\u00a0: annexion au nom de la th\u00e9orie des <a href=\"http:\/\/www.histoire-en-citations.fr\/indexation\/frontieres\">fronti\u00e8res<\/a> naturelles, cr\u00e9ation d\u2019un glacis de r\u00e9publiques s\u0153urs ou v\u00e9ritable croisade pour la libert\u00e9\u00a0?<\/p>\n<blockquote>\n<p class=\"citation-small\">\u00ab\u00a0Je vote pour la mort du tyran dans les vingt-quatre heures. Il faut se h\u00e2ter de purger le sol de la patrie de ce monstre odieux.\u00a0\u00bb<span id=\"1473\" class=\"cit-num\">1473<\/span><\/p>\n<p class=\"auteur\">Nicolas <span class=\"caps\">RAFFRON<\/span> de <span class=\"caps\">TROUILLET<\/span>. <em>Base de donn\u00e9es des d\u00e9put\u00e9s fran\u00e7ais depuis 1789<\/em> [en ligne], Assembl\u00e9e nationale<\/p>\n<\/blockquote>\n<p>Avocat et diplomate, rang\u00e9 du c\u00f4t\u00e9 de la Montagne, durant le proc\u00e8s du roi. Il fait aussi partie de ceux qui ont refus\u00e9 l\u2019appel au peuple, qui pouvait sauver la vie, sinon le tr\u00f4ne de <a href=\"http:\/\/www.histoire-en-citations.fr\/indexation\/louis-xvi\">Louis <span class=\"caps\">XVI<\/span><\/a>.<\/p>\n<blockquote>\n<p class=\"citation-small\">\u00ab\u00a0Pour pr\u00e9server les \u00e2mes pusillanimes de l\u2019amour de la tyrannie, je vote pour la mort dans les vingt-quatre heures\u00a0!\u00a0\u00bb<span id=\"1474\" class=\"cit-num\">1474<\/span><\/p>\n<p class=\"auteur\">Claude <span class=\"caps\">JAVOGUES<\/span>, <em>Base de donn\u00e9es des d\u00e9put\u00e9s fran\u00e7ais depuis 1789<\/em> [en ligne], Assembl\u00e9e nationale<\/p>\n<\/blockquote>\n<p>Acquis aux \u00ab\u00a0id\u00e9es nouvelles\u00a0\u00bb, avec la Montagne, sans \u00e9tat d\u2019\u00e2me. 366 d\u00e9put\u00e9s votent pour la mort sans condition, 72 pour la mort sous diverses conditions et 288 pour d\u2019autres peines (prison, bannissement). Le jugement, l\u2019appel au peuple et le sursis une fois rejet\u00e9s, la sentence est ex\u00e9cutoire dans les 24\u00a0heures. S\u00e9isme national.<\/p>\n<blockquote>\n<p class=\"citation-small\">\u00ab\u00a0Un ab\u00eeme est ouvert sous nos pas. Il ne faut pas h\u00e9siter \u00e0 le combler de nos cadavres ou \u00e0 triompher des tra\u00eetres.\u00a0\u00bb<span id=\"1604\" class=\"cit-num\">1604<\/span><\/p>\n<p class=\"auteur\"><span class=\"caps\">BILLAUD<\/span>\u2013<span class=\"caps\">VARENNE<\/span>, Convention, 27\u00a0juillet\u00a01794 (9 Thermidor, an <span class=\"caps\">II<\/span>)<\/p>\n<\/blockquote>\n<p>\u00c9pilogue fatal. Le d\u00e9put\u00e9 sait le danger. Alli\u00e9 de Robespierre dans la Terreur et contre les \u00ab\u00a0factieux\u00a0\u00bb, il est de ceux qui ont organis\u00e9 le coup d\u2019\u00c9tat du 9 thermidor. Plus question de voter ni de parler \u00e0 la tribune. Robespierre et Saint-Just seront guillotin\u00e9s avec au total une centaine de \u00ab\u00a0tra\u00eetres\u00a0\u00bb.<\/p>\n<\/div>\n<style>\r\n        a .cit-num {\r\n            text-decoration: none !important;\r\n            color: inherit !important;\r\n        }\r\n    <\/style>","protected":false},"excerpt":{"rendered":"<p>\u00a0 Le vote vu par la R\u00e9volution\u00a0: la belle \u00e9poque, celle de tous les espoirs. La Convention vote et porte des valeurs qui se veulent universelles. Mais les peuples ne sont pas encore pr\u00eats pour la d\u00e9mocratie. M\u00eame en France, la mort du roi vot\u00e9e par l\u2019Assembl\u00e9e \u00e9rig\u00e9e en tribunal d\u00e9chire le pays et au [&#8230;]<\/p>\n","protected":false},"author":1,"featured_media":11136,"comment_status":"open","ping_status":"open","sticky":false,"template":"","format":"standard","meta":{"site-sidebar-layout":"default","site-content-layout":"","ast-site-content-layout":"default","site-content-style":"default","site-sidebar-style":"default","ast-global-header-display":"","ast-banner-title-visibility":"","ast-main-header-display":"","ast-hfb-above-header-display":"","ast-hfb-below-header-display":"","ast-hfb-mobile-header-display":"","site-post-title":"","ast-breadcrumbs-content":"","ast-featured-img":"","footer-sml-layout":"","theme-transparent-header-meta":"","adv-header-id-meta":"","stick-header-meta":"","header-above-stick-meta":"","header-main-stick-meta":"","header-below-stick-meta":"","astra-migrate-meta-layouts":"default","ast-page-background-enabled":"default","ast-page-background-meta":{"desktop":{"background-color":"var(--ast-global-color-5)","background-image":"","background-repeat":"repeat","background-position":"center center","background-size":"auto","background-attachment":"scroll","background-type":"","background-media":"","overlay-type":"","overlay-color":"","overlay-opacity":"","overlay-gradient":""},"tablet":{"background-color":"","background-image":"","background-repeat":"repeat","background-position":"center center","background-size":"auto","background-attachment":"scroll","background-type":"","background-media":"","overlay-type":"","overlay-color":"","overlay-opacity":"","overlay-gradient":""},"mobile":{"background-color":"","background-image":"","background-repeat":"repeat","background-position":"center center","background-size":"auto","background-attachment":"scroll","background-type":"","background-media":"","overlay-type":"","overlay-color":"","overlay-opacity":"","overlay-gradient":""}},"ast-content-background-meta":{"desktop":{"background-color":"var(--ast-global-color-4)","background-image":"","background-repeat":"repeat","background-position":"center center","background-size":"auto","background-attachment":"scroll","background-type":"","background-media":"","overlay-type":"","overlay-color":"","overlay-opacity":"","overlay-gradient":""},"tablet":{"background-color":"var(--ast-global-color-4)","background-image":"","background-repeat":"repeat","background-position":"center center","background-size":"auto","background-attachment":"scroll","background-type":"","background-media":"","overlay-type":"","overlay-color":"","overlay-opacity":"","overlay-gradient":""},"mobile":{"background-color":"var(--ast-global-color-4)","background-image":"","background-repeat":"repeat","background-position":"center center","background-size":"auto","background-attachment":"scroll","background-type":"","background-media":"","overlay-type":"","overlay-color":"","overlay-opacity":"","overlay-gradient":""}},"iawp_total_views":13,"footnotes":""},"categories":[1763],"tags":[],"class_list":["post-4805","post","type-post","status-publish","format-standard","has-post-thumbnail","hentry","category-citation-du-jour-louis-antoine-de-saint-just-prologue-revolution"],"_links":{"self":[{"href":"https:\/\/histoire-en-citations.fr\/WP\/wp-json\/wp\/v2\/posts\/4805","targetHints":{"allow":["GET"]}}],"collection":[{"href":"https:\/\/histoire-en-citations.fr\/WP\/wp-json\/wp\/v2\/posts"}],"about":[{"href":"https:\/\/histoire-en-citations.fr\/WP\/wp-json\/wp\/v2\/types\/post"}],"author":[{"embeddable":true,"href":"https:\/\/histoire-en-citations.fr\/WP\/wp-json\/wp\/v2\/users\/1"}],"replies":[{"embeddable":true,"href":"https:\/\/histoire-en-citations.fr\/WP\/wp-json\/wp\/v2\/comments?post=4805"}],"version-history":[{"count":1,"href":"https:\/\/histoire-en-citations.fr\/WP\/wp-json\/wp\/v2\/posts\/4805\/revisions"}],"predecessor-version":[{"id":4806,"href":"https:\/\/histoire-en-citations.fr\/WP\/wp-json\/wp\/v2\/posts\/4805\/revisions\/4806"}],"wp:featuredmedia":[{"embeddable":true,"href":"https:\/\/histoire-en-citations.fr\/WP\/wp-json\/wp\/v2\/media\/11136"}],"wp:attachment":[{"href":"https:\/\/histoire-en-citations.fr\/WP\/wp-json\/wp\/v2\/media?parent=4805"}],"wp:term":[{"taxonomy":"category","embeddable":true,"href":"https:\/\/histoire-en-citations.fr\/WP\/wp-json\/wp\/v2\/categories?post=4805"},{"taxonomy":"post_tag","embeddable":true,"href":"https:\/\/histoire-en-citations.fr\/WP\/wp-json\/wp\/v2\/tags?post=4805"}],"curies":[{"name":"wp","href":"https:\/\/api.w.org\/{rel}","templated":true}]}}