{"id":4807,"date":"2017-06-20T00:00:00","date_gmt":"2017-06-19T22:00:00","guid":{"rendered":"https:\/\/histoire-en-citations.fr\/WP\/2025\/06\/21\/chaumont-tremblez-tyrans-portant-culotte-femmes-notre-jour-est-venu\/"},"modified":"2025-07-19T09:16:33","modified_gmt":"2025-07-19T07:16:33","slug":"chaumont-tremblez-tyrans-portant-culotte-femmes-notre-jour-est-venu","status":"publish","type":"post","link":"https:\/\/histoire-en-citations.fr\/WP\/chaumont-tremblez-tyrans-portant-culotte-femmes-notre-jour-est-venu\/","title":{"rendered":"Chaumont : \u00ab Tremblez tyrans portant culotte ! Femmes, notre jour est venu&#8230;\u00a0\u00bb"},"content":{"rendered":"<div class=\"field-item even\">\n<p>\u00a0Dans l\u2019histoire de France, la palme de la misogynie revient au <span class=\"caps\">XIX<\/span><sup>e<\/sup> si\u00e8cle \u2013 en net recul sur le si\u00e8cle des Lumi\u00e8res. C\u2019est aussi celui o\u00f9 les f\u00e9ministes s\u2019expriment le plus ardemment, avec des exc\u00e8s de langage qui pr\u00eatent \u00e0 sourire.<\/p>\n<blockquote>\n<p class=\"citation\"><span class=\"enonce\">\u00ab\u00a0Tremblez tyrans portant culotte\u00a0!<br>Femmes, notre jour est venu\u00a0;<br>Point de piti\u00e9, mettons en vote<br>Tous les torts du sexe barbu\u00a0!<br>Notre patience est \u00e0 bout,<br>Debout, V\u00e9nusiennes, debout [\u2026]\u00a0\u00bb<span id=\"2162\" class=\"cit-num\">2162<\/span><\/span><\/p>\n<p class=\"auteur\"><span data-href=\"\/auteurs\/louise-de-chaumont\"><span class=\"author\"><span class=\"surname\">Louise de <\/span><span class=\"name\"><span class=\"caps\">CHAUMONT<\/span><\/span><\/span><\/span> (<span class=\"caps\">XIX<\/span><sup>e<\/sup> si\u00e8cle), <cite>La Marseillaise des femmes (ou Marseillaise des cotillons)<\/cite>, chanson de 1848<\/p>\n<p class=\"source\"><cite><span class=\"caps\">L\u2019I<\/span>llustration<\/cite>, volume\u00a0<span class=\"caps\">XI<\/span> (1848), J.\u00a0Dubouchet.<\/p>\n<\/blockquote>\n<p class=\"ressi\">Deuxi\u00e8me R\u00e9publique. Les \u00ab\u00a0V\u00e9nusiennes\u00a0\u00bb chantent et d\u00e9filent, jupes retrouss\u00e9es, corsage en bataille, jeunes ouvri\u00e8res vivant parfois en communaut\u00e9 \u00e0 la mode saint-simonienne \u2013 <a href=\"http:\/\/www.histoire-en-citations.fr\/indexation\/socialisme\">socialisme<\/a> utopique.<br>\u00a0<br>Refrain\u00a0: \u00ab\u00a0Libert\u00e9 sur nos fronts verse tes chauds rayons, \/ Tremblez, tremblez, maris jaloux, \/ Respect aux cotillons\u00a0!\u00a0\u00bb Parmi tous les chants de l\u2019histoire, <em>La Marseillaise<\/em> est le plus constamment repris, parodi\u00e9, r\u00e9cup\u00e9r\u00e9, exploit\u00e9 en d\u2019innombrables versions. C\u2019est la ran\u00e7on du succ\u00e8s, disons m\u00eame de la gloire.<\/p>\n<p class=\"panneau\">Toutes les citations qui suivent <br>sont comment\u00e9es dans nos <a href=\"https:\/\/www.histoire-en-citations.fr\/boutique\">Chroniques.<\/a><\/p>\n<blockquote>\n<p class=\"citation-small\">\u00ab\u00a0Je ne veux pas \u00eatre, par ma complaisance, complice de la vaste exploitation que l\u2019autocratie masculine se croit le droit d\u2019exercer \u00e0 l\u2019\u00e9gard des femmes. Je n\u2019ai pas de droits, donc je n\u2019ai pas de charges, je ne vote pas, je ne paye pas.\u00a0\u00bb<span id=\"2470\" class=\"cit-num\">2470<\/span><\/p>\n<p class=\"auteur\">Hubertine <span class=\"caps\">AUCLERT<\/span>, <em>Histoire du f\u00e9minisme fran\u00e7ais<\/em>, volume I (1977), Ma\u00eft\u00e9 Albistur, Daniel Armogathe<\/p>\n<\/blockquote>\n<p>Troisi\u00e8me R\u00e9publique. Fondatrice de la Soci\u00e9t\u00e9 pour le suffrage des femmes, la militante \u00e9crit au pr\u00e9fet en 1880\u00a0: \u00ab\u00a0Je n\u2019admets pas cette exclusion en masse de femmes qui n\u2019ont \u00e9t\u00e9 priv\u00e9es de leurs droits civiques par aucun jugement\u2026\u00a0\u00bb Les suffragettes anglaises obtiennent le droit de vote en 1918. Les Fran\u00e7aises attendent la fin de la prochaine <a href=\"http:\/\/www.histoire-en-citations.fr\/indexation\/guerre\">guerre<\/a>.<\/p>\n<blockquote>\n<p class=\"citation-small\">\u00ab\u00a0Les paysannes restaient bouche b\u00e9e quand je leur parlais du vote. Les ouvri\u00e8res riaient, les commer\u00e7antes haussaient les \u00e9paules, les bourgeoises me repoussaient horrifi\u00e9es.\u00a0\u00bb<span id=\"2665\" class=\"cit-num\">2665<\/span><\/p>\n<p class=\"auteur\">Louise <span class=\"caps\">WEISS<\/span> \u00e9voquant une de ses conf\u00e9rences de 1934. <em>Ce que femme veut<\/em> (1946), Louise Weiss<\/p>\n<\/blockquote>\n<p>N\u00e9e en 1893, morte en 1983, cette militante f\u00e9ministe et europ\u00e9enne est t\u00e9moin de tous les progr\u00e8s dans la condition f\u00e9minine. Le droit de vote est reconnu aux Fran\u00e7aises par ordonnance du 5\u00a0octobre 1944, prise par le gouvernement (<span class=\"caps\">GPRF<\/span>) du g\u00e9n\u00e9ral <a href=\"http:\/\/www.histoire-en-citations.fr\/indexation\/gaulle-de\">de Gaulle<\/a>.<\/p>\n<blockquote>\n<p class=\"citation-small\">\u00ab\u00a0Choisir, pour une femme, la morale de gauche, c\u2019est voter pour l\u2019homme r\u00e9el contre le mythe du Prince Charmant, pour le droit de vivre contre le droit de r\u00eaver.\u00a0\u00bb<span id=\"2903\" class=\"cit-num\">2903<\/span><\/p>\n<p class=\"auteur\">Fran\u00e7oise <span class=\"caps\">GIROUD<\/span>, \u00ab\u00a0Voter pour le Prince Charmant\u00a0\u00bb, <em>l\u2019Express<\/em>, 18\u00a0d\u00e9cembre 1955<\/p>\n<\/blockquote>\n<p>La journaliste veut mobiliser l\u2019\u00e9lectorat f\u00e9minin en lui prouvant \u00e0 quel point gauche et droite font la diff\u00e9rence, dans sa vie quotidienne. Aucune majorit\u00e9 tranch\u00e9e aux \u00e9lections de janvier 1956. Le pr\u00e9sident Coty choisit le socialiste Guy Mollet (secr\u00e9taire du <span class=\"caps\">PS<\/span>) pour former le gouvernement.<\/p>\n<\/div>\n<style>\r\n        a .cit-num {\r\n            text-decoration: none !important;\r\n            color: inherit !important;\r\n        }\r\n    <\/style>","protected":false},"excerpt":{"rendered":"<p>\u00a0Dans l\u2019histoire de France, la palme de la misogynie revient au XIXe si\u00e8cle &#8211; en net recul sur le si\u00e8cle des Lumi\u00e8res. C\u2019est aussi celui o\u00f9 les f\u00e9ministes s\u2019expriment le plus ardemment, avec des exc\u00e8s de langage qui pr\u00eatent \u00e0 sourire. \u00ab\u00a0Tremblez tyrans portant culotte\u00a0!Femmes, notre jour est venu\u00a0;Point de piti\u00e9, mettons en voteTous les [&#8230;]<\/p>\n","protected":false},"author":1,"featured_media":11248,"comment_status":"open","ping_status":"open","sticky":false,"template":"","format":"standard","meta":{"site-sidebar-layout":"default","site-content-layout":"","ast-site-content-layout":"default","site-content-style":"default","site-sidebar-style":"default","ast-global-header-display":"","ast-banner-title-visibility":"","ast-main-header-display":"","ast-hfb-above-header-display":"","ast-hfb-below-header-display":"","ast-hfb-mobile-header-display":"","site-post-title":"","ast-breadcrumbs-content":"","ast-featured-img":"","footer-sml-layout":"","theme-transparent-header-meta":"","adv-header-id-meta":"","stick-header-meta":"","header-above-stick-meta":"","header-main-stick-meta":"","header-below-stick-meta":"","astra-migrate-meta-layouts":"default","ast-page-background-enabled":"default","ast-page-background-meta":{"desktop":{"background-color":"var(--ast-global-color-5)","background-image":"","background-repeat":"repeat","background-position":"center center","background-size":"auto","background-attachment":"scroll","background-type":"","background-media":"","overlay-type":"","overlay-color":"","overlay-opacity":"","overlay-gradient":""},"tablet":{"background-color":"","background-image":"","background-repeat":"repeat","background-position":"center center","background-size":"auto","background-attachment":"scroll","background-type":"","background-media":"","overlay-type":"","overlay-color":"","overlay-opacity":"","overlay-gradient":""},"mobile":{"background-color":"","background-image":"","background-repeat":"repeat","background-position":"center center","background-size":"auto","background-attachment":"scroll","background-type":"","background-media":"","overlay-type":"","overlay-color":"","overlay-opacity":"","overlay-gradient":""}},"ast-content-background-meta":{"desktop":{"background-color":"var(--ast-global-color-4)","background-image":"","background-repeat":"repeat","background-position":"center center","background-size":"auto","background-attachment":"scroll","background-type":"","background-media":"","overlay-type":"","overlay-color":"","overlay-opacity":"","overlay-gradient":""},"tablet":{"background-color":"var(--ast-global-color-4)","background-image":"","background-repeat":"repeat","background-position":"center center","background-size":"auto","background-attachment":"scroll","background-type":"","background-media":"","overlay-type":"","overlay-color":"","overlay-opacity":"","overlay-gradient":""},"mobile":{"background-color":"var(--ast-global-color-4)","background-image":"","background-repeat":"repeat","background-position":"center center","background-size":"auto","background-attachment":"scroll","background-type":"","background-media":"","overlay-type":"","overlay-color":"","overlay-opacity":"","overlay-gradient":""}},"iawp_total_views":5,"footnotes":""},"categories":[1878],"tags":[],"class_list":["post-4807","post","type-post","status-publish","format-standard","has-post-thumbnail","hentry","category-chronique-citation-du-jour-deuxieme-republique-louise-de-chaumont"],"_links":{"self":[{"href":"https:\/\/histoire-en-citations.fr\/WP\/wp-json\/wp\/v2\/posts\/4807","targetHints":{"allow":["GET"]}}],"collection":[{"href":"https:\/\/histoire-en-citations.fr\/WP\/wp-json\/wp\/v2\/posts"}],"about":[{"href":"https:\/\/histoire-en-citations.fr\/WP\/wp-json\/wp\/v2\/types\/post"}],"author":[{"embeddable":true,"href":"https:\/\/histoire-en-citations.fr\/WP\/wp-json\/wp\/v2\/users\/1"}],"replies":[{"embeddable":true,"href":"https:\/\/histoire-en-citations.fr\/WP\/wp-json\/wp\/v2\/comments?post=4807"}],"version-history":[{"count":1,"href":"https:\/\/histoire-en-citations.fr\/WP\/wp-json\/wp\/v2\/posts\/4807\/revisions"}],"predecessor-version":[{"id":4808,"href":"https:\/\/histoire-en-citations.fr\/WP\/wp-json\/wp\/v2\/posts\/4807\/revisions\/4808"}],"wp:featuredmedia":[{"embeddable":true,"href":"https:\/\/histoire-en-citations.fr\/WP\/wp-json\/wp\/v2\/media\/11248"}],"wp:attachment":[{"href":"https:\/\/histoire-en-citations.fr\/WP\/wp-json\/wp\/v2\/media?parent=4807"}],"wp:term":[{"taxonomy":"category","embeddable":true,"href":"https:\/\/histoire-en-citations.fr\/WP\/wp-json\/wp\/v2\/categories?post=4807"},{"taxonomy":"post_tag","embeddable":true,"href":"https:\/\/histoire-en-citations.fr\/WP\/wp-json\/wp\/v2\/tags?post=4807"}],"curies":[{"name":"wp","href":"https:\/\/api.w.org\/{rel}","templated":true}]}}