{"id":4911,"date":"2017-08-02T00:00:00","date_gmt":"2017-08-01T22:00:00","guid":{"rendered":"https:\/\/histoire-en-citations.fr\/WP\/2025\/06\/21\/hugo-situation-grave-pour-le-cabinet-que-faire-comment-sortir-de-la\/"},"modified":"2025-07-19T09:16:38","modified_gmt":"2025-07-19T07:16:38","slug":"hugo-situation-grave-pour-le-cabinet-que-faire-comment-sortir-de-la","status":"publish","type":"post","link":"https:\/\/histoire-en-citations.fr\/WP\/hugo-situation-grave-pour-le-cabinet-que-faire-comment-sortir-de-la\/","title":{"rendered":"Hugo : \u00ab Situation grave pour le cabinet. Que faire ? Comment sortir de l\u00e0 ?\u00a0\u00bb"},"content":{"rendered":"<div class=\"field-item even\">\n<p>\u00a0<\/p>\n<p>Victor Hugo se r\u00e9v\u00e8le comme chef de l\u2019opposition, avec autant d\u2019humour que de passion \u2013 deux qualit\u00e9s rarement r\u00e9unies. La presse d\u2019opposition se trouve aussi un caricaturiste de g\u00e9nie en la personne du peintre Daumier. Tandis que Louis-Napol\u00e9on poursuit son irr\u00e9sistible ascension.<\/p>\n<blockquote>\n<p class=\"citation\"><span class=\"enonce\">\u00ab\u00a0Situation grave pour le cabinet. Que faire\u00a0? Comment sortir de l\u00e0\u00a0? Le bon sens r\u00e9pond\u00a0: par la porte. Le gouvernement dit\u00a0: par une loi.\u00a0\u00bb<span id=\"2207\" class=\"cit-num\">2207<\/span><\/span><\/p>\n<p class=\"auteur\"><a href=\"http:\/\/www.histoire-en-citations.fr\/indexation\/hugo\"><span data-href=\"\/auteurs\/victor-hugo\"><span class=\"author\"><span class=\"surname\">Victor <\/span><span class=\"name\"><span class=\"caps\">HUGO<\/span><\/span><\/span><\/span><\/a> (1802-1885), <cite>Avant l\u2019exil<\/cite> (discours 1841-1851)<\/p>\n<\/blockquote>\n<p class=\"ressi\">\u00c0 propos de la loi sur la presse vot\u00e9e le 16\u00a0juillet 1850. Cela pourrait s\u2019appliquer aux autres lois r\u00e9actionnaires qu\u2019il fustige et qui passent, mais qui vont r\u00e9veiller en lui l\u2019homme de gauche et en faire un d\u00e9put\u00e9 d\u2019opposition.<\/p>\n<p>Le po\u00e8te, qui a renonc\u00e9 au th\u00e9\u00e2tre, entre sur la sc\u00e8ne politique en 1848. Il cr\u00e9e en juillet son journal, <em>L\u2019\u00c9v\u00e9nement<\/em>, avec une devise emprunt\u00e9e \u00e0 un de ses discours \u00e9lectoraux de mai\u00a0: \u00ab\u00a0Haine vigoureuse de l\u2019anarchie, tendre et profond amour du peuple.\u00a0\u00bb \u00c9lu par la bourgeoisie le 4\u00a0juin, favorable \u00e0 la fermeture des Ateliers nationaux et partisan r\u00e9solu de la r\u00e9pression des journ\u00e9es insurrectionnelles, Hugo demeure pourtant lib\u00e9ral. Tout en refusant le socialisme, il s\u2019oppose au <a href=\"http:\/\/www.histoire-en-citations.fr\/indexation\/gouvernement-gouverner\">gouvernement<\/a> Cavaignac et au parti de l\u2019Ordre, qui menace la libert\u00e9 de la presse et multiplie les mesures r\u00e9pressives.<\/p>\n<p>Dans son journal, il \u00e9crit la plupart des articles, m\u00eame s\u2019il ne signe pas. Il a deux buts\u00a0: promouvoir sa candidature \u00e0 la pr\u00e9sidence de la R\u00e9publique et d\u00e9fendre le suffrage universel pour cette \u00e9lection \u00e0 venir. Au passage, il attaque le g\u00e9n\u00e9ral, candidat tr\u00e8s populaire\u00a0: \u00ab\u00a0M.\u00a0Cavaignac n\u2019a encore remport\u00e9 de victoires que contre les talents et les libert\u00e9s. De pareils Austerlitz sont toujours des Waterloo\u00a0!\u00a0\u00bb<\/p>\n<p>D\u00e8s le mois d\u2019octobre, influenc\u00e9 par son ami \u00c9mile de Girardin, grand patron de presse, Hugo renonce \u00e0 se pr\u00e9senter, mettant <em>L\u2019\u00c9v\u00e9nement<\/em> au service du prince Louis-Napol\u00e9on qui lui appara\u00eet comme la solution au drame du pays. Comprenant trop tard son erreur, il va combattre l\u2019homme qu\u2019il soutenait avec d\u2019autant plus de passion\u00a0!<\/p>\n<p class=\"panneau\">Toutes les citations qui suivent <br>sont comment\u00e9es dans nos <a href=\"https:\/\/www.histoire-en-citations.fr\/boutique\">Chroniques.<\/a><\/p>\n<blockquote>\n<p class=\"citation-small\">\u00ab\u00a0L\u2019an pass\u00e9, ils adoraient le sabre. Les voil\u00e0 maintenant qui adorent le gourdin.\u00a0\u00bb<span id=\"2209\" class=\"cit-num\">2209<\/span><\/p>\n<p class=\"auteur\"><a href=\"http:\/\/www.histoire-en-citations.fr\/indexation\/hugo\">Victor <span class=\"caps\">HUGO<\/span><\/a>, mots pr\u00e9monitoires, dat\u00e9s de novembre\u00a01849. <em>Actes et Paroles. Avant l\u2019exil<\/em> (1875)<\/p>\n<\/blockquote>\n<p>Hugo constate les progr\u00e8s de l\u2019autorit\u00e9 et l\u2019irr\u00e9sistible ascension du prince Louis-Napol\u00e9on. Le premier Bonaparte a eu sa campagne d\u2019Italie, le second s\u2019offre une campagne de France. La \u00ab\u00a0folie imp\u00e9riale\u00a0\u00bb redout\u00e9e par Mme\u00a0Thiers se pr\u00e9cise.<\/p>\n<blockquote>\n<p class=\"citation-small\">\u00ab\u00a0Surtout n\u2019ayez pas peur du peuple, il est plus conservateur que vous.\u00a0\u00bb<span id=\"2142\" class=\"cit-num\">2142<\/span><\/p>\n<p class=\"auteur\"><a href=\"http:\/\/www.histoire-en-citations.fr\/indexation\/napoleon-iii\">Louis-Napol\u00e9on <span class=\"caps\">BONAPARTE<\/span><\/a>, <em>Du syst\u00e8me \u00e9lectoral. Questions de mon temps\u00a0: 1836 \u00e0 1856<\/em> (1865), \u00c9mile de Girardin<\/p>\n<\/blockquote>\n<p>Paroles du principal gagnant de cette R\u00e9publique num\u00e9ro deux, \u00e9lu pr\u00e9sident, bient\u00f4t pl\u00e9biscit\u00e9 empereur. C\u2019est fort bien vu dans la France de l\u2019\u00e9poque et, l\u2019heure venue, il saura se pr\u00e9senter comme le champion du suffrage universel, conqu\u00eate de la R\u00e9volution de 1848.<\/p>\n<blockquote>\n<p class=\"citation-small\">\u00ab\u00a0Belle dame, voulez-vous accepter mon bras\u00a0?<br>\u2014 Votre passion est trop subite pour que je puisse y croire\u00a0!\u00a0\u00bb<span id=\"2213\" class=\"cit-num\">2213<\/span><\/p>\n<p class=\"auteur\">Honor\u00e9 <span class=\"caps\">DAUMIER<\/span>, l\u00e9gende d\u2019une c\u00e9l\u00e8bre caricature (1851)<\/p>\n<\/blockquote>\n<p>Ratapoil (Louis-Napol\u00e9on Bonaparte) offre son bras \u00e0 la R\u00e9publique, pour des noces reconduites. Personne n\u2019est dupe\u2026 sauf le <a href=\"http:\/\/www.histoire-en-citations.fr\/indexation\/peuples\">peuple<\/a>\u00a0! L\u2019homme est devenu trop populaire pour \u00eatre stopp\u00e9 dans sa marche au pouvoir, mais la Constitution lui interdit de se repr\u00e9senter.<\/p>\n<\/div>\n<style>\r\n        a .cit-num {\r\n            text-decoration: none !important;\r\n            color: inherit !important;\r\n        }\r\n    <\/style>","protected":false},"excerpt":{"rendered":"<p>\u00a0 Victor Hugo se r\u00e9v\u00e8le comme chef de l\u2019opposition, avec autant d\u2019humour que de passion &#8211; deux qualit\u00e9s rarement r\u00e9unies. La presse d\u2019opposition se trouve aussi un caricaturiste de g\u00e9nie en la personne du peintre Daumier. Tandis que Louis-Napol\u00e9on poursuit son irr\u00e9sistible ascension. \u00ab\u00a0Situation grave pour le cabinet. Que faire\u00a0? Comment sortir de l\u00e0\u00a0? Le [&#8230;]<\/p>\n","protected":false},"author":1,"featured_media":11256,"comment_status":"open","ping_status":"open","sticky":false,"template":"","format":"standard","meta":{"site-sidebar-layout":"default","site-content-layout":"","ast-site-content-layout":"default","site-content-style":"default","site-sidebar-style":"default","ast-global-header-display":"","ast-banner-title-visibility":"","ast-main-header-display":"","ast-hfb-above-header-display":"","ast-hfb-below-header-display":"","ast-hfb-mobile-header-display":"","site-post-title":"","ast-breadcrumbs-content":"","ast-featured-img":"","footer-sml-layout":"","theme-transparent-header-meta":"","adv-header-id-meta":"","stick-header-meta":"","header-above-stick-meta":"","header-main-stick-meta":"","header-below-stick-meta":"","astra-migrate-meta-layouts":"default","ast-page-background-enabled":"default","ast-page-background-meta":{"desktop":{"background-color":"var(--ast-global-color-5)","background-image":"","background-repeat":"repeat","background-position":"center center","background-size":"auto","background-attachment":"scroll","background-type":"","background-media":"","overlay-type":"","overlay-color":"","overlay-opacity":"","overlay-gradient":""},"tablet":{"background-color":"","background-image":"","background-repeat":"repeat","background-position":"center center","background-size":"auto","background-attachment":"scroll","background-type":"","background-media":"","overlay-type":"","overlay-color":"","overlay-opacity":"","overlay-gradient":""},"mobile":{"background-color":"","background-image":"","background-repeat":"repeat","background-position":"center center","background-size":"auto","background-attachment":"scroll","background-type":"","background-media":"","overlay-type":"","overlay-color":"","overlay-opacity":"","overlay-gradient":""}},"ast-content-background-meta":{"desktop":{"background-color":"var(--ast-global-color-4)","background-image":"","background-repeat":"repeat","background-position":"center center","background-size":"auto","background-attachment":"scroll","background-type":"","background-media":"","overlay-type":"","overlay-color":"","overlay-opacity":"","overlay-gradient":""},"tablet":{"background-color":"var(--ast-global-color-4)","background-image":"","background-repeat":"repeat","background-position":"center center","background-size":"auto","background-attachment":"scroll","background-type":"","background-media":"","overlay-type":"","overlay-color":"","overlay-opacity":"","overlay-gradient":""},"mobile":{"background-color":"var(--ast-global-color-4)","background-image":"","background-repeat":"repeat","background-position":"center center","background-size":"auto","background-attachment":"scroll","background-type":"","background-media":"","overlay-type":"","overlay-color":"","overlay-opacity":"","overlay-gradient":""}},"iawp_total_views":3,"footnotes":""},"categories":[1649],"tags":[],"class_list":["post-4911","post","type-post","status-publish","format-standard","has-post-thumbnail","hentry","category-chronique-citation-du-jour-deuxieme-republique-victor-hugo"],"_links":{"self":[{"href":"https:\/\/histoire-en-citations.fr\/WP\/wp-json\/wp\/v2\/posts\/4911","targetHints":{"allow":["GET"]}}],"collection":[{"href":"https:\/\/histoire-en-citations.fr\/WP\/wp-json\/wp\/v2\/posts"}],"about":[{"href":"https:\/\/histoire-en-citations.fr\/WP\/wp-json\/wp\/v2\/types\/post"}],"author":[{"embeddable":true,"href":"https:\/\/histoire-en-citations.fr\/WP\/wp-json\/wp\/v2\/users\/1"}],"replies":[{"embeddable":true,"href":"https:\/\/histoire-en-citations.fr\/WP\/wp-json\/wp\/v2\/comments?post=4911"}],"version-history":[{"count":1,"href":"https:\/\/histoire-en-citations.fr\/WP\/wp-json\/wp\/v2\/posts\/4911\/revisions"}],"predecessor-version":[{"id":4912,"href":"https:\/\/histoire-en-citations.fr\/WP\/wp-json\/wp\/v2\/posts\/4911\/revisions\/4912"}],"wp:featuredmedia":[{"embeddable":true,"href":"https:\/\/histoire-en-citations.fr\/WP\/wp-json\/wp\/v2\/media\/11256"}],"wp:attachment":[{"href":"https:\/\/histoire-en-citations.fr\/WP\/wp-json\/wp\/v2\/media?parent=4911"}],"wp:term":[{"taxonomy":"category","embeddable":true,"href":"https:\/\/histoire-en-citations.fr\/WP\/wp-json\/wp\/v2\/categories?post=4911"},{"taxonomy":"post_tag","embeddable":true,"href":"https:\/\/histoire-en-citations.fr\/WP\/wp-json\/wp\/v2\/tags?post=4911"}],"curies":[{"name":"wp","href":"https:\/\/api.w.org\/{rel}","templated":true}]}}