{"id":5039,"date":"2018-10-08T00:00:00","date_gmt":"2018-10-07T22:00:00","guid":{"rendered":"https:\/\/histoire-en-citations.fr\/WP\/2025\/06\/21\/france-puisquelle-la-troisieme-republique-gouverne-peu-je-lui-pardonne-de-gouverner-mal\/"},"modified":"2025-08-12T08:43:55","modified_gmt":"2025-08-12T06:43:55","slug":"france-puisquelle-la-troisieme-republique-gouverne-peu-je-lui-pardonne-de-gouverner-mal","status":"publish","type":"post","link":"https:\/\/histoire-en-citations.fr\/WP\/france-puisquelle-la-troisieme-republique-gouverne-peu-je-lui-pardonne-de-gouverner-mal\/","title":{"rendered":"France : \u00ab Puisqu&#039;elle [la Troisi\u00e8me R\u00e9publique] gouverne peu, je lui pardonne de gouverner mal.\u00a0\u00bb"},"content":{"rendered":"<div class=\"field-item even\">\n<p>Anatole France et Clemenceau se font de nouveau \u00e9cho, dans <em>l\u2019Histoire en citations<\/em>. M\u00eame critique de cette R\u00e9publique qu\u2019on peut juger en bout de course, d\u2019autant qu\u2019elle va droit vers l\u2019abime \u2013 la Guerre mondiale. Mais le pire n\u2019est jamais s\u00fbr, m\u00eame en politique, la France est r\u00e9publicaine envers et contre tout \u2013 et les historiens (\u00e0 partir de 1930) \u00e9voquent la \u00ab\u00a0Belle \u00c9poque\u00a0\u00bb.<\/p>\n<blockquote>\n<p class=\"citation\"><span class=\"enonce\">\u00ab\u00a0Puisqu\u2019elle [la Troisi\u00e8me R\u00e9publique] gouverne peu, je lui pardonne de gouverner mal.\u00a0\u00bb<span id=\"2390\" class=\"cit-num\">2390<\/span><\/span><\/p>\n<p class=\"auteur\"><span data-href=\"\/auteurs\/anatole-france\"><span class=\"author\"><span class=\"surname\">Anatole <\/span><span class=\"name\"><span class=\"caps\">FRANCE<\/span><\/span><\/span><\/span> (1844-1924), <cite>Histoire contemporaine<\/cite> (publi\u00e9e de\u00a01897 \u00e0\u00a01901)<\/p>\n<\/blockquote>\n<p class=\"ressi\">La R\u00e9publique est install\u00e9e\u00a0: mod\u00e9r\u00e9e, mais surtout faible. La faute en revient aux hommes qui gouvernent et aux institutions qui ont d\u00e9bouch\u00e9 sur un parlementarisme o\u00f9 les crises se multiplient. Anatole France pr\u00eate son scepticisme intellectuel et souvent d\u00e9sabus\u00e9 \u00e0 son h\u00e9ros, M.\u00a0Bergeret, qui prend la d\u00e9fense du r\u00e9gime, faisant un \u00e9loge inattendu des faiblesses de cette R\u00e9publique d\u00e9cri\u00e9e.<\/p>\n<p>L\u2019ensemble de son <em>Histoire contemporaine<\/em>, rappelant l\u2019Affaire Dreyfus dans un pays majoritairement antidreyfusard (en tout cas au d\u00e9but), dresse quand m\u00eame un r\u00e9quisitoire contre la bourgeoisie fran\u00e7aise, cl\u00e9ricale, patriote, antis\u00e9mite et monarchiste. L\u2019auteur, intellectuel de gauche convaincu, socialiste et bient\u00f4t communiste, adopte un ton mod\u00e9r\u00e9, loin des vocif\u00e9rations oratoires et des pol\u00e9miques partisanes. Il garde son style classique, pratique volontiers la parodie et joue de l\u2019archa\u00efsme. Certains lecteurs ne comprennent pas, certains d\u00e9tracteurs se sentent vis\u00e9s par les sarcasmes dirig\u00e9s contre l\u2019extr\u00eame-droite. L\u2019histoire est pleine de malentendus, m\u00eame <a href=\"https:\/\/histoire-en-citations.fr\/WP\/indexation-le-lancement\/\">Clemenceau<\/a> en fera les frais, quand il sera au pouvoir.<\/p>\n<p class=\"panneau\">Toutes les citations qui suivent <br>sont comment\u00e9es dans nos <a href=\"https:\/\/histoire-en-citations.fr\/WP\/boutique\/\">Chroniques.<\/a><\/p>\n<blockquote>\n<p class=\"citation-small\">\u00ab\u00a0Il y a deux organes inutiles\u00a0: la prostate et le pr\u00e9sident de la R\u00e9publique.\u00a0\u00bb<span id=\"2391\" class=\"cit-num\">2391<\/span><\/p>\n<p class=\"auteur\"><a href=\"https:\/\/histoire-en-citations.fr\/WP\/indexation-le-lancement\/\">Georges <span class=\"caps\">CLEMENCEAU<\/span><\/a>, <em>Histoire des pr\u00e9sidents de la R\u00e9publique\u00a0: de Louis Napol\u00e9on Bonaparte \u00e0 Charles de Gaulle<\/em> (1960), Adrien Dansette<\/p>\n<\/blockquote>\n<p>Une des raisons de la faiblesse du r\u00e9gime\u00a0: le Pr\u00e9sident n\u2019est l\u00e0 que pour \u00ab\u00a0inaugurer les chrysanth\u00e8mes\u00a0\u00bb. Expression du g\u00e9n\u00e9ral <a href=\"https:\/\/histoire-en-citations.fr\/WP\/indexation-2\/\">de Gaulle<\/a> et c\u2019est d\u2019ailleurs lui qui va changer le fonctionnement des institutions fran\u00e7aises sous la Cinqui\u00e8me R\u00e9publique, en redonnant le pouvoir ex\u00e9cutif au Pr\u00e9sident et en sacralisant son \u00e9lection par le suffrage universel.<\/p>\n<blockquote>\n<p class=\"citation-small\">\u00ab\u00a0Michelet appelait la R\u00e9publique\u00a0: \u00ab\u00a0une grande amiti\u00e9\u00a0\u00bb. Michelet \u00e9tait un po\u00e8te et les temps sont chang\u00e9s\u00a0: la R\u00e9publique n\u2019est plus qu\u2019une grande camaraderie.\u00a0\u00bb<span id=\"2393\" class=\"cit-num\">2393<\/span><\/p>\n<p class=\"auteur\">Robert de <span class=\"caps\">JOUVENEL<\/span>, <em>La R\u00e9publique des camarades<\/em> (1913)<\/p>\n<\/blockquote>\n<p>Ce titre d\u00e9finit le r\u00e9gime\u00a0: allusion directe \u00e0 l\u2019influence de la camaraderie sur la vie publique de la Troisi\u00e8me. Les m\u00eames hommes se retrouvent, dans des minist\u00e8res qui se succ\u00e8dent et se ressemblent, la politique devient \u00e0 la fois un m\u00e9tier et un jeu\u00a0: les acteurs seront souvent m\u00e9diocres et le spectacle de la \u00ab\u00a0politique politicienne\u00a0\u00bb lassera le pays.<\/p>\n<blockquote>\n<p class=\"citation-small\">\u00ab\u00a0Y\u2019en a qui s\u2019plaisent \u00e0 contredire, \/ Qui n\u2019aiment rien et qui s\u2019plaignent de tout\u00a0:<br>Royaut\u00e9, R\u00e9publique, Empire, \/ On n\u2019peut jamais faire \u00e0 leur go\u00fbt.<br>Quoiqu\u2019on fasse, quoiqu\u2019on \u00e9crive, \/ Moi j\u2019n\u2019y mets pas d\u2019acharnement,<br>Mais toujours et quoi qu\u2019il arrive [\u2026] \/ J\u2019suis d\u2019l\u2019avis du gouvernement.\u00a0\u00bb<span id=\"2398\" class=\"cit-num\">2398<\/span><\/p>\n<p class=\"auteur\">Aristide <span class=\"caps\">BRUANT<\/span>,<em> J\u2019suis d\u2019l\u2019avis du gouvernement<\/em>, chanson. <em>Histoire de France par les chansons<\/em> (1982), France Vernillat, Pierre Barbier<\/p>\n<\/blockquote>\n<p>Parolier populaire et un brin anar, il donne un reflet de la r\u00e9alit\u00e9 sociale au tournant du si\u00e8cle. Les oppositions donnent souvent de la voix, mais malgr\u00e9 tout, la majorit\u00e9 du pays s\u2019est habitu\u00e9e \u00e0 la R\u00e9publique.<\/p>\n<\/div>\n<style>\r\n        a .cit-num {\r\n            text-decoration: none !important;\r\n            color: inherit !important;\r\n        }\r\n    <\/style>","protected":false},"excerpt":{"rendered":"<p>Anatole France et Clemenceau se font de nouveau \u00e9cho, dans l\u2019Histoire en citations. M\u00eame critique de cette R\u00e9publique qu\u2019on peut juger en bout de course, d\u2019autant qu\u2019elle va droit vers l\u2019abime &#8211; la Guerre mondiale. Mais le pire n\u2019est jamais s\u00fbr, m\u00eame en politique, la France est r\u00e9publicaine envers et contre tout &#8211; et les [&#8230;]<\/p>\n","protected":false},"author":1,"featured_media":0,"comment_status":"open","ping_status":"open","sticky":false,"template":"","format":"standard","meta":{"site-sidebar-layout":"default","site-content-layout":"","ast-site-content-layout":"default","site-content-style":"default","site-sidebar-style":"default","ast-global-header-display":"","ast-banner-title-visibility":"","ast-main-header-display":"","ast-hfb-above-header-display":"","ast-hfb-below-header-display":"","ast-hfb-mobile-header-display":"","site-post-title":"","ast-breadcrumbs-content":"","ast-featured-img":"","footer-sml-layout":"","theme-transparent-header-meta":"","adv-header-id-meta":"","stick-header-meta":"","header-above-stick-meta":"","header-main-stick-meta":"","header-below-stick-meta":"","astra-migrate-meta-layouts":"default","ast-page-background-enabled":"default","ast-page-background-meta":{"desktop":{"background-color":"var(--ast-global-color-5)","background-image":"","background-repeat":"repeat","background-position":"center center","background-size":"auto","background-attachment":"scroll","background-type":"","background-media":"","overlay-type":"","overlay-color":"","overlay-opacity":"","overlay-gradient":""},"tablet":{"background-color":"","background-image":"","background-repeat":"repeat","background-position":"center center","background-size":"auto","background-attachment":"scroll","background-type":"","background-media":"","overlay-type":"","overlay-color":"","overlay-opacity":"","overlay-gradient":""},"mobile":{"background-color":"","background-image":"","background-repeat":"repeat","background-position":"center center","background-size":"auto","background-attachment":"scroll","background-type":"","background-media":"","overlay-type":"","overlay-color":"","overlay-opacity":"","overlay-gradient":""}},"ast-content-background-meta":{"desktop":{"background-color":"var(--ast-global-color-4)","background-image":"","background-repeat":"repeat","background-position":"center center","background-size":"auto","background-attachment":"scroll","background-type":"","background-media":"","overlay-type":"","overlay-color":"","overlay-opacity":"","overlay-gradient":""},"tablet":{"background-color":"var(--ast-global-color-4)","background-image":"","background-repeat":"repeat","background-position":"center center","background-size":"auto","background-attachment":"scroll","background-type":"","background-media":"","overlay-type":"","overlay-color":"","overlay-opacity":"","overlay-gradient":""},"mobile":{"background-color":"var(--ast-global-color-4)","background-image":"","background-repeat":"repeat","background-position":"center center","background-size":"auto","background-attachment":"scroll","background-type":"","background-media":"","overlay-type":"","overlay-color":"","overlay-opacity":"","overlay-gradient":""}},"iawp_total_views":57,"footnotes":""},"categories":[3],"tags":[],"class_list":["post-5039","post","type-post","status-publish","format-standard","hentry","category-citation-du-jour"],"_links":{"self":[{"href":"https:\/\/histoire-en-citations.fr\/WP\/wp-json\/wp\/v2\/posts\/5039","targetHints":{"allow":["GET"]}}],"collection":[{"href":"https:\/\/histoire-en-citations.fr\/WP\/wp-json\/wp\/v2\/posts"}],"about":[{"href":"https:\/\/histoire-en-citations.fr\/WP\/wp-json\/wp\/v2\/types\/post"}],"author":[{"embeddable":true,"href":"https:\/\/histoire-en-citations.fr\/WP\/wp-json\/wp\/v2\/users\/1"}],"replies":[{"embeddable":true,"href":"https:\/\/histoire-en-citations.fr\/WP\/wp-json\/wp\/v2\/comments?post=5039"}],"version-history":[{"count":2,"href":"https:\/\/histoire-en-citations.fr\/WP\/wp-json\/wp\/v2\/posts\/5039\/revisions"}],"predecessor-version":[{"id":13141,"href":"https:\/\/histoire-en-citations.fr\/WP\/wp-json\/wp\/v2\/posts\/5039\/revisions\/13141"}],"wp:attachment":[{"href":"https:\/\/histoire-en-citations.fr\/WP\/wp-json\/wp\/v2\/media?parent=5039"}],"wp:term":[{"taxonomy":"category","embeddable":true,"href":"https:\/\/histoire-en-citations.fr\/WP\/wp-json\/wp\/v2\/categories?post=5039"},{"taxonomy":"post_tag","embeddable":true,"href":"https:\/\/histoire-en-citations.fr\/WP\/wp-json\/wp\/v2\/tags?post=5039"}],"curies":[{"name":"wp","href":"https:\/\/api.w.org\/{rel}","templated":true}]}}