{"id":5139,"date":"2017-10-01T00:00:00","date_gmt":"2017-09-30T22:00:00","guid":{"rendered":"https:\/\/histoire-en-citations.fr\/WP\/2025\/06\/21\/les-miserables-de-victor-hugo\/"},"modified":"2025-07-19T09:16:46","modified_gmt":"2025-07-19T07:16:46","slug":"les-miserables-de-victor-hugo","status":"publish","type":"post","link":"https:\/\/histoire-en-citations.fr\/WP\/les-miserables-de-victor-hugo\/","title":{"rendered":"Les Mis\u00e9rables de Victor Hugo"},"content":{"rendered":"<div class=\"field-item even\">\n<p><img fetchpriority=\"high\" decoding=\"async\" src=\"https:\/\/histoire-en-citations.fr\/WP\/wp-content\/uploads\/2025\/06\/miserables_hugo_citations.jpg\" style=\"margin-left: auto;margin-right: auto\" width=\"400\" height=\"434\"><\/p>\n<blockquote>\n<p class=\"citation-small\">\u00ab\u00a0Un g\u00e9n\u00e9ral anglais leur cria\u00a0: Braves Fran\u00e7ais, rendez-vous\u00a0! Cambronne r\u00e9pondit\u00a0: Merde\u00a0! [\u2026] Foudroyer d\u2019un tel mot le tonnerre qui vous tue, c\u2019est vaincre.\u00a0\u00bb<\/p>\n<p class=\"auteur\">Victor <span class=\"caps\">HUGO<\/span> (1802-1885), <em>Les Mis\u00e9rables<\/em> (1862)<\/p>\n<\/blockquote>\n<p>Le \u00ab\u00a0mot de Cambronne\u00a0\u00bb est pass\u00e9 \u00e0 la post\u00e9rit\u00e9\u00a0: anecdote rapport\u00e9e par Hugo dans son roman, Sacha Guitry lui d\u00e9dia une aimable pi\u00e8ce titr\u00e9e Le Mot de Cambronne.<\/p>\n<p>On ne pr\u00eate qu\u2019aux riches\u00a0: Pierre Jacques \u00c9tienne, vicomte de Cambronne, fit un beau parcours militaire. Engag\u00e9 parmi les volontaires de 1792, il participe aux campagnes de la R\u00e9volution et de l\u2019Empire. Nomm\u00e9 major g\u00e9n\u00e9ral de la garde imp\u00e9riale, il suit Napol\u00e9on \u00e0 l\u2019\u00eele d\u2019Elbe, revient avec lui en 1815, est fait comte et pair de France sous les Cent-Jours et s\u2019illustre \u00e0 Waterloo, dans ce \u00ab\u00a0dernier carr\u00e9\u00a0\u00bb de la Vieille Garde, qui va r\u00e9sister jusqu\u2019au bout.<\/p>\n<blockquote>\n<p class=\"citation-small\">\u00ab\u00a0Waterloo n\u2019est point une bataille\u00a0: c\u2019est le changement de front de l\u2019univers.\u00a0\u00bb<\/p>\n<p class=\"auteur\">Victor <span class=\"caps\">HUGO<\/span> (1802-1885), <em>Les Mis\u00e9rables<\/em> (1862)<\/p>\n<\/blockquote>\n<p>Dans ce roman en dix volumes, Hugo brosse une vaste fresque historique, sociale, humaine. Et Waterloo demeure \u00e0 jamais l\u2019un des moments cl\u00e9s de l\u2019histoire de la France.<\/p>\n<blockquote>\n<p class=\"citation-small\">\u00ab\u00a01817 est l\u2019ann\u00e9e que Louis <span class=\"caps\">XVIII<\/span>, avec un certain aplomb royal qui ne manquait pas de fiert\u00e9, qualifiait de vingt-deuxi\u00e8me de son r\u00e8gne.\u00a0\u00bb<\/p>\n<p class=\"auteur\">Victor <span class=\"caps\">HUGO<\/span> (1802-1885), <em>Les Mis\u00e9rables<\/em> (1862)<\/p>\n<\/blockquote>\n<p>Pour les amateurs de calcul, rappelons que 1817 moins 22 \u00e9gale 1795, date de la mort (officielle) de Louis <span class=\"caps\">XVII<\/span> le dauphin, ann\u00e9e o\u00f9 le comte de Provence en exil fut proclam\u00e9 Louis <span class=\"caps\">XVIII<\/span>. Le compte est bon.<\/p>\n<blockquote>\n<p class=\"citation-small\">\u00ab\u00a0On a voulu, \u00e0 tort, faire de la bourgeoisie une classe. La bourgeoisie est tout simplement la portion content\u00e9e du peuple. Le bourgeois, c\u2019est l\u2019homme qui a maintenant le temps de s\u2019asseoir. Une chaise n\u2019est pas une caste.\u00a0\u00bb<\/p>\n<p class=\"auteur\">Victor <span class=\"caps\">HUGO<\/span> (1802-1885), <em>Les Mis\u00e9rables<\/em> (1862)<\/p>\n<\/blockquote>\n<p>D\u2019abord r\u00e9serv\u00e9 face \u00e0 Louis-Philippe, Hugo est conquis par sa belle-fille, la jeune duchesse d\u2019Orl\u00e9ans.<\/p>\n<p>Mais la mort accidentelle de son mari, prince h\u00e9ritier, ruine ses r\u00eaves de futur ministre. Nomm\u00e9 pair de France en 1845, il se bat contre la peine de mort, l\u2019injustice sociale. Son parcours politique d\u2019homme de gauche et de coeur ne fait que commencer.<\/p>\n<blockquote>\n<p class=\"citation-small\">\u00ab\u00a0Louis-Philippe \u00e9tait un homme rare [\u2026] tr\u00e8s premier prince du sang tant qu\u2019il n\u2019avait \u00e9t\u00e9 qu\u2019altesse s\u00e9r\u00e9nissime, mais franc bourgeois le jour o\u00f9 il fut majest\u00e9.\u00a0\u00bb<\/p>\n<p class=\"auteur\">Victor <span class=\"caps\">HUGO<\/span> (1802-1885), <em>Les Mis\u00e9rables<\/em> (1862)<\/p>\n<\/blockquote>\n<p>Roi-citoyen amen\u00e9 au pouvoir par une r\u00e9volution, roi des barricades \u00e0 la t\u00eate d\u2019une monarchie bourgeoise qualifi\u00e9e de \u00ab\u00a0meilleure des r\u00e9publiques\u00a0\u00bb par certains, Louis-Philippe r\u00e9unit quelques-unes des ambigu\u00eft\u00e9s dont vivra et mourra ce r\u00e9gime.<\/p>\n<blockquote>\n<p class=\"citation-small\">\u00ab\u00a0Sa grande faute, la voici\u00a0: il a \u00e9t\u00e9 modeste au nom de la France.\u00a0\u00bb<\/p>\n<p class=\"auteur\">Victor <span class=\"caps\">HUGO<\/span> (1802-1885), <em>Les Mis\u00e9rables<\/em> (1862)<\/p>\n<\/blockquote>\n<p>Indulgent pour ce roi qui trouve gr\u00e2ce aux yeux de ce critique d\u2019ordinaire plus s\u00e9v\u00e8re pour les princes qui gouvernent la France, Hugo ajoute\u00a0: \u00ab\u00a0Louis-Philippe sera class\u00e9 parmi les hommes \u00e9minents de son si\u00e8cle, et serait rang\u00e9 parmi les gouvernements les plus illustres de l\u2019histoire, s\u2019il e\u00fbt aim\u00e9 la gloire et s\u2019il e\u00fbt eu le sentiment de ce qui est grand au m\u00eame degr\u00e9 que ce qui est utile.\u00a0\u00bb<\/p>\n<blockquote>\n<p class=\"citation-small\">\u00ab\u00a0Fichtre\u00a0! fit Gavroche. Voil\u00e0 qu\u2019on me tue mes morts.\u00a0\u00bb<\/p>\n<p class=\"auteur\">Victor <span class=\"caps\">HUGO<\/span> (1802-1885), <em>Les Mis\u00e9rables<\/em> (1862)<\/p>\n<\/blockquote>\n<p>Mot d\u2019un populaire gamin de Paris, ainsi mis en situation\u00a0: \u00ab\u00a0Au moment o\u00f9 Gavroche d\u00e9barrassait de ses cartouches un sergent gisant pr\u00e8s d\u2019une borne, une balle frappa le cadavre.\u00a0\u00bb<\/p>\n<p>Hugo immortalise dans ce roman la premi\u00e8re grande insurrection r\u00e9publicaine sous la Monarchie de Juillet, les 5 et 6 juin 1832. Une manifestation aux fun\u00e9railles du g\u00e9n\u00e9ral Lamarque (d\u00e9put\u00e9 de l\u2019opposition) se termine en \u00e9meute, quand la garde nationale massacre les insurg\u00e9s, retranch\u00e9s rue du Clo\u00eetre-Saint-Merri\u00a0: barricades et pav\u00e9s font \u00e0 nouveau l\u2019histoire, et la une des journaux de l\u2019\u00e9poque.<\/p>\n<\/div>\n<style>\r\n        a .cit-num {\r\n            text-decoration: none !important;\r\n            color: inherit !important;\r\n        }\r\n    <\/style>","protected":false},"excerpt":{"rendered":"<p>\u00ab\u00a0Un g\u00e9n\u00e9ral anglais leur cria&nbsp;: Braves Fran\u00e7ais, rendez-vous&nbsp;! Cambronne r\u00e9pondit&nbsp;: Merde&nbsp;! [&#8230;] Foudroyer d\u2019un tel mot le tonnerre qui vous tue, c\u2019est vaincre.\u00a0\u00bb Victor HUGO (1802-1885), Les Mis\u00e9rables (1862) Le \u00ab\u00a0mot de Cambronne\u00a0\u00bb est pass\u00e9 \u00e0 la post\u00e9rit\u00e9&nbsp;: anecdote rapport\u00e9e par Hugo dans son roman, Sacha Guitry lui d\u00e9dia une aimable pi\u00e8ce titr\u00e9e Le Mot [&#8230;]<\/p>\n","protected":false},"author":1,"featured_media":0,"comment_status":"open","ping_status":"open","sticky":false,"template":"","format":"standard","meta":{"site-sidebar-layout":"default","site-content-layout":"","ast-site-content-layout":"default","site-content-style":"default","site-sidebar-style":"default","ast-global-header-display":"","ast-banner-title-visibility":"","ast-main-header-display":"","ast-hfb-above-header-display":"","ast-hfb-below-header-display":"","ast-hfb-mobile-header-display":"","site-post-title":"","ast-breadcrumbs-content":"","ast-featured-img":"","footer-sml-layout":"","theme-transparent-header-meta":"","adv-header-id-meta":"","stick-header-meta":"","header-above-stick-meta":"","header-main-stick-meta":"","header-below-stick-meta":"","astra-migrate-meta-layouts":"default","ast-page-background-enabled":"default","ast-page-background-meta":{"desktop":{"background-color":"var(--ast-global-color-5)","background-image":"","background-repeat":"repeat","background-position":"center center","background-size":"auto","background-attachment":"scroll","background-type":"","background-media":"","overlay-type":"","overlay-color":"","overlay-opacity":"","overlay-gradient":""},"tablet":{"background-color":"","background-image":"","background-repeat":"repeat","background-position":"center center","background-size":"auto","background-attachment":"scroll","background-type":"","background-media":"","overlay-type":"","overlay-color":"","overlay-opacity":"","overlay-gradient":""},"mobile":{"background-color":"","background-image":"","background-repeat":"repeat","background-position":"center center","background-size":"auto","background-attachment":"scroll","background-type":"","background-media":"","overlay-type":"","overlay-color":"","overlay-opacity":"","overlay-gradient":""}},"ast-content-background-meta":{"desktop":{"background-color":"var(--ast-global-color-4)","background-image":"","background-repeat":"repeat","background-position":"center center","background-size":"auto","background-attachment":"scroll","background-type":"","background-media":"","overlay-type":"","overlay-color":"","overlay-opacity":"","overlay-gradient":""},"tablet":{"background-color":"var(--ast-global-color-4)","background-image":"","background-repeat":"repeat","background-position":"center center","background-size":"auto","background-attachment":"scroll","background-type":"","background-media":"","overlay-type":"","overlay-color":"","overlay-opacity":"","overlay-gradient":""},"mobile":{"background-color":"var(--ast-global-color-4)","background-image":"","background-repeat":"repeat","background-position":"center center","background-size":"auto","background-attachment":"scroll","background-type":"","background-media":"","overlay-type":"","overlay-color":"","overlay-opacity":"","overlay-gradient":""}},"iawp_total_views":35,"footnotes":""},"categories":[7],"tags":[],"class_list":["post-5139","post","type-post","status-publish","format-standard","hentry","category-chronique-du-jour"],"_links":{"self":[{"href":"https:\/\/histoire-en-citations.fr\/WP\/wp-json\/wp\/v2\/posts\/5139","targetHints":{"allow":["GET"]}}],"collection":[{"href":"https:\/\/histoire-en-citations.fr\/WP\/wp-json\/wp\/v2\/posts"}],"about":[{"href":"https:\/\/histoire-en-citations.fr\/WP\/wp-json\/wp\/v2\/types\/post"}],"author":[{"embeddable":true,"href":"https:\/\/histoire-en-citations.fr\/WP\/wp-json\/wp\/v2\/users\/1"}],"replies":[{"embeddable":true,"href":"https:\/\/histoire-en-citations.fr\/WP\/wp-json\/wp\/v2\/comments?post=5139"}],"version-history":[{"count":1,"href":"https:\/\/histoire-en-citations.fr\/WP\/wp-json\/wp\/v2\/posts\/5139\/revisions"}],"predecessor-version":[{"id":5141,"href":"https:\/\/histoire-en-citations.fr\/WP\/wp-json\/wp\/v2\/posts\/5139\/revisions\/5141"}],"wp:attachment":[{"href":"https:\/\/histoire-en-citations.fr\/WP\/wp-json\/wp\/v2\/media?parent=5139"}],"wp:term":[{"taxonomy":"category","embeddable":true,"href":"https:\/\/histoire-en-citations.fr\/WP\/wp-json\/wp\/v2\/categories?post=5139"},{"taxonomy":"post_tag","embeddable":true,"href":"https:\/\/histoire-en-citations.fr\/WP\/wp-json\/wp\/v2\/tags?post=5139"}],"curies":[{"name":"wp","href":"https:\/\/api.w.org\/{rel}","templated":true}]}}