{"id":5143,"date":"2017-10-01T00:00:00","date_gmt":"2017-09-30T22:00:00","guid":{"rendered":"https:\/\/histoire-en-citations.fr\/WP\/2025\/06\/21\/charles-maurras\/"},"modified":"2025-07-19T09:16:46","modified_gmt":"2025-07-19T07:16:46","slug":"charles-maurras","status":"publish","type":"post","link":"https:\/\/histoire-en-citations.fr\/WP\/charles-maurras\/","title":{"rendered":"Charles Maurras"},"content":{"rendered":"<div class=\"field-item even\">\n<p><img fetchpriority=\"high\" decoding=\"async\" src=\"https:\/\/histoire-en-citations.fr\/WP\/wp-content\/uploads\/2025\/06\/maurras_citations.jpg\" style=\"margin-left: auto;margin-right: auto\" width=\"400\" height=\"440\"><\/p>\n<blockquote>\n<p class=\"citation-small\">\u00ab\u00a0Au moral, la haine de l\u2019esprit militaire, au mat\u00e9riel, un d\u00e9sarmement qui attire la guerre comme l\u2019aimant le fer.\u00a0\u00bb<\/p>\n<p class=\"auteur\">Charles <span class=\"caps\">MAURRAS<\/span> (1868-1952), <em>Au signe de Flore\u00a0: souvenirs de vie politique, l\u2019affaire Dreyfus, la fondation de l\u2019Action fran\u00e7aise, 1898-1900<\/em> (1931)<\/p>\n<\/blockquote>\n<p>Le th\u00e9oricien du nationalisme int\u00e9gral sera hant\u00e9 \u00e0 vie par le souvenir de l\u2019affaire Dreyfus. Elle a de graves cons\u00e9quences.<\/p>\n<p>Militaires d\u2019abord. L\u2019arm\u00e9e en sort divis\u00e9e (on se bat en duel dans les garnisons, dreyfusards contre \u00ab\u00a0anti\u00a0\u00bb), affaiblie, discr\u00e9dit\u00e9e, \u00e9pur\u00e9e, et le Service de renseignements est remplac\u00e9 par la police civile qui ne sera pas de taille face au <span class=\"caps\">SR<\/span> allemand.<\/p>\n<p>Cons\u00e9quences psychologiques ensuite. La France va vivre en guerre de religion, deux camps se lan\u00e7ant leurs invectives\u00a0: haine raciale, violation des droits de l\u2019homme, contre antipatriotisme, antimilitarisme.<\/p>\n<p>Politiquement enfin, les r\u00e9publicains, mod\u00e9r\u00e9s, gravement divis\u00e9s sur l\u2019Affaire, vont s\u2019appuyer sur la gauche et finalement perdre le pouvoir au profit des radicaux. Le centrisme n\u2019est plus possible, il faut \u00eatre \u00e0 gauche ou \u00e0 droite, et le gouvernement en fait vite l\u2019exp\u00e9rience.<\/p>\n<blockquote>\n<p class=\"citation-small\">\u00ab\u00a0Si vous avez r\u00e9solu d\u2019\u00eatre patriote, vous serez obligatoirement royaliste, la raison le veut.\u00a0\u00bb<\/p>\n<p class=\"auteur\">Charles <span class=\"caps\">MAURRAS<\/span> (1868-1952),<em> L\u2019Enqu\u00eate sur la monarchie<\/em> (1900)<\/p>\n<\/blockquote>\n<p>Venant apr\u00e8s l\u2019affaire Dreyfus, annon\u00e7ant le renouveau du mouvement et la cr\u00e9ation du journal de l\u2019Action Fran\u00e7aise (1908-1944) dont il sera le principal animateur, Maurras d\u00e9fend le \u00ab\u00a0nationalisme int\u00e9gral\u00a0\u00bb et acquiert une consid\u00e9rable influence sur la partie la plus conservatrice de la bourgeoisie fran\u00e7aise. Maurras et Barr\u00e8s, bient\u00f4t P\u00e9guy et Claudel, vont inspirer un renouveau des valeurs nationales et traditionnelles. Les exc\u00e8s du syndicalisme r\u00e9volutionnaire et d\u2019un socialisme qui tombe souvent dans l\u2019antimilitarisme provocateur auront, par r\u00e9action, le m\u00eame effet.<\/p>\n<blockquote>\n<p class=\"citation-small\">\u00ab\u00a0Il n\u2019est pas une id\u00e9e n\u00e9e d\u2019un esprit humain qui n\u2019ait fait couler du sang sur la terre.\u00a0\u00bb<\/p>\n<p class=\"auteur\">Charles <span class=\"caps\">MAURRAS<\/span> (1868-1952),<em> La Dentelle du rempart<\/em> (1937)<\/p>\n<\/blockquote>\n<p>Une des le\u00e7ons de l\u2019histoire, de France, d\u2019ailleurs et de toujours, mais qui prend une v\u00e9rit\u00e9 plus dramatique au coeur du <span class=\"caps\">XX<\/span>e si\u00e8cle, o\u00f9 la guerre des id\u00e9ologies l\u2019emporte sur la guerre des patries.<\/p>\n<p>Les statistiques ne comptent plus par milliers, mais par millions les victimes des \u00ab\u00a0ismes\u00a0\u00bb\u00a0: hitl\u00e9risme, fascisme, stalinisme, communisme.<\/p>\n<blockquote>\n<p class=\"citation-small\">\u00ab\u00a0Oui ou non, l\u2019institution d\u2019une monarchie traditionnelle, h\u00e9r\u00e9ditaire, antiparlementaire et d\u00e9centralis\u00e9e n\u2019est-elle pas de salut public\u00a0?\u00a0\u00bb<\/p>\n<p class=\"auteur\">Charles <span class=\"caps\">MAURRAS<\/span> (1868-1952),<em> Enqu\u00eate sur la monarchie, Discours pr\u00e9liminaire<\/em> (1924)<\/p>\n<\/blockquote>\n<p>L\u2019\u00e9crivain se situe clairement \u00e0 l\u2019extr\u00eame droite, sur l\u2019\u00e9chiquier politique. La R\u00e9publique a trouv\u00e9 gr\u00e2ce \u00e0 ses yeux, au lendemain de la victoire. Puis le combat reprend contre le r\u00e9gime et la d\u00e9mocratie, synonyme de \u00ab\u00a0mort politique\u00a0\u00bb.<\/p>\n<p>La France \u00e9tant devenue profond\u00e9ment r\u00e9publicaine, les royalistes ne sont plus qu\u2019une secte \u2013 qui s\u00e9duit des intellectuels aussi prestigieux que Gide, Proust, le jeune Malraux. Et Mauriac confie \u00e0 Roger St\u00e9phane (cit\u00e9 dans <em>Tout est bien<\/em>)\u00a0: \u00ab\u00a0On ne pouvait pas ne pas lire L\u2019Action Fran\u00e7aise, c\u2019\u00e9tait le journal le mieux \u00e9crit et le plus intelligent.\u00a0\u00bb Sa mise \u00e0 l\u2019Index par le Vatican (1926) r\u00e9duira son audience dans les milieux catholiques.<\/p>\n<blockquote>\n<p class=\"citation-small\">\u00ab\u00a0L\u2019ennemi num\u00e9ro un [\u2026] est l\u2019Allemagne. Apr\u00e8s Hitler, ou, qui sait\u00a0? avant lui, sur un tout autre plan, il y a un autre ennemi. C\u2019est la R\u00e9publique d\u00e9mocratique, le r\u00e9gime \u00e9lectif et parlementaire l\u00e9galement superpos\u00e9 comme un masque grotesque et r\u00e9pugnant \u00e0 l\u2019\u00eatre r\u00e9el du pays fran\u00e7ais.\u00a0\u00bb<\/p>\n<p class=\"auteur\">Charles <span class=\"caps\">MAURRAS<\/span> (1868-1952), <em>L\u2019Action Fran\u00e7aise<\/em>, 11 janvier 1937. <em>L\u2019Action fran\u00e7aise<\/em> (1964), Eugen Weber<\/p>\n<\/blockquote>\n<p>Front populaire et situation internationale exacerbent les divisions et renforcent les partis de droite\u00a0: 2 millions d\u2019adh\u00e9rents au Parti social fran\u00e7ais, le <span class=\"caps\">PSF<\/span> du colonel de La Rocque, 200 000 membres au Parti populaire fran\u00e7ais, le <span class=\"caps\">PPF<\/span> de Doriot, communiste repenti, devenu fasciste.<\/p>\n<p>Et Maurras influence toujours une classe dont il est \u00e0 la fois \u00ab\u00a0l\u2019enfant terrible et la mauvaise conscience\u00a0\u00bb (Roger St\u00e9phane). \u00c0 l\u2019\u00e9gard d\u2019Hitler, sa position est simple \u00e0 dire, sinon \u00e0 vivre\u00a0: il n\u2019est pas contre lui en tant que dictateur ni contre le fascisme en tant que doctrine \u2013 il serait m\u00eame plut\u00f4t pour un r\u00e9gime d\u2019\u00ab\u00a0ordre\u00a0\u00bb et une puissance susceptible de contrer l\u2019<span class=\"caps\">URSS<\/span> . Mais il est contre Hitler mena\u00e7ant la France, l\u2019int\u00e9grit\u00e9 de son territoire. Un an plus tard, il \u00e9crira\u00a0: \u00ab\u00a0Rien pour une guerre de doctrine, tout pour la d\u00e9fense de notre sol sacr\u00e9.\u00a0\u00bb<\/p>\n<blockquote>\n<p class=\"citation-small\">\u00ab\u00a0Que voulez-vous, Monsieur le pr\u00e9fet, soixante-dix ans de d\u00e9mocratie, \u00e7a se paie.\u00a0\u00bb<\/p>\n<p class=\"auteur\">Charles <span class=\"caps\">MAURRAS<\/span> (1868-1952), au pr\u00e9fet de la Vienne, juin 1940. <em>Encyclop\u00e6dia Universalis<\/em>, article \u00ab\u00a0Action fran\u00e7aise\u00a0\u00bb<\/p>\n<\/blockquote>\n<p>Cette d\u00e9faite de la France est une am\u00e8re victoire pour l\u2019homme de l\u2019Action fran\u00e7aise\u00a0: a-t-il assez dit que la d\u00e9mocratie, c\u2019est la mort politique d\u2019un pays\u00a0! Aussi a-t-il soutenu Mussolini, Franco. Mais pas Hitler, ennemi parce qu\u2019envahisseur du sol sacr\u00e9 \u2013 le ma\u00eetre du Reich a proclam\u00e9 son intention de prendre sa revanche, apr\u00e8s la honte du trait\u00e9 de Versailles, et Maurras y a cru\u00a0! P\u00e9tain va lui appara\u00eetre comme le dernier recours.<\/p>\n<blockquote>\n<p class=\"citation-small\">\u00ab\u00a0Avec P\u00e9tain, nous sortions du tunnel de 1789.\u00a0\u00bb<\/p>\n<p class=\"auteur\">Charles <span class=\"caps\">MAURRAS<\/span> (1868-1952).<em> L\u2019Action fran\u00e7aise et l\u2019\u00e9tranger<\/em> (2002), Claude Hauser, Catherine Pomeyrols<\/p>\n<\/blockquote>\n<p>Il est de ces Fran\u00e7ais, nombreux en 1940, que le r\u00e9gime de Vichy rassure. Les pleins pouvoirs \u00e0 P\u00e9tain, c\u2019est la fin de la d\u00e9mocratie et l\u2019av\u00e8nement de la \u00ab\u00a0r\u00e9volution nationale\u00a0\u00bb, avec la L\u00e9gion fran\u00e7aise des combattants institu\u00e9e pour la faire triompher (loi du 29 ao\u00fbt 1940), l\u2019anglophobie proclam\u00e9e, l\u2019antis\u00e9mitisme triomphant avec un statut pour les juifs, ou plut\u00f4t contre eux, premiers vis\u00e9s par la doctrine nazie, une s\u00e9rie de messages \u00ab\u00a0Travail, Famille, Patrie\u00a0\u00bb, un fascisme plus ou moins bien temp\u00e9r\u00e9.<\/p>\n<p>\u00catre p\u00e9tainiste est dans la logique de ce th\u00e9oricien d\u2019extr\u00eame droite, fondateur du \u00ab\u00a0nationalisme int\u00e9gral\u00a0\u00bb. Et la France, de fa\u00e7on plus ou moins convaincue ou contrainte, affich\u00e9e, r\u00e9sign\u00e9e, pratique, na\u00efve, demeure majoritairement vichyste et rassur\u00e9e par le Mar\u00e9chal.<\/p>\n<blockquote>\n<p class=\"citation-small\">\u00ab\u00a0C\u2019est la revanche de Dreyfus.\u00a0\u00bb<\/p>\n<p class=\"auteur\">Charles <span class=\"caps\">MAURRAS<\/span> (1868-1952), \u00e0 l\u2019\u00e9nonc\u00e9 du verdict, dernier jour de son proc\u00e8s \u00e0 Lyon, 27 janvier 1945. <em>Alfred Dreyfus\u00a0: l\u2019honneur d\u2019un patriote<\/em> (2006), Vincent Duclert<\/p>\n<\/blockquote>\n<p>L\u2019inspirateur de L\u2019Action Fran\u00e7aise, antidreyfusard et antis\u00e9mite affich\u00e9, qui soutint Mussolini, Franco et P\u00e9tain, est condamn\u00e9 \u00e0 la r\u00e9clusion \u00e0 perp\u00e9tuit\u00e9 pour avoir men\u00e9 une campagne contre la France, et radi\u00e9 de l\u2019Acad\u00e9mie fran\u00e7aise. Il sera graci\u00e9 peu de temps avant sa mort (1952). Drieu La Rochelle, longtemps h\u00e9sitant entre communisme et fascisme, s\u2019engagea \u00e0 corps perdu dans la collaboration et se suicida, devan\u00e7ant une condamnation qu\u2019il savait certaine.<\/p>\n<p>De nombreux \u00e9crivains seront mis \u00e0 l\u2019index\u00a0: Marcel Aym\u00e9, Ren\u00e9 Barjavel, Pierre Benoit, Henry Bordeaux, Alexis Carrel, C\u00e9line, Andr\u00e9 Demaison, Maurice Donnay, Paul Fort, Jean Giono, Sacha Guitry, Marcel Jouhandeau, Henry de Montherlant, Paul Morand, Jean de La Varende\u2026 Seul crime de la plupart d\u2019entre eux\u00a0: ils ont continu\u00e9 d\u2019\u00e9crire sous l\u2019occupation\u00a0; certains se sont rendus en Allemagne\u00a0; aucun ne fut antip\u00e9tainiste. Paulhan et Camus protestent contre ces \u00ab\u00a0listes noires\u00a0\u00bb et les peines trop s\u00e9v\u00e8res.<\/p>\n<\/div>\n<style>\r\n        a .cit-num {\r\n            text-decoration: none !important;\r\n            color: inherit !important;\r\n        }\r\n    <\/style>","protected":false},"excerpt":{"rendered":"<p>\u00ab\u00a0Au moral, la haine de l\u2019esprit militaire, au mat\u00e9riel, un d\u00e9sarmement qui attire la guerre comme l\u2019aimant le fer.\u00a0\u00bb Charles MAURRAS (1868-1952), Au signe de Flore&nbsp;: souvenirs de vie politique, l\u2019affaire Dreyfus, la fondation de l\u2019Action fran\u00e7aise, 1898-1900 (1931) Le th\u00e9oricien du nationalisme int\u00e9gral sera hant\u00e9 \u00e0 vie par le souvenir de l\u2019affaire Dreyfus. Elle [&#8230;]<\/p>\n","protected":false},"author":1,"featured_media":0,"comment_status":"open","ping_status":"open","sticky":false,"template":"","format":"standard","meta":{"site-sidebar-layout":"default","site-content-layout":"","ast-site-content-layout":"default","site-content-style":"default","site-sidebar-style":"default","ast-global-header-display":"","ast-banner-title-visibility":"","ast-main-header-display":"","ast-hfb-above-header-display":"","ast-hfb-below-header-display":"","ast-hfb-mobile-header-display":"","site-post-title":"","ast-breadcrumbs-content":"","ast-featured-img":"","footer-sml-layout":"","theme-transparent-header-meta":"","adv-header-id-meta":"","stick-header-meta":"","header-above-stick-meta":"","header-main-stick-meta":"","header-below-stick-meta":"","astra-migrate-meta-layouts":"default","ast-page-background-enabled":"default","ast-page-background-meta":{"desktop":{"background-color":"var(--ast-global-color-5)","background-image":"","background-repeat":"repeat","background-position":"center center","background-size":"auto","background-attachment":"scroll","background-type":"","background-media":"","overlay-type":"","overlay-color":"","overlay-opacity":"","overlay-gradient":""},"tablet":{"background-color":"","background-image":"","background-repeat":"repeat","background-position":"center center","background-size":"auto","background-attachment":"scroll","background-type":"","background-media":"","overlay-type":"","overlay-color":"","overlay-opacity":"","overlay-gradient":""},"mobile":{"background-color":"","background-image":"","background-repeat":"repeat","background-position":"center center","background-size":"auto","background-attachment":"scroll","background-type":"","background-media":"","overlay-type":"","overlay-color":"","overlay-opacity":"","overlay-gradient":""}},"ast-content-background-meta":{"desktop":{"background-color":"var(--ast-global-color-4)","background-image":"","background-repeat":"repeat","background-position":"center center","background-size":"auto","background-attachment":"scroll","background-type":"","background-media":"","overlay-type":"","overlay-color":"","overlay-opacity":"","overlay-gradient":""},"tablet":{"background-color":"var(--ast-global-color-4)","background-image":"","background-repeat":"repeat","background-position":"center center","background-size":"auto","background-attachment":"scroll","background-type":"","background-media":"","overlay-type":"","overlay-color":"","overlay-opacity":"","overlay-gradient":""},"mobile":{"background-color":"var(--ast-global-color-4)","background-image":"","background-repeat":"repeat","background-position":"center center","background-size":"auto","background-attachment":"scroll","background-type":"","background-media":"","overlay-type":"","overlay-color":"","overlay-opacity":"","overlay-gradient":""}},"iawp_total_views":103,"footnotes":""},"categories":[3],"tags":[],"class_list":["post-5143","post","type-post","status-publish","format-standard","hentry","category-citation-du-jour"],"_links":{"self":[{"href":"https:\/\/histoire-en-citations.fr\/WP\/wp-json\/wp\/v2\/posts\/5143","targetHints":{"allow":["GET"]}}],"collection":[{"href":"https:\/\/histoire-en-citations.fr\/WP\/wp-json\/wp\/v2\/posts"}],"about":[{"href":"https:\/\/histoire-en-citations.fr\/WP\/wp-json\/wp\/v2\/types\/post"}],"author":[{"embeddable":true,"href":"https:\/\/histoire-en-citations.fr\/WP\/wp-json\/wp\/v2\/users\/1"}],"replies":[{"embeddable":true,"href":"https:\/\/histoire-en-citations.fr\/WP\/wp-json\/wp\/v2\/comments?post=5143"}],"version-history":[{"count":1,"href":"https:\/\/histoire-en-citations.fr\/WP\/wp-json\/wp\/v2\/posts\/5143\/revisions"}],"predecessor-version":[{"id":5145,"href":"https:\/\/histoire-en-citations.fr\/WP\/wp-json\/wp\/v2\/posts\/5143\/revisions\/5145"}],"wp:attachment":[{"href":"https:\/\/histoire-en-citations.fr\/WP\/wp-json\/wp\/v2\/media?parent=5143"}],"wp:term":[{"taxonomy":"category","embeddable":true,"href":"https:\/\/histoire-en-citations.fr\/WP\/wp-json\/wp\/v2\/categories?post=5143"},{"taxonomy":"post_tag","embeddable":true,"href":"https:\/\/histoire-en-citations.fr\/WP\/wp-json\/wp\/v2\/tags?post=5143"}],"curies":[{"name":"wp","href":"https:\/\/api.w.org\/{rel}","templated":true}]}}