{"id":5153,"date":"2017-10-01T00:00:00","date_gmt":"2017-09-30T22:00:00","guid":{"rendered":"https:\/\/histoire-en-citations.fr\/WP\/2025\/06\/21\/simone-de-beauvoir\/"},"modified":"2025-07-19T09:16:46","modified_gmt":"2025-07-19T07:16:46","slug":"simone-de-beauvoir","status":"publish","type":"post","link":"https:\/\/histoire-en-citations.fr\/WP\/simone-de-beauvoir\/","title":{"rendered":"Simone de Beauvoir"},"content":{"rendered":"<div class=\"field-item even\">\n<p><img fetchpriority=\"high\" decoding=\"async\" src=\"https:\/\/histoire-en-citations.fr\/WP\/wp-content\/uploads\/2025\/06\/simone_de_beauvoir.jpg\" style=\"margin-left: auto;margin-right: auto\" width=\"400\" height=\"553\"><\/p>\n<blockquote>\n<p class=\"citation-small\">\u00ab\u00a0La v\u00e9rit\u00e9 est une, seule l\u2019erreur est multiple. Ce n\u2019est pas un hasard si la droite professe le pluralisme.\u00a0\u00bb<\/p>\n<p class=\"auteur\">Simone de <span class=\"caps\">BEAUVOIR<\/span> (1908-1986). <em>Les Temps modernes<\/em>, nos 109 \u00e0 115 (1955), Jean-Paul Sartre<\/p>\n<\/blockquote>\n<p>Ces mots datent de 1955, belle \u00e9poque du terrorisme intellectuel.<\/p>\n<p>Le sectarisme de la gauche communiste s\u00e9vit naturellement contre la droite, mais se d\u00e9cha\u00eene aussi en guerre des gauches.<\/p>\n<p>Il faudra attendre les ann\u00e9es 1980 \u2013 d\u00e9mobilisation, d\u00e9sillusion, d\u00e9politisation \u2013 pour voir le d\u00e9clin de tous les \u00ab\u00a0ismes\u00a0\u00bb.<\/p>\n<blockquote>\n<p class=\"citation-small\">\u00ab\u00a0Le pr\u00e9sent enveloppe le pass\u00e9 et dans le pass\u00e9 toute l\u2019Histoire a \u00e9t\u00e9 faite par des m\u00e2les.\u00a0\u00bb<\/p>\n<p class=\"auteur\">Simone de <span class=\"caps\">BEAUVOIR<\/span> (1908-1986), <em>Le Deuxi\u00e8me Sexe<\/em> (1949)<\/p>\n<\/blockquote>\n<p>Livre \u00e9v\u00e9nement dans l\u2019histoire du f\u00e9minisme, mouvement qui ne s\u2019est pas arr\u00eat\u00e9 au vote attribu\u00e9 aux femmes, apr\u00e8s la Lib\u00e9ration. Une femme est ministre (\u00e9ph\u00e9m\u00e8re) pour la premi\u00e8re fois en 1947\u00a0: Germaine Poinso-Chapuis (\u00e0 la Sant\u00e9 publique, dans le gouvernement Schuman).<\/p>\n<p>Mais c\u2019est la Cinqui\u00e8me R\u00e9publique qui, dans les ann\u00e9es 1970, verra aboutir l\u2019essentiel des luttes au f\u00e9minin, d\u2019o\u00f9 une \u00e9galit\u00e9 de droit, sinon de fait.<\/p>\n<blockquote>\n<p class=\"citation-small\">\u00ab\u00a0\u00c0 moiti\u00e9 victimes, \u00e0 moiti\u00e9 complices, comme tout le monde.\u00a0\u00bb<\/p>\n<p class=\"auteur\">Jean-Paul <span class=\"caps\">SARTRE<\/span> (1905-1980), cit\u00e9 en exergue par Simone de <span class=\"caps\">BEAUVOIR<\/span> (1908-1986), <em>Le Deuxi\u00e8me Sexe<\/em> (1949)<\/p>\n<\/blockquote>\n<p>Romanci\u00e8re existentialiste dont toutes les oeuvres se veulent \u00ab\u00a0signifiantes\u00a0\u00bb, \u00ab\u00a0Notre-Dame de Sartre\u00a0\u00bb fait scandale avec ce livre.<\/p>\n<p>Elle d\u00e9montre que la femme est \u00e0 l\u2019homme ce que le N\u00e8gre est au Blanc, un Autre inf\u00e9rioris\u00e9, irresponsable. Mais les femmes, \u00e0 l\u2019inverse des autres exploit\u00e9s de la terre, colonis\u00e9s ou prol\u00e9taires, sont rest\u00e9es soumises, complices des structures qui les oppriment, tombant dans les pi\u00e8ges du mariage et de la maternit\u00e9.<\/p>\n<p>Message pr\u00e9monitoire\u00a0: la g\u00e9n\u00e9ration suivante remettra en question le mariage traditionnel, cependant que par la contraception et l\u2019<span class=\"caps\">IVG<\/span>, la femme pour la premi\u00e8re fois dans l\u2019Histoire, aura le droit d\u2019avoir des enfants comme et quand elle le veut.<\/p>\n<\/div>\n<style>\r\n        a .cit-num {\r\n            text-decoration: none !important;\r\n            color: inherit !important;\r\n        }\r\n    <\/style>","protected":false},"excerpt":{"rendered":"<p>\u00ab\u00a0La v\u00e9rit\u00e9 est une, seule l\u2019erreur est multiple. Ce n\u2019est pas un hasard si la droite professe le pluralisme.\u00a0\u00bb Simone de BEAUVOIR (1908-1986). Les Temps modernes, nos 109 \u00e0 115 (1955), Jean-Paul Sartre Ces mots datent de 1955, belle \u00e9poque du terrorisme intellectuel.Le sectarisme de la gauche communiste s\u00e9vit naturellement contre la droite, mais se [&#8230;]<\/p>\n","protected":false},"author":1,"featured_media":0,"comment_status":"open","ping_status":"open","sticky":false,"template":"","format":"standard","meta":{"site-sidebar-layout":"default","site-content-layout":"","ast-site-content-layout":"default","site-content-style":"default","site-sidebar-style":"default","ast-global-header-display":"","ast-banner-title-visibility":"","ast-main-header-display":"","ast-hfb-above-header-display":"","ast-hfb-below-header-display":"","ast-hfb-mobile-header-display":"","site-post-title":"","ast-breadcrumbs-content":"","ast-featured-img":"","footer-sml-layout":"","theme-transparent-header-meta":"","adv-header-id-meta":"","stick-header-meta":"","header-above-stick-meta":"","header-main-stick-meta":"","header-below-stick-meta":"","astra-migrate-meta-layouts":"default","ast-page-background-enabled":"default","ast-page-background-meta":{"desktop":{"background-color":"var(--ast-global-color-5)","background-image":"","background-repeat":"repeat","background-position":"center center","background-size":"auto","background-attachment":"scroll","background-type":"","background-media":"","overlay-type":"","overlay-color":"","overlay-opacity":"","overlay-gradient":""},"tablet":{"background-color":"","background-image":"","background-repeat":"repeat","background-position":"center center","background-size":"auto","background-attachment":"scroll","background-type":"","background-media":"","overlay-type":"","overlay-color":"","overlay-opacity":"","overlay-gradient":""},"mobile":{"background-color":"","background-image":"","background-repeat":"repeat","background-position":"center center","background-size":"auto","background-attachment":"scroll","background-type":"","background-media":"","overlay-type":"","overlay-color":"","overlay-opacity":"","overlay-gradient":""}},"ast-content-background-meta":{"desktop":{"background-color":"var(--ast-global-color-4)","background-image":"","background-repeat":"repeat","background-position":"center center","background-size":"auto","background-attachment":"scroll","background-type":"","background-media":"","overlay-type":"","overlay-color":"","overlay-opacity":"","overlay-gradient":""},"tablet":{"background-color":"var(--ast-global-color-4)","background-image":"","background-repeat":"repeat","background-position":"center center","background-size":"auto","background-attachment":"scroll","background-type":"","background-media":"","overlay-type":"","overlay-color":"","overlay-opacity":"","overlay-gradient":""},"mobile":{"background-color":"var(--ast-global-color-4)","background-image":"","background-repeat":"repeat","background-position":"center center","background-size":"auto","background-attachment":"scroll","background-type":"","background-media":"","overlay-type":"","overlay-color":"","overlay-opacity":"","overlay-gradient":""}},"iawp_total_views":31,"footnotes":""},"categories":[3],"tags":[],"class_list":["post-5153","post","type-post","status-publish","format-standard","hentry","category-citation-du-jour"],"_links":{"self":[{"href":"https:\/\/histoire-en-citations.fr\/WP\/wp-json\/wp\/v2\/posts\/5153","targetHints":{"allow":["GET"]}}],"collection":[{"href":"https:\/\/histoire-en-citations.fr\/WP\/wp-json\/wp\/v2\/posts"}],"about":[{"href":"https:\/\/histoire-en-citations.fr\/WP\/wp-json\/wp\/v2\/types\/post"}],"author":[{"embeddable":true,"href":"https:\/\/histoire-en-citations.fr\/WP\/wp-json\/wp\/v2\/users\/1"}],"replies":[{"embeddable":true,"href":"https:\/\/histoire-en-citations.fr\/WP\/wp-json\/wp\/v2\/comments?post=5153"}],"version-history":[{"count":1,"href":"https:\/\/histoire-en-citations.fr\/WP\/wp-json\/wp\/v2\/posts\/5153\/revisions"}],"predecessor-version":[{"id":5155,"href":"https:\/\/histoire-en-citations.fr\/WP\/wp-json\/wp\/v2\/posts\/5153\/revisions\/5155"}],"wp:attachment":[{"href":"https:\/\/histoire-en-citations.fr\/WP\/wp-json\/wp\/v2\/media?parent=5153"}],"wp:term":[{"taxonomy":"category","embeddable":true,"href":"https:\/\/histoire-en-citations.fr\/WP\/wp-json\/wp\/v2\/categories?post=5153"},{"taxonomy":"post_tag","embeddable":true,"href":"https:\/\/histoire-en-citations.fr\/WP\/wp-json\/wp\/v2\/tags?post=5153"}],"curies":[{"name":"wp","href":"https:\/\/api.w.org\/{rel}","templated":true}]}}