{"id":5159,"date":"2017-09-30T00:00:00","date_gmt":"2017-09-29T22:00:00","guid":{"rendered":"https:\/\/histoire-en-citations.fr\/WP\/2025\/06\/21\/donner-du-pain-aux-travailleurs-du-travail-a-la-jeunesse-et-au-monde-la-grande-paix-humaine\/"},"modified":"2025-07-19T09:16:45","modified_gmt":"2025-07-19T07:16:45","slug":"donner-du-pain-aux-travailleurs-du-travail-a-la-jeunesse-et-au-monde-la-grande-paix-humaine","status":"publish","type":"post","link":"https:\/\/histoire-en-citations.fr\/WP\/donner-du-pain-aux-travailleurs-du-travail-a-la-jeunesse-et-au-monde-la-grande-paix-humaine\/","title":{"rendered":"\u00ab Donner du pain aux travailleurs, du travail \u00e0 la jeunesse, et au monde la grande paix humaine.\u00a0\u00bb"},"content":{"rendered":"<div class=\"field-item even\">\n<p>Douzi\u00e8me jour de notre s\u00e9rie de citations historiques sur le travail. L\u2019espoir dans le travail, le travail dans l\u2019espoir. Le Front populaire (1936) fait date et sens dans les faits, le socialisme \u00e0 la fran\u00e7aise reste une belle id\u00e9e de Mitterrand. Mais le travail est une r\u00e9alit\u00e9 trop universelle pour \u00eatre le monopole de la gauche.<\/p>\n<blockquote>\n<p class=\"citation\"><span class=\"enonce\">\u00ab\u00a0Donner du pain aux travailleurs, du travail \u00e0 la jeunesse, et au monde la grande paix humaine.\u00a0\u00bb<span id=\"2671\" class=\"cit-num\">2671<\/span><\/span><\/p>\n<p class=\"auteur\"><span data-href=\"\/auteurs\/andre-chamson\"><span class=\"author\"><span class=\"surname\">Andr\u00e9 <\/span><span class=\"name\"><span class=\"caps\">CHAMSON<\/span><\/span><\/span><\/span> (1900-1983), <span data-href=\"\/auteurs\/jean-guehenno\"><span class=\"author\"><span class=\"surname\">Jean <\/span><span class=\"name\"><span class=\"caps\">GU\u00c9HENNO<\/span><\/span><\/span><\/span> (1890-1978), <span data-href=\"\/auteurs\/jacques-kayser\"><span class=\"author\"><span class=\"surname\">Jacques <\/span><span class=\"name\"><span class=\"caps\">KAYSER<\/span><\/span><\/span><\/span> (1900-1963), Serment de la gauche au v\u00e9lodrome Buffalo \u00e0 Montrouge, 14\u00a0juillet 1935<\/p>\n<p class=\"source\"><cite>Socialistes \u00e0 Paris\u00a0: 1905-2005<\/cite> (2005), Laurent Villate.<\/p>\n<\/blockquote>\n<p class=\"ressi\">Deux intellectuels de gauche et un journaliste radical signent ce Serment et participent \u00e0 ce grand rassemblement populaire. Face \u00e0 la mont\u00e9e des p\u00e9rils (fascisme et nazisme), la \u00ab\u00a0grande paix humaine\u00a0\u00bb est bien menac\u00e9e. Le Front populaire fait d\u00e9j\u00e0 front, dans un climat politique, social, id\u00e9ologique et un contexte international de plus en plus difficiles. Les <a href=\"https:\/\/www.histoire-en-citations.fr\/indexation\/division-desunion\">divisions<\/a> de la France entre gauche et droite s\u2019exasp\u00e8rent de nouveau.<\/p>\n<p class=\"panneau\">Toutes les citations qui suivent <br>sont comment\u00e9es dans nos <a href=\"https:\/\/www.histoire-en-citations.fr\/boutique\">Chroniques.<\/a><\/p>\n<blockquote>\n<p class=\"citation-small\">\u00ab\u00a0Il est revenu un espoir, un go\u00fbt du travail, un go\u00fbt de la vie.\u00a0\u00bb<span id=\"2681\" class=\"cit-num\">2681<\/span><\/p>\n<p class=\"auteur\"><a href=\"https:\/\/www.histoire-en-citations.fr\/indexation\/blum\">L\u00e9on <span class=\"caps\">BLUM<\/span><\/a>, constat du chef du gouvernement, 31\u00a0d\u00e9cembre 1936<\/p>\n<\/blockquote>\n<p>\u00ab\u00a0\u2026 La France a une autre mine et un autre air. Le sang coule plus vite dans un corps rajeuni. Tout fait sentir qu\u2019en France, la condition humaine s\u2019est relev\u00e9e.\u00a0\u00bb Georges Duby confirme\u00a0: \u00ab\u00a0Il y a une exaltation de 1936 faite de foi dans l\u2019homme, de croyance au progr\u00e8s, de retour \u00e0 la nature, de fraternit\u00e9 qu\u2019on retrouve aussi bien dans les films de Renoir que dans ce roman de Malraux, <em>L\u2019Espoir<\/em>.\u00a0\u00bb Et les accords Matignon ont chang\u00e9 la vie des travailleurs\u00a0: augmentation des salaires, semaine de 40 heures, cong\u00e9s pay\u00e9s de 15 jours.<\/p>\n<blockquote>\n<p class=\"citation-small\">\u00ab\u00a0Comment ne pas r\u00eaver \u00e0 une soci\u00e9t\u00e9 id\u00e9ale o\u00f9 des hommes \u00e9gaux et justes dans une cit\u00e9 ordonn\u00e9e par leurs soins se r\u00e9partiraient les fruits de leur travail, toute forme de profit \u00e9cart\u00e9e, quand il n\u2019y a autour de soi qu\u2019exploitation de l\u2019homme par l\u2019homme.\u00a0\u00bb<span id=\"3195\" class=\"cit-num\">3195<\/span><\/p>\n<p class=\"auteur\"><a href=\"https:\/\/www.histoire-en-citations.fr\/indexation\/mitterrand\">Fran\u00e7ois <span class=\"caps\">MITTERRAND<\/span><\/a>, <em>Ici et maintenant<\/em> (1980)<\/p>\n<\/blockquote>\n<p>Dernier \u00e9crit avant son \u00e9lection \u00e0 la pr\u00e9sidence de la R\u00e9publique en mai 1981\u00a0: il donne \u00e0 r\u00eaver au \u00ab\u00a0socialisme \u00e0 la fran\u00e7aise\u00a0\u00bb, qui emprunte \u00e0 l\u2019utopie sociale et \u00e0 la th\u00e9orie marxiste, et qu\u2019il voudrait exemplaire pour le monde, ici et maintenant. L\u2019exemple ne fera pas vraiment \u00e9cole et d\u00e8s 1983, la France doit r\u00e9viser sa politique sociale.<\/p>\n<blockquote>\n<p class=\"citation-small\">\u00ab\u00a0Travailler plus pour gagner plus, c\u2019est mon programme.\u00a0\u00bb<span id=\"3404\" class=\"cit-num\">3404<\/span><\/p>\n<p class=\"auteur\"><a href=\"https:\/\/www.histoire-en-citations.fr\/indexation\/sarkozy\">Nicolas <span class=\"caps\">SARKOZY<\/span><\/a>, Discours de Rungis, 1er\u00a0f\u00e9vrier 2007<\/p>\n<\/blockquote>\n<p>La \u00ab\u00a0valeur travail\u00a0\u00bb avait une connotation marxiste, le candidat de la droite lui redonne un autre sens, \u00e9conomique, politique et id\u00e9ologique. Le \u00ab\u00a0travailler plus pour gagner plus\u00a0\u00bb est l\u2019un des points forts de sa campagne, d\u00e9clin\u00e9 en plusieurs versions. Il se heurtera \u00e0 la crise mondiale qui affole les statistiques du ch\u00f4mage durant tout le quinquennat.<\/p>\n<\/div>\n<style>\r\n        a .cit-num {\r\n            text-decoration: none !important;\r\n            color: inherit !important;\r\n        }\r\n    <\/style>","protected":false},"excerpt":{"rendered":"<p>Douzi\u00e8me jour de notre s\u00e9rie de citations historiques sur le travail. L\u2019espoir dans le travail, le travail dans l\u2019espoir. Le Front populaire (1936) fait date et sens dans les faits, le socialisme \u00e0 la fran\u00e7aise reste une belle id\u00e9e de Mitterrand. Mais le travail est une r\u00e9alit\u00e9 trop universelle pour \u00eatre le monopole de la [&#8230;]<\/p>\n","protected":false},"author":1,"featured_media":11320,"comment_status":"open","ping_status":"open","sticky":false,"template":"","format":"standard","meta":{"site-sidebar-layout":"default","site-content-layout":"","ast-site-content-layout":"default","site-content-style":"default","site-sidebar-style":"default","ast-global-header-display":"","ast-banner-title-visibility":"","ast-main-header-display":"","ast-hfb-above-header-display":"","ast-hfb-below-header-display":"","ast-hfb-mobile-header-display":"","site-post-title":"","ast-breadcrumbs-content":"","ast-featured-img":"","footer-sml-layout":"","theme-transparent-header-meta":"","adv-header-id-meta":"","stick-header-meta":"","header-above-stick-meta":"","header-main-stick-meta":"","header-below-stick-meta":"","astra-migrate-meta-layouts":"default","ast-page-background-enabled":"default","ast-page-background-meta":{"desktop":{"background-color":"var(--ast-global-color-5)","background-image":"","background-repeat":"repeat","background-position":"center center","background-size":"auto","background-attachment":"scroll","background-type":"","background-media":"","overlay-type":"","overlay-color":"","overlay-opacity":"","overlay-gradient":""},"tablet":{"background-color":"","background-image":"","background-repeat":"repeat","background-position":"center center","background-size":"auto","background-attachment":"scroll","background-type":"","background-media":"","overlay-type":"","overlay-color":"","overlay-opacity":"","overlay-gradient":""},"mobile":{"background-color":"","background-image":"","background-repeat":"repeat","background-position":"center center","background-size":"auto","background-attachment":"scroll","background-type":"","background-media":"","overlay-type":"","overlay-color":"","overlay-opacity":"","overlay-gradient":""}},"ast-content-background-meta":{"desktop":{"background-color":"var(--ast-global-color-4)","background-image":"","background-repeat":"repeat","background-position":"center center","background-size":"auto","background-attachment":"scroll","background-type":"","background-media":"","overlay-type":"","overlay-color":"","overlay-opacity":"","overlay-gradient":""},"tablet":{"background-color":"var(--ast-global-color-4)","background-image":"","background-repeat":"repeat","background-position":"center center","background-size":"auto","background-attachment":"scroll","background-type":"","background-media":"","overlay-type":"","overlay-color":"","overlay-opacity":"","overlay-gradient":""},"mobile":{"background-color":"var(--ast-global-color-4)","background-image":"","background-repeat":"repeat","background-position":"center center","background-size":"auto","background-attachment":"scroll","background-type":"","background-media":"","overlay-type":"","overlay-color":"","overlay-opacity":"","overlay-gradient":""}},"iawp_total_views":17,"footnotes":""},"categories":[1928],"tags":[],"class_list":["post-5159","post","type-post","status-publish","format-standard","has-post-thumbnail","hentry","category-andre-chamson-chronique-citation-du-jour-jacques-kayser-jean-guehenno-troisieme-republique"],"_links":{"self":[{"href":"https:\/\/histoire-en-citations.fr\/WP\/wp-json\/wp\/v2\/posts\/5159","targetHints":{"allow":["GET"]}}],"collection":[{"href":"https:\/\/histoire-en-citations.fr\/WP\/wp-json\/wp\/v2\/posts"}],"about":[{"href":"https:\/\/histoire-en-citations.fr\/WP\/wp-json\/wp\/v2\/types\/post"}],"author":[{"embeddable":true,"href":"https:\/\/histoire-en-citations.fr\/WP\/wp-json\/wp\/v2\/users\/1"}],"replies":[{"embeddable":true,"href":"https:\/\/histoire-en-citations.fr\/WP\/wp-json\/wp\/v2\/comments?post=5159"}],"version-history":[{"count":1,"href":"https:\/\/histoire-en-citations.fr\/WP\/wp-json\/wp\/v2\/posts\/5159\/revisions"}],"predecessor-version":[{"id":5160,"href":"https:\/\/histoire-en-citations.fr\/WP\/wp-json\/wp\/v2\/posts\/5159\/revisions\/5160"}],"wp:featuredmedia":[{"embeddable":true,"href":"https:\/\/histoire-en-citations.fr\/WP\/wp-json\/wp\/v2\/media\/11320"}],"wp:attachment":[{"href":"https:\/\/histoire-en-citations.fr\/WP\/wp-json\/wp\/v2\/media?parent=5159"}],"wp:term":[{"taxonomy":"category","embeddable":true,"href":"https:\/\/histoire-en-citations.fr\/WP\/wp-json\/wp\/v2\/categories?post=5159"},{"taxonomy":"post_tag","embeddable":true,"href":"https:\/\/histoire-en-citations.fr\/WP\/wp-json\/wp\/v2\/tags?post=5159"}],"curies":[{"name":"wp","href":"https:\/\/api.w.org\/{rel}","templated":true}]}}