{"id":5294,"date":"2017-11-18T00:00:00","date_gmt":"2017-11-17T23:00:00","guid":{"rendered":"https:\/\/histoire-en-citations.fr\/WP\/2025\/06\/21\/sarkozy-lelectroencephalogramme-de-la-chiraquie-est-plat\/"},"modified":"2025-07-19T09:16:52","modified_gmt":"2025-07-19T07:16:52","slug":"sarkozy-lelectroencephalogramme-de-la-chiraquie-est-plat","status":"publish","type":"post","link":"https:\/\/histoire-en-citations.fr\/WP\/sarkozy-lelectroencephalogramme-de-la-chiraquie-est-plat\/","title":{"rendered":"Sarkozy : \u00ab L&#039;\u00e9lectroenc\u00e9phalogramme de la Chiraquie est plat&#8230;\u00a0\u00bb"},"content":{"rendered":"<div class=\"field-item even\">\n<p>L\u2019humour de Sarkozy est \u00e0 l\u2019image du personnage. Nettement moins populaire que Chirac, il se fera durablement d\u00e9tester, \u00e0 tort et \u00e0 raison. Quant \u00e0 sa franchise assum\u00e9e, elle est d\u2019un autre ordre \u2013 absence de surmoi, dit-on.<\/p>\n<blockquote>\n<p class=\"citation\"><span class=\"enonce\">\u00ab\u00a0L\u2019\u00e9lectroenc\u00e9phalogramme de la Chiraquie est plat. Ce n\u2019est plus l\u2019H\u00f4tel de Ville, c\u2019est l\u2019antichambre de la morgue. Chirac est mort, il ne manque plus que les trois derni\u00e8res pellet\u00e9es de terre.\u00a0\u00bb<span id=\"3308\" class=\"cit-num\">3308<\/span><\/span><\/p>\n<p class=\"auteur\"><a href=\"https:\/\/www.histoire-en-citations.fr\/indexation\/sarkozy\"><span data-href=\"\/auteurs\/nicolas-sarkozy\"><span class=\"author\"><span class=\"surname\">Nicolas <\/span><span class=\"name\"><span class=\"caps\">SARKOZY<\/span><\/span><\/span><\/span><\/a> (n\u00e9 en 1955), 1994<\/p>\n<p class=\"source\">\u00ab\u00a0Le vrai Sarkozy\u00a0\u00bb, <cite>Marianne<\/cite>, 14 au 20\u00a0avril 2007.<\/p>\n<\/blockquote>\n<p>Citation cruelle, autant pour son auteur que pour la victime d\u00e9sign\u00e9e \u2013 mais pas d\u00e9c\u00e9d\u00e9e pour autant. <\/p>\n<p>Soyons juste, Chirac a souvent tir\u00e9 le premier, parole de Balladur pr\u00e9venant Jospin \u00e0 la veille de la pr\u00e9sidentielle, en 2002\u00a0: \u00ab\u00a0Chirac a tu\u00e9 Chaban-Delmas, il a ensuite tu\u00e9 Giscard, puis il a tu\u00e9 Barre, et enfin il m\u2019a tu\u00e9. M\u00e9fiez-vous.\u00a0\u00bb Il a bless\u00e9 aussi. Son biographe, Franz-Olivier Giesbert, \u00e9crit qu\u2019il ne garde rien, \u00ab\u00a0m\u00eame pas ses amis\u00a0\u00bb. Normal\u00a0: \u00ab\u00a0Le monde politique est une jungle\u00a0\u00bb, selon <a href=\"https:\/\/www.histoire-en-citations.fr\/indexation\/chirac\">Chirac<\/a>. <\/p>\n<p>Chirac et Sarkozy sont deux \u00ab\u00a0fauves\u00a0\u00bb, pas de la m\u00eame taille, pas de la m\u00eame g\u00e9n\u00e9ration. Mais leur rivalit\u00e9 marque la vie politique fran\u00e7aise et Chirac ne pardonnera jamais. Apr\u00e8s vingt ans d\u2019amiti\u00e9 (politique et personnelle), Sarkozy s\u2019est ralli\u00e9 \u00e0 Balladur, sans \u00e9tat d\u2019\u00e2me. Il sera son porte-parole, pour la pr\u00e9sidentielle de 1995. Cela vaut trahison pour Chirac et les chiraquiens, de plus en plus rares \u00e0 jouer la carte de la loyaut\u00e9, la fid\u00e9lit\u00e9, face au clan des balladuriens. Une nouvelle guerre fratricide est donc d\u00e9clar\u00e9e, au sein de la droite.<\/p>\n<p class=\"panneau\">Toutes les citations qui suivent <br>sont comment\u00e9es dans nos <a href=\"https:\/\/www.histoire-en-citations.fr\/boutique\">Chroniques.<\/a><\/p>\n<blockquote>\n<p class=\"citation-small\">\u00ab\u00a0Un jour, je finirai par retrouver le salopard qui a mont\u00e9 cette affaire et il finira sur un croc de boucher.\u00a0\u00bb<span id=\"3398\" class=\"cit-num\">3398<\/span><\/p>\n<p class=\"auteur\"><a href=\"https:\/\/www.histoire-en-citations.fr\/indexation\/sarkozy\">Nicolas <span class=\"caps\">SARKOZY<\/span><\/a>, ministre de l\u2019Int\u00e9rieur, citation authentifi\u00e9e apr\u00e8s coup par \u00ab\u00a0le salopard\u00a0\u00bb vis\u00e9, Dominique de Villepin<\/p>\n<\/blockquote>\n<p>Dans la s\u00e9rie \u00ab\u00a0duels fratricides\u00a0\u00bb, voici la s\u00e9quence Villepin-Sarkozy. L\u2019affaire <em>Clearstream<\/em>, obscure histoire de corbeaux et de manipulations, feuilleton financier, politique et judiciaire, commence en 2004 et trouve son \u00e9pilogue juridique en 2010.<\/p>\n<blockquote>\n<p class=\"citation-small\">\u00ab\u00a0L\u2019autre jour, je m\u2019amusais, on s\u2019amuse comme on peut, \u00e0 regarder le programme du concours d\u2019attach\u00e9 d\u2019administration. Un sadique ou un imb\u00e9cile, choisissez, avait mis dans le programme d\u2019interroger les concurrents sur <em>La Princesse de Cl\u00e8ves<\/em>. Je ne sais pas si cela vous est souvent arriv\u00e9 de demander \u00e0 la guicheti\u00e8re ce qu\u2019elle pensait de <em>La Princesse de Cl\u00e8ves<\/em>\u2026 Imaginez un peu le spectacle\u00a0!\u00a0\u00bb<span id=\"3329\" class=\"cit-num\">3329<\/span><\/p>\n<p class=\"auteur\"><a href=\"https:\/\/www.histoire-en-citations.fr\/indexation\/sarkozy\">Nicolas <span class=\"caps\">SARKOZY<\/span><\/a>, Meeting de Lyon, 23\u00a0f\u00e9vrier 2006<\/p>\n<\/blockquote>\n<p>Candidat \u00e0 la pr\u00e9sidentielle et chef de l\u2019<span class=\"caps\">UMP<\/span>, il amuse ses troupes, avec <em>La Princesse<\/em>. Succ\u00e8s facile\u2026 Il remet \u00e7a, avec des variantes. H\u00e9ro\u00efne quelque peu oubli\u00e9e du premier roman moderne dans notre litt\u00e9rature, <em>La Princesse<\/em> fait \u00ab\u00a0le buzz\u00a0\u00bb sur les m\u00e9dias et la relation \u00e0 la culture du pr\u00e9sident se modifie. Il lit de grands \u00e9crivains, voit des films d\u2019auteur. Sa troisi\u00e8me <a href=\"https:\/\/www.histoire-en-citations.fr\/indexation\/femmes\">femme<\/a>, Carla Bruni-Sarkozy, l\u2019influence dans ce sens. Il change, du moins en apparence\u2026<\/p>\n<blockquote>\n<p class=\"citation-small\">\u00ab\u00a0Parler de social \u00e0 Nicolas Sarkozy, c\u2019est comme parler de cin\u00e9ma \u00e0 une cam\u00e9ra de surveillance.\u00a0\u00bb<span id=\"3396\" class=\"cit-num\">3396<\/span><\/p>\n<p class=\"auteur\">Laurent <span class=\"caps\">FABIUS<\/span>, cit\u00e9 dans <em>L\u2019Express<\/em>, ao\u00fbt\u00a02009<\/p>\n<\/blockquote>\n<p>Une solide exp\u00e9rience de ministre de l\u2019Int\u00e9rieur va inspirer le futur pr\u00e9sident et la gauche mettra un certain temps avant de pr\u00e9senter une opposition cr\u00e9dible, m\u00eame si les pr\u00e9sidentielles se rapprochent. Mais l\u2019opposition \u00e0 Sarkozy se manifeste \u00e9galement \u00e0 droite et Azouz Begag a tir\u00e9 le premier\u00a0: \u00ab\u00a0Je voterais Dominique de Villepin, m\u00eame s\u2019il ne se pr\u00e9sentait pas.\u00a0\u00bb \u00c7a fait partie du jeu politique, nous y reviendrons.<\/p>\n<\/div>\n<style>\r\n        a .cit-num {\r\n            text-decoration: none !important;\r\n            color: inherit !important;\r\n        }\r\n    <\/style>","protected":false},"excerpt":{"rendered":"<p>L\u2019humour de Sarkozy est \u00e0 l\u2019image du personnage. Nettement moins populaire que Chirac, il se fera durablement d\u00e9tester, \u00e0 tort et \u00e0 raison. Quant \u00e0 sa franchise assum\u00e9e, elle est d\u2019un autre ordre &#8211; absence de surmoi, dit-on. \u00ab\u00a0L&#8217;\u00e9lectroenc\u00e9phalogramme de la Chiraquie est plat. Ce n&#8217;est plus l&#8217;H\u00f4tel de Ville, c&#8217;est l&#8217;antichambre de la morgue. [&#8230;]<\/p>\n","protected":false},"author":1,"featured_media":0,"comment_status":"open","ping_status":"open","sticky":false,"template":"","format":"standard","meta":{"site-sidebar-layout":"default","site-content-layout":"","ast-site-content-layout":"default","site-content-style":"default","site-sidebar-style":"default","ast-global-header-display":"","ast-banner-title-visibility":"","ast-main-header-display":"","ast-hfb-above-header-display":"","ast-hfb-below-header-display":"","ast-hfb-mobile-header-display":"","site-post-title":"","ast-breadcrumbs-content":"","ast-featured-img":"","footer-sml-layout":"","theme-transparent-header-meta":"","adv-header-id-meta":"","stick-header-meta":"","header-above-stick-meta":"","header-main-stick-meta":"","header-below-stick-meta":"","astra-migrate-meta-layouts":"default","ast-page-background-enabled":"default","ast-page-background-meta":{"desktop":{"background-color":"var(--ast-global-color-5)","background-image":"","background-repeat":"repeat","background-position":"center center","background-size":"auto","background-attachment":"scroll","background-type":"","background-media":"","overlay-type":"","overlay-color":"","overlay-opacity":"","overlay-gradient":""},"tablet":{"background-color":"","background-image":"","background-repeat":"repeat","background-position":"center center","background-size":"auto","background-attachment":"scroll","background-type":"","background-media":"","overlay-type":"","overlay-color":"","overlay-opacity":"","overlay-gradient":""},"mobile":{"background-color":"","background-image":"","background-repeat":"repeat","background-position":"center center","background-size":"auto","background-attachment":"scroll","background-type":"","background-media":"","overlay-type":"","overlay-color":"","overlay-opacity":"","overlay-gradient":""}},"ast-content-background-meta":{"desktop":{"background-color":"var(--ast-global-color-4)","background-image":"","background-repeat":"repeat","background-position":"center center","background-size":"auto","background-attachment":"scroll","background-type":"","background-media":"","overlay-type":"","overlay-color":"","overlay-opacity":"","overlay-gradient":""},"tablet":{"background-color":"var(--ast-global-color-4)","background-image":"","background-repeat":"repeat","background-position":"center center","background-size":"auto","background-attachment":"scroll","background-type":"","background-media":"","overlay-type":"","overlay-color":"","overlay-opacity":"","overlay-gradient":""},"mobile":{"background-color":"var(--ast-global-color-4)","background-image":"","background-repeat":"repeat","background-position":"center center","background-size":"auto","background-attachment":"scroll","background-type":"","background-media":"","overlay-type":"","overlay-color":"","overlay-opacity":"","overlay-gradient":""}},"iawp_total_views":0,"footnotes":""},"categories":[1780],"tags":[],"class_list":["post-5294","post","type-post","status-publish","format-standard","hentry","category-chronique-cinquieme-republique-citation-du-jour-nicolas-sarkozy"],"_links":{"self":[{"href":"https:\/\/histoire-en-citations.fr\/WP\/wp-json\/wp\/v2\/posts\/5294","targetHints":{"allow":["GET"]}}],"collection":[{"href":"https:\/\/histoire-en-citations.fr\/WP\/wp-json\/wp\/v2\/posts"}],"about":[{"href":"https:\/\/histoire-en-citations.fr\/WP\/wp-json\/wp\/v2\/types\/post"}],"author":[{"embeddable":true,"href":"https:\/\/histoire-en-citations.fr\/WP\/wp-json\/wp\/v2\/users\/1"}],"replies":[{"embeddable":true,"href":"https:\/\/histoire-en-citations.fr\/WP\/wp-json\/wp\/v2\/comments?post=5294"}],"version-history":[{"count":1,"href":"https:\/\/histoire-en-citations.fr\/WP\/wp-json\/wp\/v2\/posts\/5294\/revisions"}],"predecessor-version":[{"id":5295,"href":"https:\/\/histoire-en-citations.fr\/WP\/wp-json\/wp\/v2\/posts\/5294\/revisions\/5295"}],"wp:attachment":[{"href":"https:\/\/histoire-en-citations.fr\/WP\/wp-json\/wp\/v2\/media?parent=5294"}],"wp:term":[{"taxonomy":"category","embeddable":true,"href":"https:\/\/histoire-en-citations.fr\/WP\/wp-json\/wp\/v2\/categories?post=5294"},{"taxonomy":"post_tag","embeddable":true,"href":"https:\/\/histoire-en-citations.fr\/WP\/wp-json\/wp\/v2\/tags?post=5294"}],"curies":[{"name":"wp","href":"https:\/\/api.w.org\/{rel}","templated":true}]}}