{"id":5297,"date":"2017-11-17T00:00:00","date_gmt":"2017-11-16T23:00:00","guid":{"rendered":"https:\/\/histoire-en-citations.fr\/WP\/2025\/06\/21\/chirac-si-vous-saviez-le-plaisir-que-jai-pu-eprouver-a-passer-pour-un-blaireau\/"},"modified":"2025-07-19T09:16:52","modified_gmt":"2025-07-19T07:16:52","slug":"chirac-si-vous-saviez-le-plaisir-que-jai-pu-eprouver-a-passer-pour-un-blaireau","status":"publish","type":"post","link":"https:\/\/histoire-en-citations.fr\/WP\/chirac-si-vous-saviez-le-plaisir-que-jai-pu-eprouver-a-passer-pour-un-blaireau\/","title":{"rendered":"Chirac : \u00ab Si vous saviez le plaisir que j&#039;ai pu \u00e9prouver \u00e0 passer pour un blaireau&#8230;\u00a0\u00bb"},"content":{"rendered":"<div class=\"field-item even\">\n<p>Chirac en rajoute. Il en fait un peu trop, mais il le fait si bien et il y prend, de fait, tant de plaisir\u00a0! De l\u00e0 \u00e0 (presque) tout lui pardonner, surtout avec le recul du temps et la comparaison avec ses successeurs\u2026 <em>L\u2019Histoire en citations<\/em> donne des le\u00e7ons et avec l\u2019humour, \u00e7a passe toujours.<\/p>\n<blockquote>\n<p class=\"citation\"><span class=\"enonce\">\u00ab\u00a0Si vous saviez le plaisir que j\u2019ai pu \u00e9prouver \u00e0 passer pour un blaireau, surtout au milieu de corniauds.\u00a0\u00bb<span id=\"3321\" class=\"cit-num\">3321<\/span><\/span><\/p>\n<p class=\"auteur\"><a href=\"https:\/\/www.histoire-en-citations.fr\/indexation\/chirac\"><span data-href=\"\/auteurs\/jacques-chirac\"><span class=\"author\"><span class=\"surname\">Jacques <\/span><span class=\"name\"><span class=\"caps\">CHIRAC<\/span><\/span><\/span><\/span><\/a> (1932-2019), <cite>Dans la peau de Jacques Chirac<\/cite> (2006), Karl Z\u00e9ro et Michel Royer<\/p>\n<\/blockquote>\n<p>Trait de caract\u00e8re original\u00a0: aucun pr\u00e9sident de la R\u00e9publique n\u2019a pu tenir ce genre de propos, \u00e0 l\u2019humour assum\u00e9, rigolard et franchouillard.<\/p>\n<p>\u00ab\u00a0Moi, vous savez, je n\u2019aime que deux choses\u00a0: la trompette de cavalerie et les romans policiers.\u00a0\u00bb Il cultive ce personnage popu, \u00e7a l\u2019amuse et \u00e7a pla\u00eet, c\u2019est bon pour sa cote de popularit\u00e9\u2026 Mais Chirac est plus cultiv\u00e9 qu\u2019il ne veut para\u00eetre, contrairement \u00e0 tous ceux qui pratiquent la m\u00e9thode inverse.<\/p>\n<p>On apprend sa passion pour les arts premiers\u00a0: sp\u00e9cialiste reconnu des civilisations dites (jadis) primitives, il voulait leur consacrer un mus\u00e9e, quand il \u00e9tait maire de Paris. Le Mus\u00e9e du quai Branly ouvre finalement, en 2006. C\u2019est aussi un fan de sumo, sport traditionnel japonais, au rituel vieux de quinze si\u00e8cles. En janvier\u00a02004, Nicolas Sarkozy revient d\u2019un voyage officiel en Asie. Devant les journalistes qui l\u2019accompagnent, le ministre attaque le pr\u00e9sident\u00a0: \u00ab\u00a0Comment peut-on \u00eatre fascin\u00e9 par ces combats de types ob\u00e8ses au chignon gomin\u00e9\u00a0? Ce n\u2019est vraiment pas un sport d\u2019intellectuel, le sumo\u00a0!\u00a0\u00bb D\u00e9cha\u00eenement de la presse nipponne, incident diplomatique avec le Japon\u00a0: Sarkozy doit pr\u00e9senter ses excuses \u00e0 l\u2019ambassadeur. Chirac a certainement appr\u00e9ci\u00e9.<\/p>\n<p>Humour, encore et toujours\u00a0: \u00ab\u00a0Les pr\u00e9visions sont difficiles, surtout lorsqu\u2019elles concernent l\u2019avenir\u00a0\u00bb (<em>Le Figaro Magazine<\/em>, f\u00e9vrier\u00a01993). Phrase emprunt\u00e9e \u00e0 l\u2019humoriste Pierre Dac, une bonne source. Et plus s\u00e9rieusement\u00a0: \u00ab\u00a0Je simplifie, mais il faut toujours simplifier les choses pour mieux les comprendre\u00a0\u00bb (Jacques Chirac,<em> Portrait total<\/em>). <a href=\"https:\/\/www.histoire-en-citations.fr\/indexation\/napoleon\">Napol\u00e9on<\/a> et de Gaulle ont d\u00e9j\u00e0 dit \u00e7a, en d\u2019autres mots.<\/p>\n<p class=\"panneau\">Toutes les citations qui suivent <br>sont comment\u00e9es dans nos <a href=\"https:\/\/www.histoire-en-citations.fr\/boutique\">Chroniques.<\/a><\/p>\n<blockquote>\n<p class=\"citation-small\">\u00ab\u00a0Buvons \u00e0 nos femmes, \u00e0 nos chevaux, et \u00e0 ceux qui les montent.\u00a0\u00bb<span id=\"3322\" class=\"cit-num\">3322<\/span><\/p>\n<p class=\"auteur\"><a href=\"https:\/\/www.histoire-en-citations.fr\/indexation\/chirac\">Jacques <span class=\"caps\">CHIRAC<\/span><\/a>, cit\u00e9 dans <em>Marianne<\/em> n\u00b0\u00a0184 (mars\u00a02012)<\/p>\n<\/blockquote>\n<p>Politiquement incorrect, assez macho et un peu cavalier \u2013 la source est d\u2019ailleurs dans la tradition de la cavalerie. L\u00e0 encore, il n\u2019y a que Chirac pour oser et afficher cette image. Sa cote de popularit\u00e9 conna\u00eet des hauts et des bas, mais sa libert\u00e9 de ton et son c\u00f4t\u00e9 bon vivant le rendent malgr\u00e9 tout sympathique. Karl Z\u00e9ro, qui voulait d\u00e9molir le personnage (<em>Dans la peau de Jacques Chirac<\/em>) en est finalement convenu. Et la marionnette des Guignols de l\u2019Info, si caricaturale soit-elle, profitera au candidat\u00a0!<\/p>\n<blockquote>\n<p class=\"citation-small\">\u00ab\u00a0Pschitt.\u00a0\u00bb<span id=\"3362\" class=\"cit-num\">3362<\/span><\/p>\n<p class=\"auteur\"><a href=\"https:\/\/www.histoire-en-citations.fr\/indexation\/chirac\">Jacques <span class=\"caps\">CHIRAC<\/span><\/a>, une onomatop\u00e9e, dans la traditionnelle interview du 14\u00a0juillet 2001<\/p>\n<\/blockquote>\n<p>Mot le plus court de l\u2019histoire (avec le \u00ab\u00a0Merde\u00a0\u00bb de Cambronne aux Anglais). Face \u00e0 la presse, le pr\u00e9sident s\u2019explique sur les accusations port\u00e9es contre lui quelques jours plus t\u00f4t\u00a0: \u00ab\u00a0Ces pol\u00e9miques sur les voyages pr\u00e9sidentiels se d\u00e9gonflent et font pschitt.\u00a0\u00bb Dans tout autre pays d\u00e9mocratique, ce genre d\u2019esquive souriante n\u2019aurait pas suffi.<\/p>\n<\/div>\n<style>\r\n        a .cit-num {\r\n            text-decoration: none !important;\r\n            color: inherit !important;\r\n        }\r\n    <\/style>","protected":false},"excerpt":{"rendered":"<p>Chirac en rajoute. Il en fait un peu trop, mais il le fait si bien et il y prend, de fait, tant de plaisir\u00a0! De l\u00e0 \u00e0 (presque) tout lui pardonner, surtout avec le recul du temps et la comparaison avec ses successeurs&#8230; L\u2019Histoire en citations donne des le\u00e7ons et avec l\u2019humour, \u00e7a passe toujours. [&#8230;]<\/p>\n","protected":false},"author":1,"featured_media":0,"comment_status":"open","ping_status":"open","sticky":false,"template":"","format":"standard","meta":{"site-sidebar-layout":"default","site-content-layout":"","ast-site-content-layout":"default","site-content-style":"default","site-sidebar-style":"default","ast-global-header-display":"","ast-banner-title-visibility":"","ast-main-header-display":"","ast-hfb-above-header-display":"","ast-hfb-below-header-display":"","ast-hfb-mobile-header-display":"","site-post-title":"","ast-breadcrumbs-content":"","ast-featured-img":"","footer-sml-layout":"","theme-transparent-header-meta":"","adv-header-id-meta":"","stick-header-meta":"","header-above-stick-meta":"","header-main-stick-meta":"","header-below-stick-meta":"","astra-migrate-meta-layouts":"default","ast-page-background-enabled":"default","ast-page-background-meta":{"desktop":{"background-color":"var(--ast-global-color-5)","background-image":"","background-repeat":"repeat","background-position":"center center","background-size":"auto","background-attachment":"scroll","background-type":"","background-media":"","overlay-type":"","overlay-color":"","overlay-opacity":"","overlay-gradient":""},"tablet":{"background-color":"","background-image":"","background-repeat":"repeat","background-position":"center center","background-size":"auto","background-attachment":"scroll","background-type":"","background-media":"","overlay-type":"","overlay-color":"","overlay-opacity":"","overlay-gradient":""},"mobile":{"background-color":"","background-image":"","background-repeat":"repeat","background-position":"center center","background-size":"auto","background-attachment":"scroll","background-type":"","background-media":"","overlay-type":"","overlay-color":"","overlay-opacity":"","overlay-gradient":""}},"ast-content-background-meta":{"desktop":{"background-color":"var(--ast-global-color-4)","background-image":"","background-repeat":"repeat","background-position":"center center","background-size":"auto","background-attachment":"scroll","background-type":"","background-media":"","overlay-type":"","overlay-color":"","overlay-opacity":"","overlay-gradient":""},"tablet":{"background-color":"var(--ast-global-color-4)","background-image":"","background-repeat":"repeat","background-position":"center center","background-size":"auto","background-attachment":"scroll","background-type":"","background-media":"","overlay-type":"","overlay-color":"","overlay-opacity":"","overlay-gradient":""},"mobile":{"background-color":"var(--ast-global-color-4)","background-image":"","background-repeat":"repeat","background-position":"center center","background-size":"auto","background-attachment":"scroll","background-type":"","background-media":"","overlay-type":"","overlay-color":"","overlay-opacity":"","overlay-gradient":""}},"iawp_total_views":0,"footnotes":""},"categories":[1781],"tags":[],"class_list":["post-5297","post","type-post","status-publish","format-standard","hentry","category-cinquieme-republique-citation-du-jour-jacques-chirac-personnage-de-jacques-chirac"],"_links":{"self":[{"href":"https:\/\/histoire-en-citations.fr\/WP\/wp-json\/wp\/v2\/posts\/5297","targetHints":{"allow":["GET"]}}],"collection":[{"href":"https:\/\/histoire-en-citations.fr\/WP\/wp-json\/wp\/v2\/posts"}],"about":[{"href":"https:\/\/histoire-en-citations.fr\/WP\/wp-json\/wp\/v2\/types\/post"}],"author":[{"embeddable":true,"href":"https:\/\/histoire-en-citations.fr\/WP\/wp-json\/wp\/v2\/users\/1"}],"replies":[{"embeddable":true,"href":"https:\/\/histoire-en-citations.fr\/WP\/wp-json\/wp\/v2\/comments?post=5297"}],"version-history":[{"count":1,"href":"https:\/\/histoire-en-citations.fr\/WP\/wp-json\/wp\/v2\/posts\/5297\/revisions"}],"predecessor-version":[{"id":5298,"href":"https:\/\/histoire-en-citations.fr\/WP\/wp-json\/wp\/v2\/posts\/5297\/revisions\/5298"}],"wp:attachment":[{"href":"https:\/\/histoire-en-citations.fr\/WP\/wp-json\/wp\/v2\/media?parent=5297"}],"wp:term":[{"taxonomy":"category","embeddable":true,"href":"https:\/\/histoire-en-citations.fr\/WP\/wp-json\/wp\/v2\/categories?post=5297"},{"taxonomy":"post_tag","embeddable":true,"href":"https:\/\/histoire-en-citations.fr\/WP\/wp-json\/wp\/v2\/tags?post=5297"}],"curies":[{"name":"wp","href":"https:\/\/api.w.org\/{rel}","templated":true}]}}