{"id":5299,"date":"2017-11-16T00:00:00","date_gmt":"2017-11-15T23:00:00","guid":{"rendered":"https:\/\/histoire-en-citations.fr\/WP\/2025\/06\/21\/chirac-que-voulez-vous-je-suis-francais-et-jadore-aller-expliquer-aux-autres-ce-que-je-suis-infoutu-de-faire-chez-moi\/"},"modified":"2025-07-19T09:16:52","modified_gmt":"2025-07-19T07:16:52","slug":"chirac-que-voulez-vous-je-suis-francais-et-jadore-aller-expliquer-aux-autres-ce-que-je-suis-infoutu-de-faire-chez-moi","status":"publish","type":"post","link":"https:\/\/histoire-en-citations.fr\/WP\/chirac-que-voulez-vous-je-suis-francais-et-jadore-aller-expliquer-aux-autres-ce-que-je-suis-infoutu-de-faire-chez-moi\/","title":{"rendered":"Chirac : \u00ab Que voulez-vous, je suis Fran\u00e7ais, et j&#039;adore aller expliquer aux autres ce que je suis infoutu de faire chez moi.\u00a0\u00bb"},"content":{"rendered":"<div class=\"field-item even\">\n<p>Longue carri\u00e8re politique de Jacques Chirac qui franchit tous les \u00e9chelons (du conseiller municipal de Corr\u00e8ze au Premier ministre, en passant par la mairie de Paris), avant d\u2019arriver au pouvoir supr\u00eame et d\u2019y rester un (second) mandat de trop.<\/p>\n<blockquote>\n<p class=\"citation\"><span class=\"enonce\">\u00ab\u00a0Que voulez-vous, je suis Fran\u00e7ais, et j\u2019adore aller expliquer aux autres ce que je suis infoutu de faire chez moi.\u00a0\u00bb<span id=\"3320\" class=\"cit-num\">3320<\/span><\/span><\/p>\n<p class=\"auteur\"><a href=\"https:\/\/www.histoire-en-citations.fr\/indexation\/chirac\"><span data-href=\"\/auteurs\/jacques-chirac\"><span class=\"author\"><span class=\"surname\">Jacques <\/span><span class=\"name\"><span class=\"caps\">CHIRAC<\/span><\/span><\/span><\/span><\/a> (1932-2019), <cite>Dans la peau de Jacques Chirac<\/cite> (2006), Karl Z\u00e9ro et Michel Royer<\/p>\n<\/blockquote>\n<p>Ce c\u00f4t\u00e9 \u00ab\u00a0donneur de le\u00e7on\u00a0\u00bb remonte au si\u00e8cle des Lumi\u00e8res et \u00e0 la R\u00e9volution. Mais peu d\u2019hommes publics confessent que c\u2019est parfois un travers ridicule. Chirac note d\u2019ailleurs\u00a0: \u00ab\u00a0En mati\u00e8re de politique internationale, on ne retient mes propos que si je dis une connerie.\u00a0\u00bb<\/p>\n<p>L\u2019<a href=\"https:\/\/www.histoire-en-citations.fr\/indexation\/ecologie\">\u00e9cologie<\/a>, dossier id\u00e9al\u00a0! Le pr\u00e9sident plaide la cause, en annon\u00e7ant \u00ab\u00a0sa\u00a0\u00bb Conf\u00e9rence de Paris et la nouvelle <span class=\"caps\">ONUE<\/span>\u00a0: \u00ab\u00a0Chacun sait qu\u2019une activit\u00e9 humaine non ma\u00eetris\u00e9e est en train de provoquer une sorte de lent suicide collectif. Seul le rassemblement des nations autour d\u2019engagements consentis en commun permettra de pr\u00e9venir un d\u00e9sastre. Cr\u00e9ons l\u2019Organisation des Nations unies pour l\u2019Environnement, conscience \u00e9cologique du monde, lieu privil\u00e9gi\u00e9 de notre action commune pour les g\u00e9n\u00e9rations futures. La France accueillera l\u2019ann\u00e9e prochaine, dans une conf\u00e9rence internationale, tous ceux qui veulent faire progresser ce projet capital pour l\u2019avenir de la plan\u00e8te\u00a0\u00bb (d\u00e9claration du 19\u00a0septembre 2006).<\/p>\n<p>Ce que retiendra l\u2019histoire, c\u2019est surtout l\u2019opposition de la France \u00e0 la (seconde) <a href=\"https:\/\/www.histoire-en-citations.fr\/indexation\/guerre\">guerre<\/a> du Golfe, voulue par George Bush (junior) contre l\u2019Irak. Dans ce dossier plaid\u00e9 \u00e0 l\u2019<span class=\"caps\">ONU<\/span> le 14\u00a0f\u00e9vrier 2003, la voix de la France est celle de Dominique de Villepin, ministre des Affaires \u00e9trang\u00e8res\u00a0: \u00ab\u00a0Et c\u2019est un vieux pays, la France, d\u2019un vieux continent comme le mien, l\u2019Europe, qui vous le dit aujourd\u2019hui\u2026\u00a0\u00bb \u00c0 l\u2019occasion de cette crise, notre pays retrouve, pour un temps, son r\u00f4le de grande puissance, conforme \u00e0 son histoire et son g\u00e9nie. Chirac, le gaulliste, a d\u00fb adorer cet \u00e9pisode d\u2019un quinquennat souvent difficile.<\/p>\n<p class=\"panneau\">Toutes les citations qui suivent <br>sont comment\u00e9es dans nos <a href=\"https:\/\/www.histoire-en-citations.fr\/boutique\">Chroniques.<\/a><\/p>\n<blockquote>\n<p class=\"citation-small\">\u00ab\u00a0Un chef, c\u2019est fait pour cheffer.\u00a0\u00bb<span id=\"3317\" class=\"cit-num\">3317<\/span><\/p>\n<p class=\"auteur\"><a href=\"https:\/\/www.histoire-en-citations.fr\/indexation\/chirac\">Jacques <span class=\"caps\">CHIRAC<\/span><\/a>, <em>Le Figaro Magazine<\/em>, 20\u00a0juin 1992<\/p>\n<\/blockquote>\n<p>L\u2019autorit\u00e9 est une vertu premi\u00e8re, il le fera savoir, notamment \u00e0 Nicolas Sarkoky, meilleur ami-ennemi devenu son ministre en 2004. Bernadette Chirac confirme\u00a0: \u00ab\u00a0Je suis mari\u00e9e \u00e0 un homme qui n\u2019est pas corr\u00e9zien pour rien. Il a un sens de l\u2019autorit\u00e9 bien affirm\u00e9. Sa femme doit l\u2019accompagner, le suivre, et ne pas prendre position \u00e0 tout bout de champ\u00a0\u00bb (<em>Paris Match<\/em>, juillet\u00a02005).<\/p>\n<blockquote>\n<p class=\"citation-small\">\u00ab\u00a0Les promesses n\u2019engagent que ceux qui les re\u00e7oivent.\u00a0\u00bb<span id=\"3273\" class=\"cit-num\">3273<\/span><\/p>\n<p class=\"auteur\"><a href=\"https:\/\/www.histoire-en-citations.fr\/indexation\/chirac\">Jacques <span class=\"caps\">CHIRAC<\/span><\/a>, <em>Le\u00a0Monde<\/em>, 22\u00a0f\u00e9vrier 1988<\/p>\n<\/blockquote>\n<p>Formule emprunt\u00e9e \u00e0 Henri Queuille, radical-socialiste tr\u00e8s populaire, 21 fois ministre sous la Troisi\u00e8me et Quatri\u00e8me R\u00e9publiques. Pasqua reprend la formule dans un discours\u00a0: \u00ab\u00a0Les promesses n\u2019engagent que ceux qui les \u00e9coutent.\u00a0\u00bb Ce cynisme d\u00e9clar\u00e9 permet aux politiciens de dire \u00e0 peu pr\u00e8s n\u2019importe quoi, encourag\u00e9s par des auditeurs-t\u00e9l\u00e9spectateurs-\u00e9lecteurs-citoyens qui ont une attention d\u2019enfant de 5\u00a0ans et une m\u00e9moire de poisson rouge. Mais sur le Net, la m\u00e9moire des blogs et blogueurs confine \u00e0 l\u2019\u00e9ternit\u00e9, ce qui pourrait inciter l\u2019<em>Homo politicus<\/em> \u00e0 plus de prudence.<\/p>\n<\/div>\n<style>\r\n        a .cit-num {\r\n            text-decoration: none !important;\r\n            color: inherit !important;\r\n        }\r\n    <\/style>","protected":false},"excerpt":{"rendered":"<p>Longue carri\u00e8re politique de Jacques Chirac qui franchit tous les \u00e9chelons (du conseiller municipal de Corr\u00e8ze au Premier ministre, en passant par la mairie de Paris), avant d\u2019arriver au pouvoir supr\u00eame et d\u2019y rester un (second) mandat de trop. \u00ab\u00a0Que voulez-vous, je suis Fran\u00e7ais, et j&#8217;adore aller expliquer aux autres ce que je suis infoutu [&#8230;]<\/p>\n","protected":false},"author":1,"featured_media":0,"comment_status":"open","ping_status":"open","sticky":false,"template":"","format":"standard","meta":{"site-sidebar-layout":"default","site-content-layout":"","ast-site-content-layout":"default","site-content-style":"default","site-sidebar-style":"default","ast-global-header-display":"","ast-banner-title-visibility":"","ast-main-header-display":"","ast-hfb-above-header-display":"","ast-hfb-below-header-display":"","ast-hfb-mobile-header-display":"","site-post-title":"","ast-breadcrumbs-content":"","ast-featured-img":"","footer-sml-layout":"","theme-transparent-header-meta":"","adv-header-id-meta":"","stick-header-meta":"","header-above-stick-meta":"","header-main-stick-meta":"","header-below-stick-meta":"","astra-migrate-meta-layouts":"default","ast-page-background-enabled":"default","ast-page-background-meta":{"desktop":{"background-color":"var(--ast-global-color-5)","background-image":"","background-repeat":"repeat","background-position":"center center","background-size":"auto","background-attachment":"scroll","background-type":"","background-media":"","overlay-type":"","overlay-color":"","overlay-opacity":"","overlay-gradient":""},"tablet":{"background-color":"","background-image":"","background-repeat":"repeat","background-position":"center center","background-size":"auto","background-attachment":"scroll","background-type":"","background-media":"","overlay-type":"","overlay-color":"","overlay-opacity":"","overlay-gradient":""},"mobile":{"background-color":"","background-image":"","background-repeat":"repeat","background-position":"center center","background-size":"auto","background-attachment":"scroll","background-type":"","background-media":"","overlay-type":"","overlay-color":"","overlay-opacity":"","overlay-gradient":""}},"ast-content-background-meta":{"desktop":{"background-color":"var(--ast-global-color-4)","background-image":"","background-repeat":"repeat","background-position":"center center","background-size":"auto","background-attachment":"scroll","background-type":"","background-media":"","overlay-type":"","overlay-color":"","overlay-opacity":"","overlay-gradient":""},"tablet":{"background-color":"var(--ast-global-color-4)","background-image":"","background-repeat":"repeat","background-position":"center center","background-size":"auto","background-attachment":"scroll","background-type":"","background-media":"","overlay-type":"","overlay-color":"","overlay-opacity":"","overlay-gradient":""},"mobile":{"background-color":"var(--ast-global-color-4)","background-image":"","background-repeat":"repeat","background-position":"center center","background-size":"auto","background-attachment":"scroll","background-type":"","background-media":"","overlay-type":"","overlay-color":"","overlay-opacity":"","overlay-gradient":""}},"iawp_total_views":0,"footnotes":""},"categories":[1781],"tags":[],"class_list":["post-5299","post","type-post","status-publish","format-standard","hentry","category-cinquieme-republique-citation-du-jour-jacques-chirac-personnage-de-jacques-chirac"],"_links":{"self":[{"href":"https:\/\/histoire-en-citations.fr\/WP\/wp-json\/wp\/v2\/posts\/5299","targetHints":{"allow":["GET"]}}],"collection":[{"href":"https:\/\/histoire-en-citations.fr\/WP\/wp-json\/wp\/v2\/posts"}],"about":[{"href":"https:\/\/histoire-en-citations.fr\/WP\/wp-json\/wp\/v2\/types\/post"}],"author":[{"embeddable":true,"href":"https:\/\/histoire-en-citations.fr\/WP\/wp-json\/wp\/v2\/users\/1"}],"replies":[{"embeddable":true,"href":"https:\/\/histoire-en-citations.fr\/WP\/wp-json\/wp\/v2\/comments?post=5299"}],"version-history":[{"count":1,"href":"https:\/\/histoire-en-citations.fr\/WP\/wp-json\/wp\/v2\/posts\/5299\/revisions"}],"predecessor-version":[{"id":5300,"href":"https:\/\/histoire-en-citations.fr\/WP\/wp-json\/wp\/v2\/posts\/5299\/revisions\/5300"}],"wp:attachment":[{"href":"https:\/\/histoire-en-citations.fr\/WP\/wp-json\/wp\/v2\/media?parent=5299"}],"wp:term":[{"taxonomy":"category","embeddable":true,"href":"https:\/\/histoire-en-citations.fr\/WP\/wp-json\/wp\/v2\/categories?post=5299"},{"taxonomy":"post_tag","embeddable":true,"href":"https:\/\/histoire-en-citations.fr\/WP\/wp-json\/wp\/v2\/tags?post=5299"}],"curies":[{"name":"wp","href":"https:\/\/api.w.org\/{rel}","templated":true}]}}