{"id":5303,"date":"2017-11-14T00:00:00","date_gmt":"2017-11-13T23:00:00","guid":{"rendered":"https:\/\/histoire-en-citations.fr\/WP\/2025\/06\/21\/mitterrand-vous-avez-tendance-a-reprendre-le-refrain-dil-y-a-sept-ans-lhomme-du-passe\/"},"modified":"2025-07-19T09:16:51","modified_gmt":"2025-07-19T07:16:51","slug":"mitterrand-vous-avez-tendance-a-reprendre-le-refrain-dil-y-a-sept-ans-lhomme-du-passe","status":"publish","type":"post","link":"https:\/\/histoire-en-citations.fr\/WP\/mitterrand-vous-avez-tendance-a-reprendre-le-refrain-dil-y-a-sept-ans-lhomme-du-passe\/","title":{"rendered":"Mitterrand : \u00ab Vous avez tendance \u00e0 reprendre le refrain d&#039;il y a sept ans, &quot;l&#039;homme du pass\u00e9&quot;&#8230;\u00a0\u00bb"},"content":{"rendered":"<div class=\"field-item even\">\n<p>Mitterrand Pr\u00e9sident. Aussi intelligent que Giscard qui l\u2019est assur\u00e9ment, mais plus blessant, l\u2019<a href=\"https:\/\/www.histoire-en-citations.fr\/indexation\/humour-esprit\">humour<\/a> mitterrandien devient une arme redoutable contre l\u2019adversaire.<\/p>\n<p>Deux r\u00e9pliques d\u2019anthologie, bien trouv\u00e9es, bien plac\u00e9es, l\u2019aident \u00e0 gagner ses pr\u00e9sidentielles contre Giscard en 1981, contre Chirac en 1988, dans le fameux d\u00e9bat t\u00e9l\u00e9 de l\u2019entre-deux-tours.<\/p>\n<blockquote>\n<p class=\"citation\"><span class=\"enonce\">\u00ab\u00a0Vous avez tendance \u00e0 reprendre le refrain d\u2019il y a sept ans, \u00ab\u00a0l\u2019homme du pass\u00e9\u00a0\u00bb. C\u2019est quand m\u00eame ennuyeux que dans l\u2019intervalle, vous soyez devenu l\u2019homme du passif.\u00a0\u00bb<span id=\"3204\" class=\"cit-num\">3204<\/span><\/span><\/p>\n<p class=\"auteur\"><a href=\"https:\/\/www.histoire-en-citations.fr\/indexation\/mitterrand\"><span data-href=\"\/auteurs\/francois-mitterrand\"><span class=\"author\"><span class=\"surname\">Fran\u00e7ois <\/span><span class=\"name\"><span class=\"caps\">MITTERRAND<\/span><\/span><\/span><\/span><\/a> (1916-1996), d\u00e9bat t\u00e9l\u00e9vis\u00e9 de l\u2019entre-deux-tours, 5\u00a0mai 1981<\/p>\n<\/blockquote>\n<p>Il d\u00e9stabilise l\u2019adversaire avec cet argument, aussi \u00e9videmment que Giscard l\u2019avait d\u00e9stabilis\u00e9, en lui d\u00e9niant le \u00ab\u00a0monopole du c\u0153ur\u00a0\u00bb sept ans avant. C\u2019est de bonne guerre politicienne.<\/p>\n<p>Mitterrand, profession avocat avant d\u2019avoir la vocation politique, se r\u00e9gale au jeu du chat et de la souris, usant de l\u2019effet boomerang face \u00e0 l\u2019adversaire\u00a0: \u00ab\u00a0Vous ne voulez pas parler du pass\u00e9, je comprends bien, naturellement et vous avez tendance \u00e0 reprendre le refrain d\u2019il y a sept ans \u00ab\u00a0l\u2019homme du pass\u00e9\u00a0\u00bb. C\u2019est quand m\u00eame ennuyeux que dans l\u2019intervalle vous soyez devenu l\u2019homme du passif. Cela g\u00eane un peu votre d\u00e9monstration d\u2019aujourd\u2019hui. Vous m\u2019avez reproch\u00e9 d\u2019avoir exerc\u00e9 un minist\u00e8re de la parole, mais j\u2019\u00e9tais dans l\u2019opposition et j\u2019ai rempli mon r\u00f4le d\u00e9mocratiquement. Et ce n\u2019est pas rien l\u2019opposition dans une R\u00e9publique. J\u2019ajoute que j\u2019ai utilis\u00e9 ce temps pour faire avec d\u2019autres un grand parti qui est devenu mena\u00e7ant pour la majorit\u00e9 presque ancienne que vous repr\u00e9sentez aujourd\u2019hui. Si je pouvais faire demain pour la France, \u00e0 la mesure de la France, ce que j\u2019ai fait pour le socialisme, ce ne serait pas perdu.\u00a0\u00bb<\/p>\n<p>Le d\u00e9bat fut courtois, le r\u00e9sultat reste ind\u00e9cis, la presse est majoritairement favorable \u00e0 Mitterrand, servi par l\u2019impopularit\u00e9 du couple Giscard-Barre us\u00e9 par le pouvoir. Et l\u2019alternance est l\u2019oxyg\u00e8ne de la d\u00e9mocratie.<\/p>\n<p class=\"panneau\">Toutes les citations qui suivent <br>sont comment\u00e9es dans nos <a href=\"https:\/\/www.histoire-en-citations.fr\/boutique\">Chroniques.<\/a><\/p>\n<blockquote>\n<p class=\"citation-small\">\u00ab\u00a0Ce soir, je ne suis pas le Premier ministre et vous n\u2019\u00eates pas le pr\u00e9sident de la R\u00e9publique, nous sommes deux candidats [\u2026] Vous me permettrez donc de vous appeler Monsieur Mitterrand.<br>\u2014 Mais vous avez tout \u00e0 fait raison, Monsieur le Premier ministre.\u00a0\u00bb<span id=\"3275\" class=\"cit-num\">3275<\/span><\/p>\n<p class=\"auteur\"><a href=\"https:\/\/www.histoire-en-citations.fr\/indexation\/chirac\">Jacques <span class=\"caps\">CHIRAC<\/span><\/a> et <a href=\"https:\/\/www.histoire-en-citations.fr\/indexation\/mitterrand\">Fran\u00e7ois <span class=\"caps\">MITTERRAND<\/span><\/a>, d\u00e9bat t\u00e9l\u00e9vis\u00e9 de l\u2019entre-deux-tours, 28\u00a0avril 1988<\/p>\n<\/blockquote>\n<p>Mitterrand a chang\u00e9 d\u2019adversaire. Il s\u2019oppose cette fois-ci \u00e0 Chirac, Premier ministre sortant et us\u00e9 par cette \u00e9preuve. Situation originale qui aboutit au passage le plus marquant de leur duel. Mitterrand est r\u00e9\u00e9lu le 8\u00a0mai, avec 54\u00a0% des suffrages exprim\u00e9s au second tour. Dure d\u00e9faite pour Chirac, mais un homme politique n\u2019est jamais mort.<\/p>\n<blockquote>\n<p class=\"citation-small\">\u00ab\u00a0L\u2019inflation, imp\u00f4t pour les pauvres, prime pour les riches, est l\u2019oxyg\u00e8ne du syst\u00e8me. Regardez-le qui s\u2019\u00e9poumone.\u00a0\u00bb<span id=\"3235\" class=\"cit-num\">3235<\/span><\/p>\n<p class=\"auteur\"><a href=\"https:\/\/www.histoire-en-citations.fr\/indexation\/mitterrand\">Fran\u00e7ois <span class=\"caps\">MITTERRAND<\/span><\/a>, <em>L\u2019Abeille et l\u2019Architecte<\/em> (1978)<\/p>\n<\/blockquote>\n<p>Arriv\u00e9 au pouvoir, il en fait les frais. Apr\u00e8s la folle g\u00e9n\u00e9rosit\u00e9 des lois sociales au d\u00e9but de son (premier) septennat, le franc est attaqu\u00e9, malgr\u00e9 deux d\u00e9valuations (3\u00a0% en octobre 1981, 5,75\u00a0% en juin 1982). C\u2019est l\u2019\u00e9chec du Programme commun, vaincu par la force des choses \u00e9conomiques. Fuite des capitaux, nouvelle d\u00e9valuation in\u00e9luctable et tous les indicateurs financiers au rouge (d\u00e9ficit du budget, de la balance commerciale, de la balance des paiements).<\/p>\n<blockquote>\n<p class=\"citation-small\">\u00ab\u00a0Si \u00e7a vous amuse\u2026\u00a0\u00bb<span id=\"3293\" class=\"cit-num\">3293<\/span><\/p>\n<p class=\"auteur\"><a href=\"https:\/\/www.histoire-en-citations.fr\/indexation\/mitterrand\">Fran\u00e7ois <span class=\"caps\">MITTERRAND<\/span><\/a>, accueillant avec un m\u00e9pris agac\u00e9 les propositions du Premier ministre, jusqu\u2019au jour o\u00f9 il lui demande sa d\u00e9mission, 15\u00a0mai 1991. C\u2019est aussi le titre des <em>M\u00e9moires<\/em> de Michel Rocard<\/p>\n<\/blockquote>\n<p>Vingt ans apr\u00e8s, Rocard s\u2019amuse du cynisme dont il fut victime\u00a0! Ces relations conflictuelles ont g\u00ean\u00e9 son action de Premier ministre. Il incarne la \u00ab\u00a0deuxi\u00e8me gauche, d\u00e9centralisatrice, r\u00e9gionaliste, h\u00e9riti\u00e8re de la tradition autogestionnaire, qui prend en compte les d\u00e9marches participatives des citoyens\u00a0\u00bb (Rocard en 1977, au congr\u00e8s du <span class=\"caps\">PS<\/span>). Un rendez-vous rat\u00e9 avec l\u2019histoire, pour la gauche et le socialisme, pour Rocard et pour la <a href=\"https:\/\/www.histoire-en-citations.fr\/indexation\/france\">France<\/a>.<\/p>\n<\/div>\n<style>\r\n        a .cit-num {\r\n            text-decoration: none !important;\r\n            color: inherit !important;\r\n        }\r\n    <\/style>","protected":false},"excerpt":{"rendered":"<p>Mitterrand Pr\u00e9sident. Aussi intelligent que Giscard qui l\u2019est assur\u00e9ment, mais plus blessant, l\u2019humour mitterrandien devient une arme redoutable contre l\u2019adversaire.Deux r\u00e9pliques d\u2019anthologie, bien trouv\u00e9es, bien plac\u00e9es, l\u2019aident \u00e0 gagner ses pr\u00e9sidentielles contre Giscard en 1981, contre Chirac en 1988, dans le fameux d\u00e9bat t\u00e9l\u00e9 de l\u2019entre-deux-tours. \u00ab\u00a0Vous avez tendance \u00e0 reprendre le refrain d&#8217;il y [&#8230;]<\/p>\n","protected":false},"author":1,"featured_media":0,"comment_status":"open","ping_status":"open","sticky":false,"template":"","format":"standard","meta":{"site-sidebar-layout":"default","site-content-layout":"","ast-site-content-layout":"default","site-content-style":"default","site-sidebar-style":"default","ast-global-header-display":"","ast-banner-title-visibility":"","ast-main-header-display":"","ast-hfb-above-header-display":"","ast-hfb-below-header-display":"","ast-hfb-mobile-header-display":"","site-post-title":"","ast-breadcrumbs-content":"","ast-featured-img":"","footer-sml-layout":"","theme-transparent-header-meta":"","adv-header-id-meta":"","stick-header-meta":"","header-above-stick-meta":"","header-main-stick-meta":"","header-below-stick-meta":"","astra-migrate-meta-layouts":"default","ast-page-background-enabled":"default","ast-page-background-meta":{"desktop":{"background-color":"var(--ast-global-color-5)","background-image":"","background-repeat":"repeat","background-position":"center center","background-size":"auto","background-attachment":"scroll","background-type":"","background-media":"","overlay-type":"","overlay-color":"","overlay-opacity":"","overlay-gradient":""},"tablet":{"background-color":"","background-image":"","background-repeat":"repeat","background-position":"center center","background-size":"auto","background-attachment":"scroll","background-type":"","background-media":"","overlay-type":"","overlay-color":"","overlay-opacity":"","overlay-gradient":""},"mobile":{"background-color":"","background-image":"","background-repeat":"repeat","background-position":"center center","background-size":"auto","background-attachment":"scroll","background-type":"","background-media":"","overlay-type":"","overlay-color":"","overlay-opacity":"","overlay-gradient":""}},"ast-content-background-meta":{"desktop":{"background-color":"var(--ast-global-color-4)","background-image":"","background-repeat":"repeat","background-position":"center center","background-size":"auto","background-attachment":"scroll","background-type":"","background-media":"","overlay-type":"","overlay-color":"","overlay-opacity":"","overlay-gradient":""},"tablet":{"background-color":"var(--ast-global-color-4)","background-image":"","background-repeat":"repeat","background-position":"center center","background-size":"auto","background-attachment":"scroll","background-type":"","background-media":"","overlay-type":"","overlay-color":"","overlay-opacity":"","overlay-gradient":""},"mobile":{"background-color":"var(--ast-global-color-4)","background-image":"","background-repeat":"repeat","background-position":"center center","background-size":"auto","background-attachment":"scroll","background-type":"","background-media":"","overlay-type":"","overlay-color":"","overlay-opacity":"","overlay-gradient":""}},"iawp_total_views":0,"footnotes":""},"categories":[1540],"tags":[],"class_list":["post-5303","post","type-post","status-publish","format-standard","hentry","category-chronique-cinquieme-republique-citation-du-jour-francois-mitterrand"],"_links":{"self":[{"href":"https:\/\/histoire-en-citations.fr\/WP\/wp-json\/wp\/v2\/posts\/5303","targetHints":{"allow":["GET"]}}],"collection":[{"href":"https:\/\/histoire-en-citations.fr\/WP\/wp-json\/wp\/v2\/posts"}],"about":[{"href":"https:\/\/histoire-en-citations.fr\/WP\/wp-json\/wp\/v2\/types\/post"}],"author":[{"embeddable":true,"href":"https:\/\/histoire-en-citations.fr\/WP\/wp-json\/wp\/v2\/users\/1"}],"replies":[{"embeddable":true,"href":"https:\/\/histoire-en-citations.fr\/WP\/wp-json\/wp\/v2\/comments?post=5303"}],"version-history":[{"count":1,"href":"https:\/\/histoire-en-citations.fr\/WP\/wp-json\/wp\/v2\/posts\/5303\/revisions"}],"predecessor-version":[{"id":5304,"href":"https:\/\/histoire-en-citations.fr\/WP\/wp-json\/wp\/v2\/posts\/5303\/revisions\/5304"}],"wp:attachment":[{"href":"https:\/\/histoire-en-citations.fr\/WP\/wp-json\/wp\/v2\/media?parent=5303"}],"wp:term":[{"taxonomy":"category","embeddable":true,"href":"https:\/\/histoire-en-citations.fr\/WP\/wp-json\/wp\/v2\/categories?post=5303"},{"taxonomy":"post_tag","embeddable":true,"href":"https:\/\/histoire-en-citations.fr\/WP\/wp-json\/wp\/v2\/tags?post=5303"}],"curies":[{"name":"wp","href":"https:\/\/api.w.org\/{rel}","templated":true}]}}