{"id":5305,"date":"2017-11-13T00:00:00","date_gmt":"2017-11-12T23:00:00","guid":{"rendered":"https:\/\/histoire-en-citations.fr\/WP\/2025\/06\/21\/giscard-destaing-aucun-roi-de-france-naurait-ete-reelu-au-bout-de-sept-ans\/"},"modified":"2025-07-19T09:16:51","modified_gmt":"2025-07-19T07:16:51","slug":"giscard-destaing-aucun-roi-de-france-naurait-ete-reelu-au-bout-de-sept-ans","status":"publish","type":"post","link":"https:\/\/histoire-en-citations.fr\/WP\/giscard-destaing-aucun-roi-de-france-naurait-ete-reelu-au-bout-de-sept-ans\/","title":{"rendered":"Giscard d&#039;Estaing : \u00ab Aucun roi de France n&#039;aurait \u00e9t\u00e9 r\u00e9\u00e9lu au bout de sept ans.\u00a0\u00bb"},"content":{"rendered":"<div class=\"field-item even\">\n<p>Giscard et Mitterrand, Chirac et Sarkozy\u2026 Des quatre successeurs \u00e0 de Gaulle, seul Chirac va manifester un humour d\u2019ailleurs moins pr\u00e9sidentiel que tr\u00e8s personnel et populaire, voire \u00ab\u00a0franchouillard\u00a0\u00bb. <\/p>\n<p>Les trois autres ont quand m\u00eame leur place dans cette version plaisante de <em>l\u2019Histoire en citations<\/em>.<\/p>\n<blockquote>\n<p class=\"citation\"><span class=\"enonce\">\u00ab\u00a0Aucun roi de France n\u2019aurait \u00e9t\u00e9 r\u00e9\u00e9lu au bout de sept ans.\u00a0\u00bb<span id=\"3095\" class=\"cit-num\">3095<\/span><\/span><\/p>\n<p class=\"auteur\"><a href=\"https:\/\/www.histoire-en-citations.fr\/indexation\/giscard-destaing\"><span data-href=\"\/auteurs\/valery-giscard-d-estaing\"><span class=\"author\"><span class=\"surname\">Val\u00e9ry <\/span><span class=\"name\"><span class=\"caps\">GISCARD<\/span> <span class=\"caps\">D\u2019ESTAING<\/span><\/span><\/span><\/span><\/a> (1926-2020), \u00e0 ses fid\u00e8les, confidence cit\u00e9e dans <cite>Le Nouvel Observateur<\/cite> (1984)<\/p>\n<\/blockquote>\n<p>Inconsolable de ce septennat non renouvel\u00e9, il en parle et se confie \u00e0 la t\u00e9l\u00e9vision\u00a0: \u00ab\u00a0On ne gu\u00e9rit pas les plaies en les l\u00e9chant avec une langue de bois\u00a0\u00bb (\u00ab\u00a0Face \u00e0 la 3\u00a0\u00bb, 7\u00a0novembre 1984). <\/p>\n<p>En 1995, il obtient le prix de l\u2019humour politique pour cette phrase adress\u00e9e \u00e0 Benazir Bhutto (Premier ministre du Pakistan)\u00a0: \u00ab\u00a0Votre peuple a eu l\u2019intelligence de vous \u00e9lire deux fois.\u00a0\u00bb Mais elle sera victime d\u2019un attentat suicide, dans un pays o\u00f9 le terrorisme fait loi.<\/p>\n<p>Toujours jeune, encore tr\u00e8s actif, le retrait\u00e9 de 55\u00a0ans dirige le parti (centriste) de l\u2019<span class=\"caps\">UDF<\/span>, est \u00e9lu d\u00e9put\u00e9, se consacre \u00e0 son Auvergne natale et reste plus que jamais militant de la cause europ\u00e9enne \u2013 seul point commun qui le rapproche de son successeur. <span class=\"caps\">VGE<\/span> milite pour une <a href=\"https:\/\/www.histoire-en-citations.fr\/indexation\/europe\">Europe<\/a> plus forte et f\u00e9d\u00e9rale\u2026 et assure son immortalit\u00e9 avec un si\u00e8ge \u00e0 l\u2019Acad\u00e9mie fran\u00e7aise. \u00ab\u00a0J\u2019approche d\u2019un \u00e2ge o\u00f9 l\u2019immortalit\u00e9 devient une valeur refuge\u00a0\u00bb, dit-il avec un rien de coquetterie. Inutile de \u00ab\u00a0faire de l\u2019humour\u00a0\u00bb \u00e0 ce sujet \u2013 m\u00eame si d\u2019aucuns s\u2019en sont charg\u00e9s. Le talent litt\u00e9raire du jeune romancier (<em>Le Passage<\/em>, 1994) a peu compt\u00e9, au regard de l\u2019action politique et l\u2019intelligence de l\u2019homme d\u2019\u00c9tat.<\/p>\n<p class=\"panneau\">Toutes les citations qui suivent <br>sont comment\u00e9es dans nos <a href=\"https:\/\/www.histoire-en-citations.fr\/boutique\">Chroniques.<\/a><\/p>\n<blockquote>\n<p class=\"citation-small\">\u00ab\u00a0Je me demande si l\u2019on n\u2019en a pas trop fait pour les obs\u00e8ques de Fran\u00e7ois Mitterrand. Je ne me souviens pas qu\u2019on en ait fait autant pour Giscard.\u00a0\u00bb<span id=\"3338\" class=\"cit-num\">3338<\/span><\/p>\n<p class=\"auteur\">Andr\u00e9 <span class=\"caps\">SANTINI<\/span>, accessit du prix de l\u2019humour politique, d\u00e9cern\u00e9 par le Club en 1996<\/p>\n<\/blockquote>\n<p>Mitterrand, ex-pr\u00e9sident atteint d\u2019un cancer depuis 1981, meurt \u00e0 79\u00a0ans, le 8\u00a0janvier 1996, au jour et \u00e0 l\u2019heure d\u00e9cid\u00e9 par lui. Mais Santini, d\u00e9put\u00e9 de droite, r\u00e9cidiviste de l\u2019humour politique, vise naturellement l\u2019autre pr\u00e9sident, le jeune retrait\u00e9 (55 ans) survivant \u00e0 son \u00e9chec de 1981, en grand bless\u00e9 de la politique.<\/p>\n<blockquote>\n<p class=\"citation-small\">\u00ab\u00a0Ne nous laissons pas accabler par les rhumatismes de l\u2019histoire.\u00a0\u00bb<span id=\"3093\" class=\"cit-num\">3093<\/span><\/p>\n<p class=\"auteur\"><a href=\"https:\/\/www.histoire-en-citations.fr\/indexation\/giscard-destaing\">Val\u00e9ry <span class=\"caps\">GISCARD<\/span> D\u2019<span class=\"caps\">ESTAING<\/span><\/a>, v\u0153ux t\u00e9l\u00e9vis\u00e9s du 31\u00a0d\u00e9cembre 1976<\/p>\n<\/blockquote>\n<p>Seul pr\u00e9sident de la Cinqui\u00e8me \u00e0 voir le pass\u00e9 comme un poids dont il faut se lib\u00e9rer. En 1975, il supprime la comm\u00e9moration du 8\u00a0mai 1945 (r\u00e9tablie par Mitterrand). \u00c9lu \u00e0 48\u00a0ans, moderne \u00e0 sa mani\u00e8re, il affirme qu\u2019une nation tourn\u00e9e vers l\u2019avenir ne doit pas ressasser son histoire\u00a0: \u00ab\u00a0Conduisons-nous comme un peuple jeune et fier, ne nous laissons pas accabler par les rhumatismes de l\u2019histoire.\u00a0\u00bb<\/p>\n<blockquote>\n<p class=\"citation-small\">\u00ab\u00a0C\u2019est une bonne id\u00e9e d\u2019avoir choisi le r\u00e9f\u00e9rendum, \u00e0 condition que la r\u00e9ponse soit oui.\u00a0\u00bb<span id=\"3385\" class=\"cit-num\">3385<\/span><\/p>\n<p class=\"auteur\"><a href=\"https:\/\/www.histoire-en-citations.fr\/indexation\/giscard-destaing\">Val\u00e9ry <span class=\"caps\">GISCARD<\/span> d\u2019<span class=\"caps\">ESTAING<\/span><\/a>, <em>Le\u00a0Monde<\/em>, 6\u00a0mai 2005. Prix d\u00e9cern\u00e9 par le Press Club, humour et politique, en 2005<\/p>\n<\/blockquote>\n<p>Humour involontaire\u00a0? Nous reviendrons sur cette cat\u00e9gorie singuli\u00e8re. <span class=\"caps\">VGE<\/span> parle ici du projet de Constitution europ\u00e9enne\u00a0: \u00ab\u00a0C\u2019est un texte facilement lisible, limpide et assez joliment \u00e9crit\u00a0: je le dis d\u2019autant plus ais\u00e9ment que c\u2019est moi qui l\u2019ai r\u00e9dig\u00e9.\u00a0\u00bb Mot \u00e9galement remarqu\u00e9 par le jury\u2026 Mais la r\u00e9ponse au <a href=\"https:\/\/www.histoire-en-citations.fr\/indexation\/referendum-et-plebiscite\">r\u00e9f\u00e9rendum<\/a> est <span class=\"caps\">NON<\/span> (29 mai 2005).<\/p>\n<\/div>\n<style>\r\n        a .cit-num {\r\n            text-decoration: none !important;\r\n            color: inherit !important;\r\n        }\r\n    <\/style>","protected":false},"excerpt":{"rendered":"<p>Giscard et Mitterrand, Chirac et Sarkozy&#8230; Des quatre successeurs \u00e0 de Gaulle, seul Chirac va manifester un humour d\u2019ailleurs moins pr\u00e9sidentiel que tr\u00e8s personnel et populaire, voire \u00ab\u00a0franchouillard\u00a0\u00bb. Les trois autres ont quand m\u00eame leur place dans cette version plaisante de l\u2019Histoire en citations. \u00ab\u00a0Aucun roi de France n&#8217;aurait \u00e9t\u00e9 r\u00e9\u00e9lu au bout de sept [&#8230;]<\/p>\n","protected":false},"author":1,"featured_media":0,"comment_status":"open","ping_status":"open","sticky":false,"template":"","format":"standard","meta":{"site-sidebar-layout":"default","site-content-layout":"","ast-site-content-layout":"default","site-content-style":"default","site-sidebar-style":"default","ast-global-header-display":"","ast-banner-title-visibility":"","ast-main-header-display":"","ast-hfb-above-header-display":"","ast-hfb-below-header-display":"","ast-hfb-mobile-header-display":"","site-post-title":"","ast-breadcrumbs-content":"","ast-featured-img":"","footer-sml-layout":"","theme-transparent-header-meta":"","adv-header-id-meta":"","stick-header-meta":"","header-above-stick-meta":"","header-main-stick-meta":"","header-below-stick-meta":"","astra-migrate-meta-layouts":"default","ast-page-background-enabled":"default","ast-page-background-meta":{"desktop":{"background-color":"var(--ast-global-color-5)","background-image":"","background-repeat":"repeat","background-position":"center center","background-size":"auto","background-attachment":"scroll","background-type":"","background-media":"","overlay-type":"","overlay-color":"","overlay-opacity":"","overlay-gradient":""},"tablet":{"background-color":"","background-image":"","background-repeat":"repeat","background-position":"center center","background-size":"auto","background-attachment":"scroll","background-type":"","background-media":"","overlay-type":"","overlay-color":"","overlay-opacity":"","overlay-gradient":""},"mobile":{"background-color":"","background-image":"","background-repeat":"repeat","background-position":"center center","background-size":"auto","background-attachment":"scroll","background-type":"","background-media":"","overlay-type":"","overlay-color":"","overlay-opacity":"","overlay-gradient":""}},"ast-content-background-meta":{"desktop":{"background-color":"var(--ast-global-color-4)","background-image":"","background-repeat":"repeat","background-position":"center center","background-size":"auto","background-attachment":"scroll","background-type":"","background-media":"","overlay-type":"","overlay-color":"","overlay-opacity":"","overlay-gradient":""},"tablet":{"background-color":"var(--ast-global-color-4)","background-image":"","background-repeat":"repeat","background-position":"center center","background-size":"auto","background-attachment":"scroll","background-type":"","background-media":"","overlay-type":"","overlay-color":"","overlay-opacity":"","overlay-gradient":""},"mobile":{"background-color":"var(--ast-global-color-4)","background-image":"","background-repeat":"repeat","background-position":"center center","background-size":"auto","background-attachment":"scroll","background-type":"","background-media":"","overlay-type":"","overlay-color":"","overlay-opacity":"","overlay-gradient":""}},"iawp_total_views":0,"footnotes":""},"categories":[1666],"tags":[],"class_list":["post-5305","post","type-post","status-publish","format-standard","hentry","category-cinquieme-republique-citation-du-jour-personnage-de-valery-giscard-destaing-valery-giscard-destaing"],"_links":{"self":[{"href":"https:\/\/histoire-en-citations.fr\/WP\/wp-json\/wp\/v2\/posts\/5305","targetHints":{"allow":["GET"]}}],"collection":[{"href":"https:\/\/histoire-en-citations.fr\/WP\/wp-json\/wp\/v2\/posts"}],"about":[{"href":"https:\/\/histoire-en-citations.fr\/WP\/wp-json\/wp\/v2\/types\/post"}],"author":[{"embeddable":true,"href":"https:\/\/histoire-en-citations.fr\/WP\/wp-json\/wp\/v2\/users\/1"}],"replies":[{"embeddable":true,"href":"https:\/\/histoire-en-citations.fr\/WP\/wp-json\/wp\/v2\/comments?post=5305"}],"version-history":[{"count":1,"href":"https:\/\/histoire-en-citations.fr\/WP\/wp-json\/wp\/v2\/posts\/5305\/revisions"}],"predecessor-version":[{"id":5306,"href":"https:\/\/histoire-en-citations.fr\/WP\/wp-json\/wp\/v2\/posts\/5305\/revisions\/5306"}],"wp:attachment":[{"href":"https:\/\/histoire-en-citations.fr\/WP\/wp-json\/wp\/v2\/media?parent=5305"}],"wp:term":[{"taxonomy":"category","embeddable":true,"href":"https:\/\/histoire-en-citations.fr\/WP\/wp-json\/wp\/v2\/categories?post=5305"},{"taxonomy":"post_tag","embeddable":true,"href":"https:\/\/histoire-en-citations.fr\/WP\/wp-json\/wp\/v2\/tags?post=5305"}],"curies":[{"name":"wp","href":"https:\/\/api.w.org\/{rel}","templated":true}]}}