{"id":5321,"date":"2017-11-29T00:00:00","date_gmt":"2017-11-28T23:00:00","guid":{"rendered":"https:\/\/histoire-en-citations.fr\/WP\/2025\/06\/21\/emmanuelli-sil-veut-etre-candidat-il-faudra-quand-meme-quil-se-batte-un-peu\/"},"modified":"2025-07-19T09:16:53","modified_gmt":"2025-07-19T07:16:53","slug":"emmanuelli-sil-veut-etre-candidat-il-faudra-quand-meme-quil-se-batte-un-peu","status":"publish","type":"post","link":"https:\/\/histoire-en-citations.fr\/WP\/emmanuelli-sil-veut-etre-candidat-il-faudra-quand-meme-quil-se-batte-un-peu\/","title":{"rendered":"Emmanuelli : \u00ab S&rsquo;il veut \u00eatre candidat, il faudra quand m\u00eame qu&rsquo;il se batte un peu&#8230;\u00a0\u00bb"},"content":{"rendered":"<div class=\"field-item even\">\n<p>Cas Strauss-Kahn. L\u2019homme r\u00e9put\u00e9 le plus puissant du monde (patron du <span class=\"caps\">FMI<\/span>) et quasiment s\u00fbr d\u2019\u00eatre \u00e9lu pr\u00e9sident de la R\u00e9publique, menott\u00e9 tel un vulgaire malfaiteur, trait\u00e9 en dangereux criminel\u2026 Dix ans apr\u00e8s l\u2019effondrement des <em>Twin Towers<\/em>, la r\u00e9alit\u00e9 d\u00e9passe les fictions hollywoodiennes. Tous les superlatifs pour qualifier ce scandale \u00e0 la une, sur un th\u00e8me qui refait l\u2019Actu, fin 2017\u00a0!\u00a0<\/p>\n<blockquote>\n<p class=\"citation\"><span class=\"enonce\">\u00ab\u00a0S\u2019il veut \u00eatre candidat, il faudra quand m\u00eame qu\u2019il se batte un peu. Il n\u2019y a pas de raison que l\u2019on gratte la terre avec nos ongles et que lui arrive en voiturette de golf \u00e0 l\u2019\u00c9lys\u00e9e.\u00a0\u00bb<span id=\"3444\" class=\"cit-num\">3444<\/span><\/span><\/p>\n<p class=\"auteur\"><span data-href=\"\/auteurs\/henri-emmanuelli\"><span class=\"author\"><span class=\"surname\">Henri <\/span><span class=\"name\"><span class=\"caps\">EMMANUELLI<\/span><\/span><\/span><\/span> (1945-2017), parlant de Dominique Strauss-Kahn, <cite>Le Parisien<\/cite>, 25\u00a0novembre 2010<\/p>\n<\/blockquote>\n<p>D\u00e9put\u00e9 des Landes, mitterrandien depuis toujours, il se situe r\u00e9solument et parfois bruyamment \u00e0 l\u2019aile gauche du <span class=\"caps\">PS<\/span>. Donc, contre l\u2019Europe (au r\u00e9f\u00e9rendum) et contre la tendance socio lib\u00e9rale, incarn\u00e9e par <span class=\"caps\">DSK<\/span>, tout puissant patron du <span class=\"caps\">FMI<\/span> (Fonds mon\u00e9taire international), candidat non encore d\u00e9clar\u00e9, port\u00e9 par l\u2019opinion publique et soutenu par les \u00ab\u00a0\u00e9l\u00e9phants\u00a0\u00bb du parti. Mais la tactique du \u00ab\u00a0j\u2019y vais ou j\u2019y vais pas\u00a0\u00bb du pr\u00e9sum\u00e9 candidat finit par irriter ses coll\u00e8gues. L\u2019\u00e9lection pr\u00e9sidentielle, \u00e7a se pr\u00e9pare collectivement, l\u2019\u00e9ch\u00e9ance de mai 2012 hante les esprits et r\u00e9veille les app\u00e9tits.<\/p>\n<p>Emmanuelli, \u00ab\u00a0grande gueule\u00a0\u00bb comme il en faut parfois, dit souvent ce que d\u2019autres pensent plus ou moins\u00a0: il peut s\u2019exprimer plus librement que des responsables <a href=\"https:\/\/www.histoire-en-citations.fr\/indexation\/socialisme-socialistes\">socialistes<\/a> plus en vue, ou plus diplomates.<\/p>\n<p class=\"panneau\">Toutes les citations qui suivent <br>sont comment\u00e9es dans nos <a href=\"https:\/\/www.histoire-en-citations.fr\/boutique\">Chroniques.<\/a><\/p>\n<blockquote>\n<p class=\"citation-small\">\u00ab\u00a0Strauss-Kahn, je le connais bien, je l\u2019ai mis en examen.\u00a0\u00bb<span id=\"3445\" class=\"cit-num\">3445<\/span><\/p>\n<p class=\"auteur\">\u00c9va <span class=\"caps\">JOLY<\/span>, interrog\u00e9e en ao\u00fbt\u00a02010 sur les possibles candidats socialistes \u00e0 la pr\u00e9sidentielle<\/p>\n<\/blockquote>\n<p>Magistrate dans l\u2019affaire Elf, elle a mis <span class=\"caps\">DSK<\/span> en examen, avant de lui accorder un non-lieu. D\u00e9put\u00e9e europ\u00e9enne, son engagement politique est r\u00e9cent. Ce mot prend une autre dimension en 2011, quand l\u2019homme est mis en examen pour des affaires de m\u0153urs plus graves, cependant qu\u2019\u00c9va Joly devient elle-m\u00eame candidate des Verts \u00e0 la pr\u00e9sidentielle.<\/p>\n<blockquote>\n<p class=\"citation-small\">\u00ab\u00a0Un troussage de domestique.\u00a0\u00bb<span id=\"3453\" class=\"cit-num\">3453<\/span><\/p>\n<p class=\"auteur\">Jean-Fran\u00e7ois <span class=\"caps\">KAHN<\/span>, commentant l\u2019affaire <span class=\"caps\">DSK<\/span>, France Culture, 16\u00a0mai 2011<\/p>\n<\/blockquote>\n<p>\u00ab\u00a0Je suis pratiquement certain qu\u2019il n\u2019y a pas eu tentative violente de viol, je connais le personnage, je ne le pense pas. Qu\u2019il y ait eu une imprudence\u2026 (petit rire), j\u2019sais pas comment dire, un troussage de domestique.\u00a0\u00bb <span class=\"caps\">JFK<\/span> reconna\u00eet qu\u2019il a dit \u00ab\u00a0une connerie\u00a0\u00bb et renonce au m\u00e9tier de journaliste qu\u2019il a brillamment exerc\u00e9, \u00e0 la t\u00eate de <em>Marianne<\/em>.<\/p>\n<blockquote>\n<p class=\"citation-small\">\u00ab\u00a0Nous avons eu droit \u00e0 un floril\u00e8ge de remarques sexistes, du \u00ab\u00a0il n\u2019y a pas mort d\u2019homme\u00a0\u00bb au \u00ab\u00a0troussage de domestique\u00a0\u00bb en passant par \u00ab\u00a0c\u2019est un tort d\u2019aimer les femmes\u00a0?\u00a0\u00bb Nous sommes en col\u00e8re, r\u00e9volt\u00e9es et r\u00e9volt\u00e9s, indign\u00e9es et indign\u00e9s.\u00a0\u00bb<span id=\"3455\" class=\"cit-num\">3455<\/span><\/p>\n<p class=\"auteur\">P\u00e9tition contre le sexisme, lanc\u00e9e par Paroles de femmes, Osez le f\u00e9minisme et la Barbe, 25\u00a0000 signatures, 21\u00a0mai 2011<\/p>\n<\/blockquote>\n<p>Au-del\u00e0 du cas <span class=\"caps\">DSK<\/span>, ce fait divers renvoie \u00e0 un fait de soci\u00e9t\u00e9\u00a0: \u00ab\u00a0Ces propos prouvent \u00e0 quel point la r\u00e9alit\u00e9 des violences faites aux femmes est m\u00e9connue. De la part d\u2019\u00e9lites qui pr\u00e9tendent diriger notre soci\u00e9t\u00e9, c\u2019est particuli\u00e8rement inqui\u00e9tant. 75\u00a0000 femmes sont viol\u00e9es chaque ann\u00e9e dans notre pays, de toutes cat\u00e9gories sociales, de tous \u00e2ges. Leur seul point commun est d\u2019\u00eatre des femmes. Le seul point commun des agresseurs, c\u2019est d\u2019\u00eatre des hommes.\u00a0\u00bb<\/p>\n<p>Depuis le 14 octobre 2017, le cas Harvey Weinstein (producteur hollywoodien) lib\u00e8re la parole des <a href=\"https:\/\/www.histoire-en-citations.fr\/indexation\/femmes\">femmes<\/a>\u00a0: \u00ab\u00a0Balance ton porc\u2026\u00a0\u00bb<\/p>\n<\/div>\n<style>\r\n        a .cit-num {\r\n            text-decoration: none !important;\r\n            color: inherit !important;\r\n        }\r\n    <\/style>","protected":false},"excerpt":{"rendered":"<p>Cas Strauss-Kahn. L\u2019homme r\u00e9put\u00e9 le plus puissant du monde (patron du FMI) et quasiment s\u00fbr d\u2019\u00eatre \u00e9lu pr\u00e9sident de la R\u00e9publique, menott\u00e9 tel un vulgaire malfaiteur, trait\u00e9 en dangereux criminel\u2026 Dix ans apr\u00e8s l\u2019effondrement des Twin Towers, la r\u00e9alit\u00e9 d\u00e9passe les fictions hollywoodiennes. Tous les superlatifs pour qualifier ce scandale \u00e0 la une, sur un [&#8230;]<\/p>\n","protected":false},"author":1,"featured_media":11388,"comment_status":"open","ping_status":"open","sticky":false,"template":"","format":"standard","meta":{"site-sidebar-layout":"default","site-content-layout":"","ast-site-content-layout":"default","site-content-style":"default","site-sidebar-style":"default","ast-global-header-display":"","ast-banner-title-visibility":"","ast-main-header-display":"","ast-hfb-above-header-display":"","ast-hfb-below-header-display":"","ast-hfb-mobile-header-display":"","site-post-title":"","ast-breadcrumbs-content":"","ast-featured-img":"","footer-sml-layout":"","theme-transparent-header-meta":"","adv-header-id-meta":"","stick-header-meta":"","header-above-stick-meta":"","header-main-stick-meta":"","header-below-stick-meta":"","astra-migrate-meta-layouts":"default","ast-page-background-enabled":"default","ast-page-background-meta":{"desktop":{"background-color":"var(--ast-global-color-5)","background-image":"","background-repeat":"repeat","background-position":"center center","background-size":"auto","background-attachment":"scroll","background-type":"","background-media":"","overlay-type":"","overlay-color":"","overlay-opacity":"","overlay-gradient":""},"tablet":{"background-color":"","background-image":"","background-repeat":"repeat","background-position":"center center","background-size":"auto","background-attachment":"scroll","background-type":"","background-media":"","overlay-type":"","overlay-color":"","overlay-opacity":"","overlay-gradient":""},"mobile":{"background-color":"","background-image":"","background-repeat":"repeat","background-position":"center center","background-size":"auto","background-attachment":"scroll","background-type":"","background-media":"","overlay-type":"","overlay-color":"","overlay-opacity":"","overlay-gradient":""}},"ast-content-background-meta":{"desktop":{"background-color":"var(--ast-global-color-4)","background-image":"","background-repeat":"repeat","background-position":"center center","background-size":"auto","background-attachment":"scroll","background-type":"","background-media":"","overlay-type":"","overlay-color":"","overlay-opacity":"","overlay-gradient":""},"tablet":{"background-color":"var(--ast-global-color-4)","background-image":"","background-repeat":"repeat","background-position":"center center","background-size":"auto","background-attachment":"scroll","background-type":"","background-media":"","overlay-type":"","overlay-color":"","overlay-opacity":"","overlay-gradient":""},"mobile":{"background-color":"var(--ast-global-color-4)","background-image":"","background-repeat":"repeat","background-position":"center center","background-size":"auto","background-attachment":"scroll","background-type":"","background-media":"","overlay-type":"","overlay-color":"","overlay-opacity":"","overlay-gradient":""}},"iawp_total_views":4,"footnotes":""},"categories":[1956],"tags":[],"class_list":["post-5321","post","type-post","status-publish","format-standard","has-post-thumbnail","hentry","category-chronique-cinquieme-republique-citation-du-jour-henri-emmanuelli"],"_links":{"self":[{"href":"https:\/\/histoire-en-citations.fr\/WP\/wp-json\/wp\/v2\/posts\/5321","targetHints":{"allow":["GET"]}}],"collection":[{"href":"https:\/\/histoire-en-citations.fr\/WP\/wp-json\/wp\/v2\/posts"}],"about":[{"href":"https:\/\/histoire-en-citations.fr\/WP\/wp-json\/wp\/v2\/types\/post"}],"author":[{"embeddable":true,"href":"https:\/\/histoire-en-citations.fr\/WP\/wp-json\/wp\/v2\/users\/1"}],"replies":[{"embeddable":true,"href":"https:\/\/histoire-en-citations.fr\/WP\/wp-json\/wp\/v2\/comments?post=5321"}],"version-history":[{"count":2,"href":"https:\/\/histoire-en-citations.fr\/WP\/wp-json\/wp\/v2\/posts\/5321\/revisions"}],"predecessor-version":[{"id":5327,"href":"https:\/\/histoire-en-citations.fr\/WP\/wp-json\/wp\/v2\/posts\/5321\/revisions\/5327"}],"wp:featuredmedia":[{"embeddable":true,"href":"https:\/\/histoire-en-citations.fr\/WP\/wp-json\/wp\/v2\/media\/11388"}],"wp:attachment":[{"href":"https:\/\/histoire-en-citations.fr\/WP\/wp-json\/wp\/v2\/media?parent=5321"}],"wp:term":[{"taxonomy":"category","embeddable":true,"href":"https:\/\/histoire-en-citations.fr\/WP\/wp-json\/wp\/v2\/categories?post=5321"},{"taxonomy":"post_tag","embeddable":true,"href":"https:\/\/histoire-en-citations.fr\/WP\/wp-json\/wp\/v2\/tags?post=5321"}],"curies":[{"name":"wp","href":"https:\/\/api.w.org\/{rel}","templated":true}]}}