{"id":5323,"date":"2017-11-28T00:00:00","date_gmt":"2017-11-27T23:00:00","guid":{"rendered":"https:\/\/histoire-en-citations.fr\/WP\/2025\/06\/21\/lang-le-10-mai-les-francais-ont-franchi-la-frontiere-qui-separe-la-nuit-de-la-lumiere\/"},"modified":"2025-07-19T09:16:53","modified_gmt":"2025-07-19T07:16:53","slug":"lang-le-10-mai-les-francais-ont-franchi-la-frontiere-qui-separe-la-nuit-de-la-lumiere","status":"publish","type":"post","link":"https:\/\/histoire-en-citations.fr\/WP\/lang-le-10-mai-les-francais-ont-franchi-la-frontiere-qui-separe-la-nuit-de-la-lumiere\/","title":{"rendered":"Lang : \u00ab Le 10 mai, les Fran\u00e7ais ont franchi la fronti\u00e8re qui s\u00e9pare la nuit de la lumi\u00e8re.\u00a0\u00bb"},"content":{"rendered":"<div class=\"field-item even\">\n<p>Cas Lang. Fan de Mitterrand qui le prend et le garde au total dix ans comme ministre de la Culture, personnage m\u00e9diatique et fascin\u00e9 par les m\u00e9dias, il occupe la sc\u00e8ne en pro du th\u00e9\u00e2tre (amateur). Sa cote de popularit\u00e9 aupr\u00e8s du public tranche avec le recul, sinon le rejet du milieu politique \u2013 cas en cela comparable \u00e0 S\u00e9gol\u00e8ne Royal qui \u00ab\u00a0s\u00e9duit au loin et irrite au pr\u00e8s\u00a0\u00bb.<\/p>\n<blockquote>\n<p class=\"citation\"><span class=\"enonce\">\u00ab\u00a0Le 10\u00a0mai, les Fran\u00e7ais ont franchi la fronti\u00e8re qui s\u00e9pare la nuit de la lumi\u00e8re.\u00a0\u00bb<span id=\"3211\" class=\"cit-num\">3211<\/span><\/span><\/p>\n<p class=\"auteur\"><span data-href=\"\/auteurs\/jack-lang\"><span class=\"author\"><span class=\"surname\">Jack <\/span><span class=\"name\"><span class=\"caps\">LANG<\/span><\/span><\/span><\/span> (n\u00e9 en 1939), ministre de la Culture, pr\u00e9sentant son budget (en forte hausse) le 17\u00a0novembre 1981<\/p>\n<\/blockquote>\n<p>Formule devenue c\u00e9l\u00e8bre et quelque peu moqu\u00e9e, d\u2019un personnage toujours aussi lyrique que m\u00e9diatique. Peut-on parler d\u2019humour involontaire au troisi\u00e8me degr\u00e9\u00a0? <\/p>\n<p>Dans le m\u00eame esprit, le m\u00eame \u00e9lan, la m\u00eame ann\u00e9e, Pierre Mauroy, fervent Premier ministre de Mitterrand\u00a0: \u00ab\u00a0C\u2019est une aube nouvelle qui se l\u00e8ve. Avec nous, la v\u00e9rit\u00e9 voit le jour.\u00a0\u00bb Et Chev\u00e8nement, tr\u00e8s s\u00e9rieux ministre de la Recherche et de l\u2019Industrie, fait chorus\u00a0: \u00ab\u00a0Si nous n\u2019\u00e9tions pas arriv\u00e9s, la France \u00e9tait condamn\u00e9e \u00e0 dispara\u00eetre en 1990.\u00a0\u00bb Cependant que la chanteuse Barbara c\u00e9l\u00e8bre avec le talent de sa passion l\u2019Homme \u00e0 la rose\u00a0: \u00ab\u00a0Regarde, Au ciel de notre histoire, \/\u00a0Une rose, \u00e0 nos m\u00e9moires, \/\u00a0Dessine le mot espoir\u00a0!\u00a0\u00bb<\/p>\n<p>Le 10 mai fit v\u00e9ritablement date dans l\u2019histoire contemporaine et l\u2019on ne peut reprocher ses enthousiasmes \u00e0 la gauche si longtemps dans l\u2019opposition. Seule la forme peut (doit) faire sourire\u2026 sourire jaune, en 2017 o\u00f9 le <span class=\"caps\">PS<\/span> est \u00e0 la d\u00e9rive.<\/p>\n<p class=\"panneau\">Toutes les citations qui suivent <br>sont comment\u00e9es dans nos <a href=\"https:\/\/www.histoire-en-citations.fr\/boutique\">Chroniques.<\/a><\/p>\n<blockquote>\n<p class=\"citation-small\">\u00ab\u00a0Si l\u2019\u00e9clipse du 11\u00a0ao\u00fbt 1999 avait \u00e9t\u00e9 de gauche, elle aurait \u00e9t\u00e9 organis\u00e9e par Jack Lang.\u00a0\u00bb<span id=\"3353\" class=\"cit-num\">3353<\/span><\/p>\n<p class=\"auteur\">Andr\u00e9 <span class=\"caps\">SANTINI<\/span>,<em> Le Santini<\/em> (2011), Andr\u00e9 Santini<\/p>\n<\/blockquote>\n<p>Occasion unique et le d\u00e9put\u00e9 <span class=\"caps\">UDF<\/span> des Hauts-de-Seine ne va pas rater le d\u00e9put\u00e9 <span class=\"caps\">PS<\/span> de Blois, obsessionnellement m\u00e9diatique, inconsolable d\u2019\u00eatre (momentan\u00e9ment) sans poste minist\u00e9riel et qui regrettera toujours ses belles ann\u00e9es \u00e0 la <a href=\"https:\/\/www.histoire-en-citations.fr\/indexation\/culture-et-civilisation\">Culture<\/a>, sous le r\u00e8gne de son ami Mitterrand. L\u2019\u00e9clipse du 11\u00a0ao\u00fbt fut un \u00e9v\u00e9nement national, \u00e0 la une des m\u00e9dias. La F\u00eate de la musique, lanc\u00e9e par Jack Lang le 21\u00a0juin (1982), jour (et nuit) du solstice d\u2019\u00e9t\u00e9, n\u2019a pas r\u00e9uni autant de public.<\/p>\n<blockquote>\n<p class=\"citation-small\">\u00ab\u00a0Quand on m\u2019appelle Monsieur le ministre, j\u2019ai toujours l\u2019impression que Jack Lang va surgir derri\u00e8re moi.\u00a0\u00bb<span id=\"3447\" class=\"cit-num\">3447<\/span><\/p>\n<p class=\"auteur\">Fr\u00e9d\u00e9ric <span class=\"caps\">MITTERRAND<\/span>, ministre de la Culture et de la Communication, laur\u00e9at du prix des internautes en 2010, Press Club, humour et politique<\/p>\n<\/blockquote>\n<p>Nomm\u00e9 le 23\u00a0juin 2009, il rejoint le gouvernement Fillon (remani\u00e9). Plut\u00f4t discret pour un homme tr\u00e8s m\u00e9diatique, fascin\u00e9 par de Gaulle, neveu du pr\u00e9sident <a href=\"https:\/\/www.histoire-en-citations.fr\/indexation\/mitterrand\">Mitterrand<\/a> et politiquement inclassable, il ne marque pas son minist\u00e8re, \u00e0 l\u2019inverse de Lang qui semble jouer les prolongations, au point de doublonner ses successeurs, L\u00e9otard, Catherine Tasca, Douste-Blazy, Catherine Trautmann, Allaigon, Donnedieu de Vabres, Christine Albanel\u2026 et Fr\u00e9d\u00e9ric Mitterrand.<\/p>\n<\/div>\n<style>\r\n        a .cit-num {\r\n            text-decoration: none !important;\r\n            color: inherit !important;\r\n        }\r\n    <\/style>","protected":false},"excerpt":{"rendered":"<p>Cas Lang. Fan de Mitterrand qui le prend et le garde au total dix ans comme ministre de la Culture, personnage m\u00e9diatique et fascin\u00e9 par les m\u00e9dias, il occupe la sc\u00e8ne en pro du th\u00e9\u00e2tre (amateur). Sa cote de popularit\u00e9 aupr\u00e8s du public tranche avec le recul, sinon le rejet du milieu politique &#8211; cas [&#8230;]<\/p>\n","protected":false},"author":1,"featured_media":11375,"comment_status":"open","ping_status":"open","sticky":false,"template":"","format":"standard","meta":{"site-sidebar-layout":"default","site-content-layout":"","ast-site-content-layout":"default","site-content-style":"default","site-sidebar-style":"default","ast-global-header-display":"","ast-banner-title-visibility":"","ast-main-header-display":"","ast-hfb-above-header-display":"","ast-hfb-below-header-display":"","ast-hfb-mobile-header-display":"","site-post-title":"","ast-breadcrumbs-content":"","ast-featured-img":"","footer-sml-layout":"","theme-transparent-header-meta":"","adv-header-id-meta":"","stick-header-meta":"","header-above-stick-meta":"","header-main-stick-meta":"","header-below-stick-meta":"","astra-migrate-meta-layouts":"default","ast-page-background-enabled":"default","ast-page-background-meta":{"desktop":{"background-color":"var(--ast-global-color-5)","background-image":"","background-repeat":"repeat","background-position":"center center","background-size":"auto","background-attachment":"scroll","background-type":"","background-media":"","overlay-type":"","overlay-color":"","overlay-opacity":"","overlay-gradient":""},"tablet":{"background-color":"","background-image":"","background-repeat":"repeat","background-position":"center center","background-size":"auto","background-attachment":"scroll","background-type":"","background-media":"","overlay-type":"","overlay-color":"","overlay-opacity":"","overlay-gradient":""},"mobile":{"background-color":"","background-image":"","background-repeat":"repeat","background-position":"center center","background-size":"auto","background-attachment":"scroll","background-type":"","background-media":"","overlay-type":"","overlay-color":"","overlay-opacity":"","overlay-gradient":""}},"ast-content-background-meta":{"desktop":{"background-color":"var(--ast-global-color-4)","background-image":"","background-repeat":"repeat","background-position":"center center","background-size":"auto","background-attachment":"scroll","background-type":"","background-media":"","overlay-type":"","overlay-color":"","overlay-opacity":"","overlay-gradient":""},"tablet":{"background-color":"var(--ast-global-color-4)","background-image":"","background-repeat":"repeat","background-position":"center center","background-size":"auto","background-attachment":"scroll","background-type":"","background-media":"","overlay-type":"","overlay-color":"","overlay-opacity":"","overlay-gradient":""},"mobile":{"background-color":"var(--ast-global-color-4)","background-image":"","background-repeat":"repeat","background-position":"center center","background-size":"auto","background-attachment":"scroll","background-type":"","background-media":"","overlay-type":"","overlay-color":"","overlay-opacity":"","overlay-gradient":""}},"iawp_total_views":16,"footnotes":""},"categories":[1955],"tags":[],"class_list":["post-5323","post","type-post","status-publish","format-standard","has-post-thumbnail","hentry","category-chronique-cinquieme-republique-citation-du-jour-jack-lang"],"_links":{"self":[{"href":"https:\/\/histoire-en-citations.fr\/WP\/wp-json\/wp\/v2\/posts\/5323","targetHints":{"allow":["GET"]}}],"collection":[{"href":"https:\/\/histoire-en-citations.fr\/WP\/wp-json\/wp\/v2\/posts"}],"about":[{"href":"https:\/\/histoire-en-citations.fr\/WP\/wp-json\/wp\/v2\/types\/post"}],"author":[{"embeddable":true,"href":"https:\/\/histoire-en-citations.fr\/WP\/wp-json\/wp\/v2\/users\/1"}],"replies":[{"embeddable":true,"href":"https:\/\/histoire-en-citations.fr\/WP\/wp-json\/wp\/v2\/comments?post=5323"}],"version-history":[{"count":1,"href":"https:\/\/histoire-en-citations.fr\/WP\/wp-json\/wp\/v2\/posts\/5323\/revisions"}],"predecessor-version":[{"id":5324,"href":"https:\/\/histoire-en-citations.fr\/WP\/wp-json\/wp\/v2\/posts\/5323\/revisions\/5324"}],"wp:featuredmedia":[{"embeddable":true,"href":"https:\/\/histoire-en-citations.fr\/WP\/wp-json\/wp\/v2\/media\/11375"}],"wp:attachment":[{"href":"https:\/\/histoire-en-citations.fr\/WP\/wp-json\/wp\/v2\/media?parent=5323"}],"wp:term":[{"taxonomy":"category","embeddable":true,"href":"https:\/\/histoire-en-citations.fr\/WP\/wp-json\/wp\/v2\/categories?post=5323"},{"taxonomy":"post_tag","embeddable":true,"href":"https:\/\/histoire-en-citations.fr\/WP\/wp-json\/wp\/v2\/tags?post=5323"}],"curies":[{"name":"wp","href":"https:\/\/api.w.org\/{rel}","templated":true}]}}