{"id":5325,"date":"2017-11-27T00:00:00","date_gmt":"2017-11-26T23:00:00","guid":{"rendered":"https:\/\/histoire-en-citations.fr\/WP\/2025\/06\/21\/montebourg-segolene-royal-na-quun-seul-defaut-cest-son-compagnon\/"},"modified":"2025-07-19T09:16:53","modified_gmt":"2025-07-19T07:16:53","slug":"montebourg-segolene-royal-na-quun-seul-defaut-cest-son-compagnon","status":"publish","type":"post","link":"https:\/\/histoire-en-citations.fr\/WP\/montebourg-segolene-royal-na-quun-seul-defaut-cest-son-compagnon\/","title":{"rendered":"Montebourg : \u00ab S\u00e9gol\u00e8ne Royal n&#039;a qu&#039;un seul d\u00e9faut, c&#039;est son compagnon.\u00a0\u00bb"},"content":{"rendered":"<div class=\"field-item even\">\n<p>La Ve R\u00e9publique par l\u2019humour\u00a0: le jeu et le personnel politique, sources d\u2019humour in\u00e9puisables pour <em>l\u2019Histoire en citations<\/em>. Pr\u00e9sidents mis \u00e0 part, il y a quelques cas incontournables, hyper m\u00e9diatis\u00e9s pour de bonnes et moins bonnes raisons\u00a0: S\u00e9gol\u00e8ne (Royal), Jack Lang, Strauss-Kahn\u2026<\/p>\n<blockquote>\n<p class=\"citation\"><span class=\"enonce\">\u00ab\u00a0S\u00e9gol\u00e8ne Royal n\u2019a qu\u2019un seul d\u00e9faut, c\u2019est son compagnon.\u00a0\u00bb<span id=\"3401\" class=\"cit-num\">3401<\/span><\/span><\/p>\n<p class=\"auteur\"><span data-href=\"\/auteurs\/arnaud-montebourg\"><span class=\"author\"><span class=\"surname\">Arnaud <\/span><span class=\"name\"><span class=\"caps\">MONTEBOURG<\/span><\/span><\/span><\/span> (n\u00e9 en 1962), se l\u00e2chant sur le plateau de Canal Plus, 17\u00a0janvier 2007<\/p>\n<\/blockquote>\n<p>Porte-parole de la candidate du <span class=\"caps\">PS<\/span> \u00e0 la pr\u00e9sidence de la R\u00e9publique, il stup\u00e9fie les pr\u00e9sents, m\u00eame s\u2019il est coutumier des bons mots. \u00ab\u00a0Je pensais vous faire rire\u00a0\u00bb, a-t-il ajout\u00e9.<\/p>\n<p>\u00ab\u00a0\u00c7a a jet\u00e9 un froid sur le plateau\u00a0\u00bb, avoue la d\u00e9put\u00e9e <span class=\"caps\">UMP<\/span> Nadine Morano, pr\u00e9sente lors de l\u2019\u00e9mission et pourtant adepte du franc-parler, voire du \u00ab\u00a0pav\u00e9 dans la mare\u00a0\u00bb. Interrog\u00e9e sur <span class=\"caps\">RTL<\/span>, elle rebaptise Arnaud \u00ab\u00a0Montebourde\u00a0\u00bb le porte-parole de la candidate socialiste. Mme Royal refuse sa d\u00e9mission, mais le met au silence m\u00e9diatique pendant un mois.<\/p>\n<p>Circonstance att\u00e9nuante, ou aggravante, il est de notori\u00e9t\u00e9 (presque) publique que le couple socialiste se s\u00e9pare. \u00c9trange co\u00efncidence, il en va de m\u00eame entre <a href=\"https:\/\/www.histoire-en-citations.fr\/indexation\/sarkozy\">Sarkozy<\/a> et C\u00e9cilia, sa femme et tr\u00e8s proche collaboratrice. Ce divorce fera plus de d\u00e9g\u00e2t, dans la carri\u00e8re pr\u00e9sidentielle.<\/p>\n<p class=\"panneau\">Toutes les citations qui suivent <br>sont comment\u00e9es dans nos <a href=\"https:\/\/www.histoire-en-citations.fr\/boutique\">Chroniques.<\/a><\/p>\n<blockquote>\n<p class=\"citation-small\">\u00ab\u00a0Qui gardera les enfants\u00a0?\u00a0\u00bb<span id=\"3399\" class=\"cit-num\">3399<\/span><\/p>\n<p class=\"auteur\">Laurent <span class=\"caps\">FABIUS<\/span>, apprenant la d\u00e9claration de candidature de S\u00e9gol\u00e8ne Royal le 29 septembre 2006<\/p>\n<\/blockquote>\n<p>Elle se pr\u00e9sente \u00e0 l\u2019investiture socialiste en vue des pr\u00e9sidentielles. Fabius, \u00e9galement candidat, p\u00e8che par sexisme. Avec son compagnon Fran\u00e7ois Hollande, Premier secr\u00e9taire du <span class=\"caps\">PS<\/span>, elle a quatre enfants, dont la derni\u00e8re a 13\u00a0ans. \u00c7a n\u2019a pas emp\u00each\u00e9 Mme Royal d\u2019\u00eatre quatre fois ministre entre\u00a01992 et\u00a02002, d\u00e9put\u00e9e depuis 1988 et seule femme \u00e0 pr\u00e9sider un conseil r\u00e9gional.<\/p>\n<blockquote>\n<p class=\"citation-small\">\u00ab\u00a0S\u00e9gol\u00e8ne, elle s\u00e9duit au loin et irrite au pr\u00e8s.\u00a0\u00bb<span id=\"3400\" class=\"cit-num\">3400<\/span><\/p>\n<p class=\"auteur\">Jean-Pierre <span class=\"caps\">RAFFARIN<\/span>, prix de l\u2019humour politique 2006<\/p>\n<\/blockquote>\n<p>Apr\u00e8s une rude bagarre interne, la voil\u00e0 d\u00e9sign\u00e9e candidate du <span class=\"caps\">PS<\/span> pour les pr\u00e9sidentielles de 2007, d\u00e8s le premier tour. Les perdants ne seront pas beaux joueurs. Le <span class=\"caps\">PS<\/span>, divis\u00e9, affaibli, pr\u00e9sente un projet illisible qu\u2019elle peine \u00e0 incarner. \u00catre femme est \u00e0 la fois atout et handicap. Elle va beaucoup s\u00e9duire et beaucoup irriter. \u00ab\u00a0M\u00eame quand je ne dis rien, cela fait du bruit\u00a0\u00bb, dit-elle dans <em>L\u2019Express<\/em>. Elle aussi, elle a de l\u2019humour, pas toujours involontaire.<\/p>\n<blockquote>\n<p class=\"citation-small\">\u00ab\u00a0Comme le disent les Chinois, un Chinois qui ne vient pas sur la Grande Muraille n\u2019est pas un brave et un Chinois qui vient sur la Grande Muraille conquiert la \u00ab\u00a0bravitude\u00a0\u00bb.\u00a0\u00bb<span id=\"3403\" class=\"cit-num\">3403<\/span><\/p>\n<p class=\"auteur\">S\u00e9gol\u00e8ne <span class=\"caps\">ROYAL<\/span>, <span class=\"caps\">TF1<\/span>, 6\u00a0janvier 2007, lors d\u2019une visite sur la Muraille de Chine<\/p>\n<\/blockquote>\n<p>Et le 5\u00a0mars \u00e0 Berlin, devant les <a href=\"https:\/\/www.histoire-en-citations.fr\/indexation\/francais-les\">Fran\u00e7ais<\/a> expatri\u00e9s\u00a0: \u00ab\u00a0Je vois dans vos yeux votre intelligence collective.\u00a0\u00bb Ses perles sont collectionn\u00e9es par les m\u00e9dias. Critiqu\u00e9e, elle a toujours une r\u00e9ponse originale\u00a0: \u00ab\u00a0C\u2019est moi qui ma\u00eetrise la raret\u00e9 de ma parole politique, pour dire des choses intelligentes quand j\u2019ai besoin de les dire.\u00a0\u00bb Phrase nomm\u00e9e pour le prix de l\u2019humour politique en 2010.<\/p>\n<\/div>\n<style>\r\n        a .cit-num {\r\n            text-decoration: none !important;\r\n            color: inherit !important;\r\n        }\r\n    <\/style>","protected":false},"excerpt":{"rendered":"<p>La Ve R\u00e9publique par l&#8217;humour\u00a0: le jeu et le personnel politique, sources d\u2019humour in\u00e9puisables pour l\u2019Histoire en citations. Pr\u00e9sidents mis \u00e0 part, il y a quelques cas incontournables, hyper m\u00e9diatis\u00e9s pour de bonnes et moins bonnes raisons\u00a0: S\u00e9gol\u00e8ne (Royal), Jack Lang, Strauss-Kahn&#8230; \u00ab\u00a0S\u00e9gol\u00e8ne Royal n&#8217;a qu&#8217;un seul d\u00e9faut, c&#8217;est son compagnon.\u00a0\u00bb3401 Arnaud MONTEBOURG (n\u00e9 en [&#8230;]<\/p>\n","protected":false},"author":1,"featured_media":0,"comment_status":"open","ping_status":"open","sticky":false,"template":"","format":"standard","meta":{"site-sidebar-layout":"default","site-content-layout":"","ast-site-content-layout":"default","site-content-style":"default","site-sidebar-style":"default","ast-global-header-display":"","ast-banner-title-visibility":"","ast-main-header-display":"","ast-hfb-above-header-display":"","ast-hfb-below-header-display":"","ast-hfb-mobile-header-display":"","site-post-title":"","ast-breadcrumbs-content":"","ast-featured-img":"","footer-sml-layout":"","theme-transparent-header-meta":"","adv-header-id-meta":"","stick-header-meta":"","header-above-stick-meta":"","header-main-stick-meta":"","header-below-stick-meta":"","astra-migrate-meta-layouts":"default","ast-page-background-enabled":"default","ast-page-background-meta":{"desktop":{"background-color":"var(--ast-global-color-5)","background-image":"","background-repeat":"repeat","background-position":"center center","background-size":"auto","background-attachment":"scroll","background-type":"","background-media":"","overlay-type":"","overlay-color":"","overlay-opacity":"","overlay-gradient":""},"tablet":{"background-color":"","background-image":"","background-repeat":"repeat","background-position":"center center","background-size":"auto","background-attachment":"scroll","background-type":"","background-media":"","overlay-type":"","overlay-color":"","overlay-opacity":"","overlay-gradient":""},"mobile":{"background-color":"","background-image":"","background-repeat":"repeat","background-position":"center center","background-size":"auto","background-attachment":"scroll","background-type":"","background-media":"","overlay-type":"","overlay-color":"","overlay-opacity":"","overlay-gradient":""}},"ast-content-background-meta":{"desktop":{"background-color":"var(--ast-global-color-4)","background-image":"","background-repeat":"repeat","background-position":"center center","background-size":"auto","background-attachment":"scroll","background-type":"","background-media":"","overlay-type":"","overlay-color":"","overlay-opacity":"","overlay-gradient":""},"tablet":{"background-color":"var(--ast-global-color-4)","background-image":"","background-repeat":"repeat","background-position":"center center","background-size":"auto","background-attachment":"scroll","background-type":"","background-media":"","overlay-type":"","overlay-color":"","overlay-opacity":"","overlay-gradient":""},"mobile":{"background-color":"var(--ast-global-color-4)","background-image":"","background-repeat":"repeat","background-position":"center center","background-size":"auto","background-attachment":"scroll","background-type":"","background-media":"","overlay-type":"","overlay-color":"","overlay-opacity":"","overlay-gradient":""}},"iawp_total_views":15,"footnotes":""},"categories":[1954],"tags":[],"class_list":["post-5325","post","type-post","status-publish","format-standard","hentry","category-arnaud-montebourg-chronique-cinquieme-republique-citation-du-jour"],"_links":{"self":[{"href":"https:\/\/histoire-en-citations.fr\/WP\/wp-json\/wp\/v2\/posts\/5325","targetHints":{"allow":["GET"]}}],"collection":[{"href":"https:\/\/histoire-en-citations.fr\/WP\/wp-json\/wp\/v2\/posts"}],"about":[{"href":"https:\/\/histoire-en-citations.fr\/WP\/wp-json\/wp\/v2\/types\/post"}],"author":[{"embeddable":true,"href":"https:\/\/histoire-en-citations.fr\/WP\/wp-json\/wp\/v2\/users\/1"}],"replies":[{"embeddable":true,"href":"https:\/\/histoire-en-citations.fr\/WP\/wp-json\/wp\/v2\/comments?post=5325"}],"version-history":[{"count":1,"href":"https:\/\/histoire-en-citations.fr\/WP\/wp-json\/wp\/v2\/posts\/5325\/revisions"}],"predecessor-version":[{"id":5326,"href":"https:\/\/histoire-en-citations.fr\/WP\/wp-json\/wp\/v2\/posts\/5325\/revisions\/5326"}],"wp:attachment":[{"href":"https:\/\/histoire-en-citations.fr\/WP\/wp-json\/wp\/v2\/media?parent=5325"}],"wp:term":[{"taxonomy":"category","embeddable":true,"href":"https:\/\/histoire-en-citations.fr\/WP\/wp-json\/wp\/v2\/categories?post=5325"},{"taxonomy":"post_tag","embeddable":true,"href":"https:\/\/histoire-en-citations.fr\/WP\/wp-json\/wp\/v2\/tags?post=5325"}],"curies":[{"name":"wp","href":"https:\/\/api.w.org\/{rel}","templated":true}]}}