{"id":5342,"date":"2017-11-23T00:00:00","date_gmt":"2017-11-22T23:00:00","guid":{"rendered":"https:\/\/histoire-en-citations.fr\/WP\/2025\/06\/21\/blanc-pour-chaque-indigent-qui-palit-de-faim-il-y-a-un-riche-qui-palit-de-peur\/"},"modified":"2025-07-19T09:16:52","modified_gmt":"2025-07-19T07:16:52","slug":"blanc-pour-chaque-indigent-qui-palit-de-faim-il-y-a-un-riche-qui-palit-de-peur","status":"publish","type":"post","link":"https:\/\/histoire-en-citations.fr\/WP\/blanc-pour-chaque-indigent-qui-palit-de-faim-il-y-a-un-riche-qui-palit-de-peur\/","title":{"rendered":"Blanc : \u00ab Pour chaque indigent qui p\u00e2lit de faim, il y a un riche qui p\u00e2lit de peur.\u00a0\u00bb"},"content":{"rendered":"<div class=\"field-item even\">\n<p>Apr\u00e8s la R\u00e9volution, d\u2019autres r\u00e9volutions agitent le <span class=\"caps\">XIX<\/span>e si\u00e8cle, en France comme en Europe \u2013 \u00e9ph\u00e9m\u00e8re \u00ab\u00a0printemps des peuples\u00a0\u00bb en 1848. <\/p>\n<p>L\u2019industrialisation et la prosp\u00e9rit\u00e9 \u00e9conomique rendent plus r\u00e9voltant que jamais l\u2019\u00e9cart entre les riches et les pauvres. Les \u00ab\u00a0mouvements sociaux\u00a0\u00bb se succ\u00e8dent et font des centaines de morts, voire des milliers (<a href=\"http:\/\/www.histoire-en-citations.fr\/indexation\/greves-et-manifestations\">gr\u00e8ves<\/a> et r\u00e9pressions), mais la mis\u00e8re tue plus massivement. Le socialisme na\u00eet et prosp\u00e8re logiquement dans ce contexte.<\/p>\n<blockquote>\n<p class=\"citation\"><span class=\"enonce\">\u00ab\u00a0Pour chaque indigent qui p\u00e2lit de faim, il y a un riche qui p\u00e2lit de peur.\u00a0\u00bb<span id=\"2101\" class=\"cit-num\">2101<\/span><\/span><\/p>\n<p class=\"auteur\"><span data-href=\"\/auteurs\/louis-blanc\"><span class=\"author\"><span class=\"surname\">Louis <\/span><span class=\"name\"><span class=\"caps\">BLANC<\/span><\/span><\/span><\/span> (1811-1882), <cite>Organisation du travail<\/cite> (1839)<\/p>\n<\/blockquote>\n<p class=\"ressi\">Cet ouvrage fait conna\u00eetre le jeune journaliste\u00a0: il y expose un programme de r\u00e9formes socialistes qu\u2019il ne va plus cesser de d\u00e9fendre jusque sous la Troisi\u00e8me R\u00e9publique.<\/p>\n<p>La fraternit\u00e9 doit guider l\u2019\u00e9conomie. Il pr\u00e9conise des associations ouvri\u00e8res de production, des Ateliers nationaux qui seront exp\u00e9riment\u00e9s, au d\u00e9but de la Deuxi\u00e8me R\u00e9publique, au nom du \u00ab\u00a0droit au travail\u00a0\u00bb d\u00fbment reconnu, mais inapplicable, du moins en l\u2019\u00e9tat. Trop de ch\u00f4meurs pay\u00e9s \u00e0 ne rien faire et rejet\u00e9s sur le pav\u00e9 de Paris, d\u2019o\u00f9 les \u00e9meutes des 23 au 26 juin 1848, 5 000 morts, le \u00ab\u00a0bonnet de coton\u00a0\u00bb (des bourgeois) usant de la m\u00eame violence que le \u00ab\u00a0bonnet rouge\u00a0\u00bb (des ouvriers). <\/p>\n<p>C\u2019en est fini de l\u2019id\u00e9al g\u00e9n\u00e9reux des r\u00e9publicains de f\u00e9vrier et l\u2019apparent consensus national. La r\u00e9alit\u00e9, c\u2019est la violence de la lutte sociale, des conflits de classes et de doctrines.<\/p>\n<p>Le d\u00e9put\u00e9 Louis Blanc doit \u00e9migrer en Angleterre o\u00f9 il reste jusqu\u2019\u00e0 la chute du Second Empire\u00a0: plus de vingt ans d\u2019<a href=\"http:\/\/www.histoire-en-citations.fr\/indexation\/exil\">exil<\/a>, avant de revenir si\u00e9ger, fid\u00e8le \u00e0 ses id\u00e9es, \u00e0 l\u2019extr\u00eame gauche de l\u2019Assembl\u00e9e.<\/p>\n<p class=\"panneau\">Toutes les citations qui suivent <br>sont comment\u00e9es dans nos <a href=\"https:\/\/www.histoire-en-citations.fr\/boutique\">Chroniques.<\/a><\/p>\n<blockquote>\n<p class=\"citation-small\">\u00ab\u00a0La nation a admis pour principe fondamental que les pauvres devaient \u00eatre g\u00e9n\u00e9reux \u00e0 l\u2019\u00e9gard des riches.\u00a0\u00bb<span id=\"1901\" class=\"cit-num\">1901<\/span><\/p>\n<p class=\"auteur\">Comte de <span class=\"caps\">SAINT<\/span>\u2013<span class=\"caps\">SIMON<\/span>, <em>L\u2019Organisateur<\/em> (1819)<\/p>\n<\/blockquote>\n<p>C\u2019est \u00ab\u00a0le monde renvers\u00e9\u00a0\u00bb\u00a0: l\u2019aristocratie terrienne exploite et domine le monde paysan, mais aussi l\u2019\u00c9tat et l\u2019administration. Il incarne le socialisme (utopique) \u00e0 la fran\u00e7aise, aux accents messianiques, vingt ans avant le marxisme. Peu d\u2019\u00e9cho, sauf apr\u00e8s sa mort, chez les saint-simoniens\u2026 et chez le futur Napol\u00e9on <span class=\"caps\">III<\/span>.<\/p>\n<blockquote>\n<p class=\"citation-small\">\u00ab\u00a0La pauvret\u00e9 ne sera plus s\u00e9ditieuse, lorsque l\u2019opulence ne sera plus oppressive.\u00a0\u00bb<span id=\"2118\" class=\"cit-num\">2118<\/span><\/p>\n<p class=\"auteur\"><a href=\"http:\/\/www.histoire-en-citations.fr\/indexation\/napoleon-iii\">Louis-Napol\u00e9on <span class=\"caps\">BONAPARTE<\/span><\/a>, <em>L\u2019Extinction du paup\u00e9risme<\/em> (1844)<\/p>\n<\/blockquote>\n<p>Le prince qui gouvernera la France a pass\u00e9 six ans en prison (tentative de coup d\u2019\u00c9tat), profitant de sa captivit\u00e9 pour exposer ses th\u00e9ories \u00e9conomiques influenc\u00e9es par le socialisme utopique. Il se pr\u00e9sente en protecteur du monde ouvrier. Sinc\u00e9rit\u00e9 socialiste suspecte, \u00e0 en croire Hugo, dans <em>Napol\u00e9on le Petit<\/em>. Mais <a href=\"http:\/\/www.histoire-en-citations.fr\/indexation\/hugo\">Hugo<\/a> est tr\u00e8s partial.<\/p>\n<\/div>\n<style>\r\n        a .cit-num {\r\n            text-decoration: none !important;\r\n            color: inherit !important;\r\n        }\r\n    <\/style>","protected":false},"excerpt":{"rendered":"<p>Apr\u00e8s la R\u00e9volution, d\u2019autres r\u00e9volutions agitent le XIXe si\u00e8cle, en France comme en Europe &#8211; \u00e9ph\u00e9m\u00e8re \u00ab\u00a0printemps des peuples\u00a0\u00bb en 1848. L\u2019industrialisation et la prosp\u00e9rit\u00e9 \u00e9conomique rendent plus r\u00e9voltant que jamais l\u2019\u00e9cart entre les riches et les pauvres. Les \u00ab\u00a0mouvements sociaux\u00a0\u00bb se succ\u00e8dent et font des centaines de morts, voire des milliers (gr\u00e8ves et r\u00e9pressions), [&#8230;]<\/p>\n","protected":false},"author":1,"featured_media":11239,"comment_status":"open","ping_status":"open","sticky":false,"template":"","format":"standard","meta":{"site-sidebar-layout":"default","site-content-layout":"","ast-site-content-layout":"default","site-content-style":"default","site-sidebar-style":"default","ast-global-header-display":"","ast-banner-title-visibility":"","ast-main-header-display":"","ast-hfb-above-header-display":"","ast-hfb-below-header-display":"","ast-hfb-mobile-header-display":"","site-post-title":"","ast-breadcrumbs-content":"","ast-featured-img":"","footer-sml-layout":"","theme-transparent-header-meta":"","adv-header-id-meta":"","stick-header-meta":"","header-above-stick-meta":"","header-main-stick-meta":"","header-below-stick-meta":"","astra-migrate-meta-layouts":"default","ast-page-background-enabled":"default","ast-page-background-meta":{"desktop":{"background-color":"var(--ast-global-color-5)","background-image":"","background-repeat":"repeat","background-position":"center center","background-size":"auto","background-attachment":"scroll","background-type":"","background-media":"","overlay-type":"","overlay-color":"","overlay-opacity":"","overlay-gradient":""},"tablet":{"background-color":"","background-image":"","background-repeat":"repeat","background-position":"center center","background-size":"auto","background-attachment":"scroll","background-type":"","background-media":"","overlay-type":"","overlay-color":"","overlay-opacity":"","overlay-gradient":""},"mobile":{"background-color":"","background-image":"","background-repeat":"repeat","background-position":"center center","background-size":"auto","background-attachment":"scroll","background-type":"","background-media":"","overlay-type":"","overlay-color":"","overlay-opacity":"","overlay-gradient":""}},"ast-content-background-meta":{"desktop":{"background-color":"var(--ast-global-color-4)","background-image":"","background-repeat":"repeat","background-position":"center center","background-size":"auto","background-attachment":"scroll","background-type":"","background-media":"","overlay-type":"","overlay-color":"","overlay-opacity":"","overlay-gradient":""},"tablet":{"background-color":"var(--ast-global-color-4)","background-image":"","background-repeat":"repeat","background-position":"center center","background-size":"auto","background-attachment":"scroll","background-type":"","background-media":"","overlay-type":"","overlay-color":"","overlay-opacity":"","overlay-gradient":""},"mobile":{"background-color":"var(--ast-global-color-4)","background-image":"","background-repeat":"repeat","background-position":"center center","background-size":"auto","background-attachment":"scroll","background-type":"","background-media":"","overlay-type":"","overlay-color":"","overlay-opacity":"","overlay-gradient":""}},"iawp_total_views":0,"footnotes":""},"categories":[1951],"tags":[],"class_list":["post-5342","post","type-post","status-publish","format-standard","has-post-thumbnail","hentry","category-chronique-citation-du-jour-louis-blanc-monarchie-de-juillet"],"_links":{"self":[{"href":"https:\/\/histoire-en-citations.fr\/WP\/wp-json\/wp\/v2\/posts\/5342","targetHints":{"allow":["GET"]}}],"collection":[{"href":"https:\/\/histoire-en-citations.fr\/WP\/wp-json\/wp\/v2\/posts"}],"about":[{"href":"https:\/\/histoire-en-citations.fr\/WP\/wp-json\/wp\/v2\/types\/post"}],"author":[{"embeddable":true,"href":"https:\/\/histoire-en-citations.fr\/WP\/wp-json\/wp\/v2\/users\/1"}],"replies":[{"embeddable":true,"href":"https:\/\/histoire-en-citations.fr\/WP\/wp-json\/wp\/v2\/comments?post=5342"}],"version-history":[{"count":1,"href":"https:\/\/histoire-en-citations.fr\/WP\/wp-json\/wp\/v2\/posts\/5342\/revisions"}],"predecessor-version":[{"id":5343,"href":"https:\/\/histoire-en-citations.fr\/WP\/wp-json\/wp\/v2\/posts\/5342\/revisions\/5343"}],"wp:featuredmedia":[{"embeddable":true,"href":"https:\/\/histoire-en-citations.fr\/WP\/wp-json\/wp\/v2\/media\/11239"}],"wp:attachment":[{"href":"https:\/\/histoire-en-citations.fr\/WP\/wp-json\/wp\/v2\/media?parent=5342"}],"wp:term":[{"taxonomy":"category","embeddable":true,"href":"https:\/\/histoire-en-citations.fr\/WP\/wp-json\/wp\/v2\/categories?post=5342"},{"taxonomy":"post_tag","embeddable":true,"href":"https:\/\/histoire-en-citations.fr\/WP\/wp-json\/wp\/v2\/tags?post=5342"}],"curies":[{"name":"wp","href":"https:\/\/api.w.org\/{rel}","templated":true}]}}