{"id":5344,"date":"2017-11-22T00:00:00","date_gmt":"2017-11-21T23:00:00","guid":{"rendered":"https:\/\/histoire-en-citations.fr\/WP\/2025\/06\/21\/chabot-quelle-est-ma-loi-demanderez-vous-je-reponds-la-loi-naturelle\/"},"modified":"2025-07-19T09:16:52","modified_gmt":"2025-07-19T07:16:52","slug":"chabot-quelle-est-ma-loi-demanderez-vous-je-reponds-la-loi-naturelle","status":"publish","type":"post","link":"https:\/\/histoire-en-citations.fr\/WP\/chabot-quelle-est-ma-loi-demanderez-vous-je-reponds-la-loi-naturelle\/","title":{"rendered":"Chabot : \u00ab Quelle est ma loi ? demanderez-vous. Je r\u00e9ponds : la loi naturelle&#8230;\u00a0\u00bb"},"content":{"rendered":"<div class=\"field-item even\">\n<p>La R\u00e9volution s\u2019emballe. Les extr\u00e9mistes l\u2019emportent sur les mod\u00e9r\u00e9s, jusqu\u2019\u00e0 la fin de la Terreur. Jamais l\u2019opposition entre pauvres et riches n\u2019aura \u00e9t\u00e9 plus violente, dans les faits\u00a0! Apr\u00e8s quoi, la pens\u00e9e reprendra ses droits et le <a href=\"http:\/\/www.histoire-en-citations.fr\/indexation\/socialisme-socialistes\">socialisme<\/a> deviendra l\u2019id\u00e9e force du <span class=\"caps\">XIX<\/span>e s.<\/p>\n<blockquote>\n<p class=\"citation\"><span class=\"enonce\">\u00ab\u00a0Quelle est ma loi\u00a0? demanderez-vous. Je r\u00e9ponds\u00a0: la loi naturelle, celle qui dit\u00a0: \u00ab\u00a0Pauvres, allez chez les riches\u00a0; filles, allez avec les gar\u00e7ons\u00a0; ob\u00e9issez \u00e0 tous vos instincts\u00a0!\u00a0\u00bb\u00a0\u00bb<span id=\"1499\" class=\"cit-num\">1499<\/span><\/span><\/p>\n<p class=\"auteur\"><span data-href=\"\/auteurs\/francois-chabot\"><span class=\"author\"><span class=\"surname\">Fran\u00e7ois <\/span><span class=\"name\"><span class=\"caps\">CHABOT<\/span><\/span><\/span><\/span> (1759-1794), Discours devant le Comit\u00e9 r\u00e9volutionnaire de Castres, printemps 1793<\/p>\n<p class=\"source\"><cite>Lasource, d\u00e9put\u00e9 \u00e0 la L\u00e9gislative et \u00e0 la Convention<\/cite> (1889), Camille Rabaud.<\/p>\n<\/blockquote>\n<p class=\"ressi\">Conventionnel, capucin d\u00e9froqu\u00e9, coquin port\u00e9 sur la bonne ch\u00e8re et la chair des jolies filles, et cependant \u00e9v\u00eaque constitutionnel de Blois, auteur d\u2019un <em>Cat\u00e9chisme des Sans-culottes<\/em>, plus tard promoteur du culte de la d\u00e9esse Raison. <\/p>\n<p>La R\u00e9volution, c\u2019est aussi ce genre de personnage et sa voix porte, dans le climat ultra-r\u00e9volutionnaire du Paris des sans-culottes. Cet auditoire lui tient particuli\u00e8rement \u00e0 c\u0153ur, en vertu de sa m\u00e9taphore christique d\u2019ailleurs r\u00e9pandue sous la R\u00e9volution\u00a0: \u00ab\u00a0Le citoyen J\u00e9sus-Christ a \u00e9t\u00e9 le premier sans-culotte du monde.\u00a0\u00bb (<em>Cat\u00e9chisme des Sans-culottes<\/em>).<\/p>\n<p>D\u2019autres r\u00e9volutionnaires, moins folkloriques mais tout aussi \u00e9loquents et logiques, pr\u00eachent la <a href=\"http:\/\/www.histoire-en-citations.fr\/indexation\/guerre\">guerre<\/a> civile dans une surench\u00e8re tragique et un contexte de guerre \u00e9trang\u00e8re qu\u2019il ne faut jamais oublier, pour comprendre la R\u00e9volution dans tous ses exc\u00e8s \u2013 sans la justifier pour autant\u00a0!<\/p>\n<p class=\"panneau\">Toutes les citations qui suivent <br>sont comment\u00e9es dans nos <a href=\"https:\/\/www.histoire-en-citations.fr\/boutique\">Chroniques.<\/a><\/p>\n<blockquote>\n<p class=\"citation-small\">\u00ab\u00a0C\u2019est ici la guerre ouverte des riches contre les pauvres\u00a0; ils veulent nous \u00e9craser\u00a0; eh bien\u00a0! il faut les pr\u00e9venir et les \u00e9craser nous-m\u00eames\u00a0; nous avons la force en main.\u00a0\u00bb<span id=\"1530\" class=\"cit-num\">1530<\/span><\/p>\n<p class=\"auteur\">Pierre-Gaspard <span class=\"caps\">CHAUMETTE<\/span>, 4\u00a0septembre\u00a01793 \u00e0 la Commune de Paris (H\u00f4tel de Ville)<\/p>\n<\/blockquote>\n<p>Extr\u00e9miste h\u00e9bertiste, il revendique la pauvret\u00e9 qu\u2019il a v\u00e9cue. La Terreur est mise \u00e0 l\u2019ordre du jour par d\u00e9cret de la Convention, le 5 septembre. Les sans-culottes veulent une r\u00e9pression exp\u00e9ditive des \u00ab\u00a0m\u00e9chants\u00a0\u00bb\u00a0: comploteurs, affameurs, tra\u00eetres \u00e0 la patrie, contre-r\u00e9volutionnaires et autres suspects.<\/p>\n<blockquote>\n<p class=\"citation-small\">\u00ab\u00a0Disparaissez enfin, r\u00e9voltantes distinctions de riches et de pauvres, de grands et de petits, de ma\u00eetres et de valets, de gouvernement et de gouvern\u00e9s.\u00a0\u00bb<span id=\"1661\" class=\"cit-num\">1661<\/span><\/p>\n<p class=\"auteur\">Sylvain <span class=\"caps\">MAR\u00c9CHAL<\/span>, <em>Manifeste des \u00c9gaux<\/em>, programme r\u00e9dig\u00e9 fin 1795, devenu la Charte de la conspiration des \u00c9gaux<\/p>\n<\/blockquote>\n<p>Babeuf, Buonarroti et quelques conjur\u00e9s forment un \u00ab\u00a0Directoire secret\u00a0\u00bb pour renverser l\u2019autre, le vrai. L\u2019\u00e2me en est Gracchus Babeuf, rescap\u00e9 de la <a href=\"http:\/\/www.histoire-en-citations.fr\/indexation\/terreur-terreur-terrorisme-fanatisme\">Terreur<\/a>, \u00ab\u00a0m\u00e9lange de terrorisme et d\u2019assistance sociale\u00a0\u00bb, selon Maxime Leroy (<em>Histoire des id\u00e9es sociales en France<\/em>). Ces id\u00e9es annoncent le communisme des deux si\u00e8cles suivants.<\/p>\n<\/div>\n<style>\r\n        a .cit-num {\r\n            text-decoration: none !important;\r\n            color: inherit !important;\r\n        }\r\n    <\/style>","protected":false},"excerpt":{"rendered":"<p>La R\u00e9volution s\u2019emballe. Les extr\u00e9mistes l\u2019emportent sur les mod\u00e9r\u00e9s, jusqu\u2019\u00e0 la fin de la Terreur. Jamais l\u2019opposition entre pauvres et riches n\u2019aura \u00e9t\u00e9 plus violente, dans les faits\u00a0! Apr\u00e8s quoi, la pens\u00e9e reprendra ses droits et le socialisme deviendra l\u2019id\u00e9e force du XIXe s. \u00ab\u00a0Quelle est ma loi\u00a0? demanderez-vous. Je r\u00e9ponds\u00a0: la loi naturelle, celle [&#8230;]<\/p>\n","protected":false},"author":1,"featured_media":11164,"comment_status":"open","ping_status":"open","sticky":false,"template":"","format":"standard","meta":{"site-sidebar-layout":"default","site-content-layout":"","ast-site-content-layout":"default","site-content-style":"default","site-sidebar-style":"default","ast-global-header-display":"","ast-banner-title-visibility":"","ast-main-header-display":"","ast-hfb-above-header-display":"","ast-hfb-below-header-display":"","ast-hfb-mobile-header-display":"","site-post-title":"","ast-breadcrumbs-content":"","ast-featured-img":"","footer-sml-layout":"","theme-transparent-header-meta":"","adv-header-id-meta":"","stick-header-meta":"","header-above-stick-meta":"","header-main-stick-meta":"","header-below-stick-meta":"","astra-migrate-meta-layouts":"default","ast-page-background-enabled":"default","ast-page-background-meta":{"desktop":{"background-color":"var(--ast-global-color-5)","background-image":"","background-repeat":"repeat","background-position":"center center","background-size":"auto","background-attachment":"scroll","background-type":"","background-media":"","overlay-type":"","overlay-color":"","overlay-opacity":"","overlay-gradient":""},"tablet":{"background-color":"","background-image":"","background-repeat":"repeat","background-position":"center center","background-size":"auto","background-attachment":"scroll","background-type":"","background-media":"","overlay-type":"","overlay-color":"","overlay-opacity":"","overlay-gradient":""},"mobile":{"background-color":"","background-image":"","background-repeat":"repeat","background-position":"center center","background-size":"auto","background-attachment":"scroll","background-type":"","background-media":"","overlay-type":"","overlay-color":"","overlay-opacity":"","overlay-gradient":""}},"ast-content-background-meta":{"desktop":{"background-color":"var(--ast-global-color-4)","background-image":"","background-repeat":"repeat","background-position":"center center","background-size":"auto","background-attachment":"scroll","background-type":"","background-media":"","overlay-type":"","overlay-color":"","overlay-opacity":"","overlay-gradient":""},"tablet":{"background-color":"var(--ast-global-color-4)","background-image":"","background-repeat":"repeat","background-position":"center center","background-size":"auto","background-attachment":"scroll","background-type":"","background-media":"","overlay-type":"","overlay-color":"","overlay-opacity":"","overlay-gradient":""},"mobile":{"background-color":"var(--ast-global-color-4)","background-image":"","background-repeat":"repeat","background-position":"center center","background-size":"auto","background-attachment":"scroll","background-type":"","background-media":"","overlay-type":"","overlay-color":"","overlay-opacity":"","overlay-gradient":""}},"iawp_total_views":1,"footnotes":""},"categories":[1950],"tags":[],"class_list":["post-5344","post","type-post","status-publish","format-standard","has-post-thumbnail","hentry","category-chronique-citation-du-jour-francois-chabot-revolution"],"_links":{"self":[{"href":"https:\/\/histoire-en-citations.fr\/WP\/wp-json\/wp\/v2\/posts\/5344","targetHints":{"allow":["GET"]}}],"collection":[{"href":"https:\/\/histoire-en-citations.fr\/WP\/wp-json\/wp\/v2\/posts"}],"about":[{"href":"https:\/\/histoire-en-citations.fr\/WP\/wp-json\/wp\/v2\/types\/post"}],"author":[{"embeddable":true,"href":"https:\/\/histoire-en-citations.fr\/WP\/wp-json\/wp\/v2\/users\/1"}],"replies":[{"embeddable":true,"href":"https:\/\/histoire-en-citations.fr\/WP\/wp-json\/wp\/v2\/comments?post=5344"}],"version-history":[{"count":1,"href":"https:\/\/histoire-en-citations.fr\/WP\/wp-json\/wp\/v2\/posts\/5344\/revisions"}],"predecessor-version":[{"id":5345,"href":"https:\/\/histoire-en-citations.fr\/WP\/wp-json\/wp\/v2\/posts\/5344\/revisions\/5345"}],"wp:featuredmedia":[{"embeddable":true,"href":"https:\/\/histoire-en-citations.fr\/WP\/wp-json\/wp\/v2\/media\/11164"}],"wp:attachment":[{"href":"https:\/\/histoire-en-citations.fr\/WP\/wp-json\/wp\/v2\/media?parent=5344"}],"wp:term":[{"taxonomy":"category","embeddable":true,"href":"https:\/\/histoire-en-citations.fr\/WP\/wp-json\/wp\/v2\/categories?post=5344"},{"taxonomy":"post_tag","embeddable":true,"href":"https:\/\/histoire-en-citations.fr\/WP\/wp-json\/wp\/v2\/tags?post=5344"}],"curies":[{"name":"wp","href":"https:\/\/api.w.org\/{rel}","templated":true}]}}