{"id":5346,"date":"2017-11-21T00:00:00","date_gmt":"2017-11-20T23:00:00","guid":{"rendered":"https:\/\/histoire-en-citations.fr\/WP\/2025\/06\/21\/marat-la-classe-des-infortunes-que-la-richesse-insolente-designe-sous-le-nom-de-canaille-est-la-partie-la-plus-saine-de-la-societe\/"},"modified":"2025-07-19T09:16:52","modified_gmt":"2025-07-19T07:16:52","slug":"marat-la-classe-des-infortunes-que-la-richesse-insolente-designe-sous-le-nom-de-canaille-est-la-partie-la-plus-saine-de-la-societe","status":"publish","type":"post","link":"https:\/\/histoire-en-citations.fr\/WP\/marat-la-classe-des-infortunes-que-la-richesse-insolente-designe-sous-le-nom-de-canaille-est-la-partie-la-plus-saine-de-la-societe\/","title":{"rendered":"Marat :  \u00ab La classe des infortun\u00e9s, que la richesse insolente d\u00e9signe sous le nom de canaille, est la partie la plus saine de la soci\u00e9t\u00e9.\u00a0\u00bb"},"content":{"rendered":"<div class=\"field-item even\">\n<p>Apr\u00e8s la philosophie (si\u00e8cle des Lumi\u00e8res et moralistes de l\u2019Ancien R\u00e9gime), on passe \u00e0 l\u2019action\u00a0: R\u00e9volution de 1789-1795. <em>L\u2019Histoire en citations<\/em> consacre une chronique \u00e0 ce \u00ab\u00a0sixtennat\u00a0\u00bb stup\u00e9fiant. Les t\u00eates d\u2019affiche marquent l\u2019Histoire \u2013 au-del\u00e0 de l\u2019\u00e9poque et de notre pays -, tandis que la dichotomie entre pauvres et riches se transforme en guerre civile. Des voix le regrettent d\u00e9j\u00e0.<\/p>\n<blockquote>\n<p class=\"citation\"><span class=\"enonce\">\u00ab\u00a0La classe des infortun\u00e9s, que la richesse insolente d\u00e9signe sous le nom de canaille, est la partie la plus saine de la soci\u00e9t\u00e9.\u00a0\u00bb<span id=\"1377\" class=\"cit-num\">1377<\/span><\/span><\/p>\n<p class=\"auteur\"><a href=\"http:\/\/www.histoire-en-citations.fr\/indexation\/marat\"><span data-href=\"\/auteurs\/jean-paul-marat\"><span class=\"author\"><span class=\"surname\">Jean-Paul <\/span><span class=\"name\"><span class=\"caps\">MARAT<\/span><\/span><\/span><\/span><\/a> (1743-1793), <cite><span class=\"caps\">L\u2019A<\/span>mi du peuple<\/cite>, 7\u00a0octobre 1790<\/p>\n<\/blockquote>\n<p>Dans la bande des quatre r\u00e9volutionnaires, \u00e0 c\u00f4t\u00e9 de Mirabeau, Danton et Robespierre, c\u2019est le m\u00e9chant. Pas un ami de son vivant. Pas un historien pour en faire un h\u00e9ros. Pas un th\u00e9oricien pour se dire \u00ab\u00a0maratiste\u00a0\u00bb, comme on peut \u00eatre dantoniste ou robespierriste. Marat fut pourtant l\u2019\u00ab\u00a0ami du peuple\u00a0\u00bb, jouissant d\u2019une incroyable popularit\u00e9 aupr\u00e8s des sans-culottes.<\/p>\n<p>Il a fond\u00e9 son journal r\u00e9volutionnaire en septembre\u00a01789. La violence de ses propos l\u2019expose \u00e0 des poursuites et \u00e0 la prison. Il joue le r\u00f4le du journaliste redresseur de torts et formateur de l\u2019opinion publique, critiquant toujours tout et tous, voulant ouvrir les yeux, ne cessant de r\u00e9clamer des t\u00eates, inventant le langage m\u00eame de la Terreur, cherchant \u00e0 d\u00e9truire tous ses adversaires. Il incarne le r\u00e9volutionnaire type jusqu\u2019\u00e0 la caricature. \u00c0 sa <a href=\"http:\/\/www.histoire-en-citations.fr\/indexation\/mort-et-mourir\">mort<\/a>, H\u00e9bert force encore le trait avec <em>Le P\u00e8re Duchesne<\/em>, accusant les robespierristes d\u2019\u00eatre des \u00ab\u00a0endormeurs\u00a0\u00bb\u00a0!<\/p>\n<p class=\"panneau\">Toutes les citations qui suivent <br>sont comment\u00e9es dans nos <a href=\"https:\/\/www.histoire-en-citations.fr\/boutique\">Chroniques.<\/a><\/p>\n<blockquote>\n<p class=\"citation-small\">\u00ab\u00a0Choisissez parmi les plus riches, afin de sacrifier moins de citoyens\u00a0; mais choisissez\u00a0; car ne faut-il pas qu\u2019un petit nombre p\u00e9risse pour sauver la masse du peuple\u00a0? Allons, ces deux mille notables poss\u00e8dent de quoi combler le d\u00e9ficit.\u00a0\u00bb<span id=\"1349\" class=\"cit-num\">1349<\/span><\/p>\n<p class=\"auteur\"><a href=\"http:\/\/www.histoire-en-citations.fr\/indexation\/mirabeau\"><span class=\"caps\">MIRABEAU<\/span><\/a>, Discours \u00e0 la Constituante, 26\u00a0septembre 1789<\/p>\n<\/blockquote>\n<p>Crise financi\u00e8re et d\u00e9ficit du budget public sont les causes les plus directes de la R\u00e9volution. L\u2019Orateur du peuple tente de sauver la monarchie, tout en d\u00e9non\u00e7ant les raisons du mal dont souffre le r\u00e9gime. Il meurt (de maladie) en 1791 et ce genre de discours a d\u00e9j\u00e0 mis le feu aux poudres \u2013 sans jeu de mots\u00a0!<\/p>\n<blockquote>\n<p class=\"citation-small\">\u00ab\u00a0Les maximes actuelles ne tendent qu\u2019\u00e0 d\u00e9truire. Elles ont d\u00e9j\u00e0 ruin\u00e9 les riches, sans enrichir les pauvres\u00a0; et au lieu de l\u2019\u00e9galit\u00e9 des biens, nous n\u2019avons encore que l\u2019\u00e9galit\u00e9 des mis\u00e8res et des maux.\u00a0\u00bb<span id=\"1446\" class=\"cit-num\">1446<\/span><\/p>\n<p class=\"auteur\"><a href=\"http:\/\/www.histoire-en-citations.fr\/indexation\/rivarol\"><span class=\"caps\">RIVAROL<\/span><\/a>, <em>Journal politique national<\/em><\/p>\n<\/blockquote>\n<p>Exil\u00e9, il s\u2019exprime au nom des milliers d\u2019\u00e9migr\u00e9s. Voltaire le saluait comme \u00ab\u00a0le Fran\u00e7ais par excellence\u00a0\u00bb. Il tient une chronique tr\u00e8s intelligente et moins partisane que celle d\u2019autres opposants au nouveau r\u00e9gime \u2013 il critique d\u2019ailleurs l\u2019Ancien R\u00e9gime, la cour, les nobles.<\/p>\n<blockquote>\n<p class=\"citation-small\">\u00ab\u00a0La bourgeoisie et le peuple r\u00e9unis ont fait la R\u00e9volution. Leur r\u00e9union seule peut la conserver.\u00a0Leur int\u00e9r\u00eat est indivisible, leur bonheur est commun.\u00a0\u00bb<span id=\"1394\" class=\"cit-num\">1394<\/span><\/p>\n<p class=\"auteur\"><span class=\"caps\">P\u00c9TION<\/span> de <span class=\"caps\">VILLENEUVE<\/span> au lendemain de l\u2019\u00ab\u00a0affaire du Champ de Mars\u00a0\u00bb, 17 juillet 1791<\/p>\n<\/blockquote>\n<p>Il succ\u00e8de \u00e0 Bailly comme maire de la Commune (gouvernement r\u00e9volutionnaire de Paris, install\u00e9 \u00e0 l\u2019H\u00f4tel de Ville apr\u00e8s la prise de la Bastille). La milice bourgeoise a fait feu contre le peuple (10 \u00e0 50 morts) et le drapeau rouge entre dans l\u2019Histoire. La scission entre la bourgeoisie et le <a href=\"http:\/\/www.histoire-en-citations.fr\/indexation\/peuples\">peuple<\/a> est consomm\u00e9e, malgr\u00e9 P\u00e9tion.<\/p>\n<\/div>\n<style>\r\n        a .cit-num {\r\n            text-decoration: none !important;\r\n            color: inherit !important;\r\n        }\r\n    <\/style>","protected":false},"excerpt":{"rendered":"<p>Apr\u00e8s la philosophie (si\u00e8cle des Lumi\u00e8res et moralistes de l\u2019Ancien R\u00e9gime), on passe \u00e0 l\u2019action\u00a0: R\u00e9volution de 1789-1795. L\u2019Histoire en citations consacre une chronique \u00e0 ce \u00ab\u00a0sixtennat\u00a0\u00bb stup\u00e9fiant. Les t\u00eates d\u2019affiche marquent l\u2019Histoire &#8211; au-del\u00e0 de l\u2019\u00e9poque et de notre pays -, tandis que la dichotomie entre pauvres et riches se transforme en guerre civile. [&#8230;]<\/p>\n","protected":false},"author":1,"featured_media":0,"comment_status":"open","ping_status":"open","sticky":false,"template":"","format":"standard","meta":{"site-sidebar-layout":"default","site-content-layout":"","ast-site-content-layout":"default","site-content-style":"default","site-sidebar-style":"default","ast-global-header-display":"","ast-banner-title-visibility":"","ast-main-header-display":"","ast-hfb-above-header-display":"","ast-hfb-below-header-display":"","ast-hfb-mobile-header-display":"","site-post-title":"","ast-breadcrumbs-content":"","ast-featured-img":"","footer-sml-layout":"","theme-transparent-header-meta":"","adv-header-id-meta":"","stick-header-meta":"","header-above-stick-meta":"","header-main-stick-meta":"","header-below-stick-meta":"","astra-migrate-meta-layouts":"default","ast-page-background-enabled":"default","ast-page-background-meta":{"desktop":{"background-color":"var(--ast-global-color-5)","background-image":"","background-repeat":"repeat","background-position":"center center","background-size":"auto","background-attachment":"scroll","background-type":"","background-media":"","overlay-type":"","overlay-color":"","overlay-opacity":"","overlay-gradient":""},"tablet":{"background-color":"","background-image":"","background-repeat":"repeat","background-position":"center center","background-size":"auto","background-attachment":"scroll","background-type":"","background-media":"","overlay-type":"","overlay-color":"","overlay-opacity":"","overlay-gradient":""},"mobile":{"background-color":"","background-image":"","background-repeat":"repeat","background-position":"center center","background-size":"auto","background-attachment":"scroll","background-type":"","background-media":"","overlay-type":"","overlay-color":"","overlay-opacity":"","overlay-gradient":""}},"ast-content-background-meta":{"desktop":{"background-color":"var(--ast-global-color-4)","background-image":"","background-repeat":"repeat","background-position":"center center","background-size":"auto","background-attachment":"scroll","background-type":"","background-media":"","overlay-type":"","overlay-color":"","overlay-opacity":"","overlay-gradient":""},"tablet":{"background-color":"var(--ast-global-color-4)","background-image":"","background-repeat":"repeat","background-position":"center center","background-size":"auto","background-attachment":"scroll","background-type":"","background-media":"","overlay-type":"","overlay-color":"","overlay-opacity":"","overlay-gradient":""},"mobile":{"background-color":"var(--ast-global-color-4)","background-image":"","background-repeat":"repeat","background-position":"center center","background-size":"auto","background-attachment":"scroll","background-type":"","background-media":"","overlay-type":"","overlay-color":"","overlay-opacity":"","overlay-gradient":""}},"iawp_total_views":24,"footnotes":""},"categories":[1854],"tags":[],"class_list":["post-5346","post","type-post","status-publish","format-standard","hentry","category-chronique-citation-du-jour-jean-paul-marat-revolution"],"_links":{"self":[{"href":"https:\/\/histoire-en-citations.fr\/WP\/wp-json\/wp\/v2\/posts\/5346","targetHints":{"allow":["GET"]}}],"collection":[{"href":"https:\/\/histoire-en-citations.fr\/WP\/wp-json\/wp\/v2\/posts"}],"about":[{"href":"https:\/\/histoire-en-citations.fr\/WP\/wp-json\/wp\/v2\/types\/post"}],"author":[{"embeddable":true,"href":"https:\/\/histoire-en-citations.fr\/WP\/wp-json\/wp\/v2\/users\/1"}],"replies":[{"embeddable":true,"href":"https:\/\/histoire-en-citations.fr\/WP\/wp-json\/wp\/v2\/comments?post=5346"}],"version-history":[{"count":1,"href":"https:\/\/histoire-en-citations.fr\/WP\/wp-json\/wp\/v2\/posts\/5346\/revisions"}],"predecessor-version":[{"id":5347,"href":"https:\/\/histoire-en-citations.fr\/WP\/wp-json\/wp\/v2\/posts\/5346\/revisions\/5347"}],"wp:attachment":[{"href":"https:\/\/histoire-en-citations.fr\/WP\/wp-json\/wp\/v2\/media?parent=5346"}],"wp:term":[{"taxonomy":"category","embeddable":true,"href":"https:\/\/histoire-en-citations.fr\/WP\/wp-json\/wp\/v2\/categories?post=5346"},{"taxonomy":"post_tag","embeddable":true,"href":"https:\/\/histoire-en-citations.fr\/WP\/wp-json\/wp\/v2\/tags?post=5346"}],"curies":[{"name":"wp","href":"https:\/\/api.w.org\/{rel}","templated":true}]}}