{"id":5369,"date":"2017-02-01T00:00:00","date_gmt":"2017-01-31T23:00:00","guid":{"rendered":"https:\/\/histoire-en-citations.fr\/WP\/2025\/06\/21\/raffarin-la-route-est-droite-mais-la-pente-est-forte-2\/"},"modified":"2025-07-19T09:16:16","modified_gmt":"2025-07-19T07:16:16","slug":"raffarin-la-route-est-droite-mais-la-pente-est-forte-2","status":"publish","type":"post","link":"https:\/\/histoire-en-citations.fr\/WP\/raffarin-la-route-est-droite-mais-la-pente-est-forte-2\/","title":{"rendered":"Raffarin : \u00ab La route est droite, mais la pente est forte.\u00a0\u00bb"},"content":{"rendered":"<div class=\"field-item even\">\n<p>Page \u00ab\u00a0Sp\u00e9cial Raffarin\u00a0\u00bb. Les raffarinades s\u2019encha\u00eenent. Une seule citation en vedette, les autres suivent, dans le commentaire pour une fois \u00ab\u00a0copi\u00e9-coll\u00e9\u00a0\u00bb de la Chronique consacr\u00e9e \u00e0 la Cinqui\u00e8me R\u00e9publique.<\/p>\n<p>Retrait\u00e9 de la politique en 2017, l\u2019ex Premier ministre commence une carri\u00e8re de \u00ab\u00a0chroniqueur\u00a0\u00bb, le dimanche sur l\u2019<span class=\"caps\">A2<\/span> avec Laurent Delahousse.<\/p>\n<blockquote>\n<p class=\"citation\"><span class=\"enonce\">\u00ab\u00a0La route est droite, mais la pente est forte.\u00a0\u00bb<span id=\"3376\" class=\"cit-num\">3376<\/span><\/span><\/p>\n<p class=\"auteur\"><span data-href=\"\/auteurs\/jean-pierre-raffarin\"><span class=\"author\"><span class=\"surname\">Jean-Pierre <\/span><span class=\"name\"><span class=\"caps\">RAFFARIN<\/span><\/span><\/span><\/span> (n\u00e9 en 1948), nouveau Premier ministre \u00e0 l\u2019Assembl\u00e9e, 3\u00a0juillet 2002<\/p>\n<p class=\"source\"><cite>La Route est droite, mais la pente est forte\u00a0: un an d\u00e9j\u00e0<\/cite> (2003), Marie-No\u00eblle Lienemann.<\/p>\n<\/blockquote>\n<p>Au lendemain des l\u00e9gislatives gagn\u00e9es dans la foul\u00e9e de l\u2019\u00e9lection pr\u00e9sidentielle face \u00e0 Le Pen, Chirac uni\ufb01e la droite en cr\u00e9ant un nouveau parti, l\u2019Union pour un mouvement populaire (<span class=\"caps\">UMP<\/span>), que Bayrou refuse de rejoindre. Les l\u00e9gislatives de juin\u00a02002 amorcent la rebipolarisation du paysage politique fran\u00e7ais\u00a0: l\u2019<span class=\"caps\">UMP<\/span> obtient une majorit\u00e9 absolue de d\u00e9put\u00e9s.<\/p>\n<p>On se demandait quel Premier ministre allait prendre le pr\u00e9sident r\u00e9\u00e9lu par d\u00e9faut. Le choix surprend. C\u2019est un giscardien, donc centriste, l\u2019un des rares \u00ab\u00a0chiraco-compatibles\u00a0\u00bb. Cela peut se r\u00e9sumer ainsi\u00a0: \u00ab\u00a0La politique, ce n\u2019est pas un sport, ce n\u2019est pas une \u00e9quipe contre une autre\u00a0: on est tous l\u2019\u00e9quipe de France.\u00a0\u00bb Malgr\u00e9 tout, Raffarin a le c\u0153ur \u00e0 droite\u00a0: \u00ab\u00a0La France n\u2019est encore, dans son chemin du paradis, qu\u2019au purgatoire puisqu\u2019il reste des socialistes.\u00a0\u00bb<\/p>\n<p>L\u2019homme affiche sa modestie\u00a0: \u00ab\u00a0Les t\u00eates qui gonflent sont celles qui \u00e9clatent.\u00a0\u00bb Il se d\u00e9crit lui-m\u00eame\u00a0: \u00ab\u00a0J\u2019ai mes rondeurs, mais j\u2019ai mon \u00e9nergie.\u00a0\u00bb Il a un physique et une mentalit\u00e9 de s\u00e9nateur \u2013 il est d\u2019ailleurs s\u00e9nateur de la Vienne, \u00e9lu et r\u00e9\u00e9lu, et retournera au S\u00e9nat, apr\u00e8s trois ann\u00e9es pass\u00e9es \u00e0 Matignon, trois fois renouvel\u00e9 pour trois gouvernements successifs\u00a0: \u00ab\u00a0Je suis le pilote de l\u2019Airbus gouvernemental.\u00a0\u00bb<\/p>\n<p>Populaire au d\u00e9but, dans \u00ab\u00a0la France d\u2019en bas\u00a0\u00bb comme dans \u00ab\u00a0la France d\u2019en haut\u00a0\u00bb, r\u00e9formateur \u2013 \u00ab\u00a0Il faut mettre en place la R\u00e9publique du bon sens\u00a0\u00bb\u00a0-, il se montre ferme face aux gr\u00e8ves et aux manifestants contre les r\u00e9formes \u2013 retraite, d\u00e9centralisation, assurance-maladie. Face aux \u00e9ternels chantiers, aux probl\u00e8mes r\u00e9currents\u00a0: \u00ab\u00a0La route est droite, mais la pente est forte\u00a0\u00bb, autrement dit, on voit bien ce qu\u2019il faut faire, mais ce ne sera pas facile. Sarkozy, ministre de l\u2019Int\u00e9rieur en 2002, va lui faire de l\u2019ombre et le g\u00eaner plus encore aux Finances, en 2004. Le \u00ab\u00a0Non\u00a0\u00bb au r\u00e9f\u00e9rendum sera le coup de gr\u00e2ce, en 2005, pour ce d\u00e9put\u00e9 europ\u00e9en qui a dit aussi\u00a0: \u00ab\u00a0Mon oui est plus qu\u00b4un non au non.\u00a0\u00bb<\/p>\n<p>En trois ans, Raffarin s\u2019est fait remarquer par toutes les formules dont il \u00e9maille ses discours. Citons encore\u00a0: \u00ab\u00a0Les jeunes sont destin\u00e9s \u00e0 devenir des adultes\u00a0\u00bb\u00a0; \u00ab\u00a0Les veuves vivent plus longtemps que leur conjoint\u00a0\u00bb\u00a0; \u00ab\u00a0La France est forte, quand c\u2019est une force qui va et qui sait o\u00f9 elle va\u00a0\u00bb\u00a0; \u00ab\u00a0Savoir se vaincre dans la victoire, c\u2019est \u00eatre deux fois vainqueur\u00a0\u00bb\u00a0; \u00ab\u00a0\u00c0 force de penser au pluriel la politique, certains ont oubli\u00e9 le singulier de la France\u00a0\u00bb\u00a0; \u00ab\u00a0<span class=\"caps\">L\u2019E<\/span>urope \u00e0 laquelle nous devons penser demain, ce n\u2019est pas l\u2019Europe d\u2019hier.\u00a0\u00bb<\/p>\n<p>D\u00e8s 2003 et pas pistonn\u00e9 pour un euro, le Premier ministre obtient le prix sp\u00e9cial du (nouveau) Press Club de France, humour et politique, pour un an de raffarinades. Franchement, ce n\u2019est pas vol\u00e9.<\/p>\n<p>\u00a0<\/p>\n<\/div>\n<style>\r\n        a .cit-num {\r\n            text-decoration: none !important;\r\n            color: inherit !important;\r\n        }\r\n    <\/style>","protected":false},"excerpt":{"rendered":"<p>Page \u00ab\u00a0Sp\u00e9cial Raffarin\u00a0\u00bb. Les raffarinades s\u2019encha\u00eenent. Une seule citation en vedette, les autres suivent, dans le commentaire pour une fois \u00ab\u00a0copi\u00e9-coll\u00e9\u00a0\u00bb de la Chronique consacr\u00e9e \u00e0 la Cinqui\u00e8me R\u00e9publique.Retrait\u00e9 de la politique en 2017, l\u2019ex Premier ministre commence une carri\u00e8re de \u00ab\u00a0chroniqueur\u00a0\u00bb, le dimanche sur l\u2019A2 avec Laurent Delahousse. \u00ab\u00a0La route est droite, mais la [&#8230;]<\/p>\n","protected":false},"author":1,"featured_media":0,"comment_status":"open","ping_status":"open","sticky":false,"template":"","format":"standard","meta":{"site-sidebar-layout":"default","site-content-layout":"","ast-site-content-layout":"default","site-content-style":"default","site-sidebar-style":"default","ast-global-header-display":"","ast-banner-title-visibility":"","ast-main-header-display":"","ast-hfb-above-header-display":"","ast-hfb-below-header-display":"","ast-hfb-mobile-header-display":"","site-post-title":"","ast-breadcrumbs-content":"","ast-featured-img":"","footer-sml-layout":"","theme-transparent-header-meta":"","adv-header-id-meta":"","stick-header-meta":"","header-above-stick-meta":"","header-main-stick-meta":"","header-below-stick-meta":"","astra-migrate-meta-layouts":"default","ast-page-background-enabled":"default","ast-page-background-meta":{"desktop":{"background-color":"var(--ast-global-color-5)","background-image":"","background-repeat":"repeat","background-position":"center center","background-size":"auto","background-attachment":"scroll","background-type":"","background-media":"","overlay-type":"","overlay-color":"","overlay-opacity":"","overlay-gradient":""},"tablet":{"background-color":"","background-image":"","background-repeat":"repeat","background-position":"center center","background-size":"auto","background-attachment":"scroll","background-type":"","background-media":"","overlay-type":"","overlay-color":"","overlay-opacity":"","overlay-gradient":""},"mobile":{"background-color":"","background-image":"","background-repeat":"repeat","background-position":"center center","background-size":"auto","background-attachment":"scroll","background-type":"","background-media":"","overlay-type":"","overlay-color":"","overlay-opacity":"","overlay-gradient":""}},"ast-content-background-meta":{"desktop":{"background-color":"var(--ast-global-color-4)","background-image":"","background-repeat":"repeat","background-position":"center center","background-size":"auto","background-attachment":"scroll","background-type":"","background-media":"","overlay-type":"","overlay-color":"","overlay-opacity":"","overlay-gradient":""},"tablet":{"background-color":"var(--ast-global-color-4)","background-image":"","background-repeat":"repeat","background-position":"center center","background-size":"auto","background-attachment":"scroll","background-type":"","background-media":"","overlay-type":"","overlay-color":"","overlay-opacity":"","overlay-gradient":""},"mobile":{"background-color":"var(--ast-global-color-4)","background-image":"","background-repeat":"repeat","background-position":"center center","background-size":"auto","background-attachment":"scroll","background-type":"","background-media":"","overlay-type":"","overlay-color":"","overlay-opacity":"","overlay-gradient":""}},"iawp_total_views":13,"footnotes":""},"categories":[7],"tags":[],"class_list":["post-5369","post","type-post","status-publish","format-standard","hentry","category-chronique-du-jour"],"_links":{"self":[{"href":"https:\/\/histoire-en-citations.fr\/WP\/wp-json\/wp\/v2\/posts\/5369","targetHints":{"allow":["GET"]}}],"collection":[{"href":"https:\/\/histoire-en-citations.fr\/WP\/wp-json\/wp\/v2\/posts"}],"about":[{"href":"https:\/\/histoire-en-citations.fr\/WP\/wp-json\/wp\/v2\/types\/post"}],"author":[{"embeddable":true,"href":"https:\/\/histoire-en-citations.fr\/WP\/wp-json\/wp\/v2\/users\/1"}],"replies":[{"embeddable":true,"href":"https:\/\/histoire-en-citations.fr\/WP\/wp-json\/wp\/v2\/comments?post=5369"}],"version-history":[{"count":1,"href":"https:\/\/histoire-en-citations.fr\/WP\/wp-json\/wp\/v2\/posts\/5369\/revisions"}],"predecessor-version":[{"id":5370,"href":"https:\/\/histoire-en-citations.fr\/WP\/wp-json\/wp\/v2\/posts\/5369\/revisions\/5370"}],"wp:attachment":[{"href":"https:\/\/histoire-en-citations.fr\/WP\/wp-json\/wp\/v2\/media?parent=5369"}],"wp:term":[{"taxonomy":"category","embeddable":true,"href":"https:\/\/histoire-en-citations.fr\/WP\/wp-json\/wp\/v2\/categories?post=5369"},{"taxonomy":"post_tag","embeddable":true,"href":"https:\/\/histoire-en-citations.fr\/WP\/wp-json\/wp\/v2\/tags?post=5369"}],"curies":[{"name":"wp","href":"https:\/\/api.w.org\/{rel}","templated":true}]}}