{"id":5471,"date":"2017-12-30T00:00:00","date_gmt":"2017-12-29T23:00:00","guid":{"rendered":"https:\/\/histoire-en-citations.fr\/WP\/2025\/06\/21\/de-gaulle-lannee-1968-je-la-salue-avec-serenite\/"},"modified":"2025-07-19T09:16:57","modified_gmt":"2025-07-19T07:16:57","slug":"de-gaulle-lannee-1968-je-la-salue-avec-serenite","status":"publish","type":"post","link":"https:\/\/histoire-en-citations.fr\/WP\/de-gaulle-lannee-1968-je-la-salue-avec-serenite\/","title":{"rendered":"De Gaulle : \u00ab L&#039;ann\u00e9e 1968, je la salue avec s\u00e9r\u00e9nit\u00e9.\u00a0\u00bb"},"content":{"rendered":"<div class=\"field-item even\">\n<p>V\u0153ux pr\u00e9sidentiels de fin d\u2019ann\u00e9e\u00a0: c\u00e9r\u00e9monie m\u00e9diatique, grand\u2019 messe audiovisuelle, initi\u00e9e par le premier pr\u00e9sident de la Cinqui\u00e8me R\u00e9publique. Tous les autres ont suivi de Gaulle et chacun a regard\u00e9 la France au fond des yeux \u00e0 sa mani\u00e8re. Cette pratique du <span class=\"caps\">XX<\/span>e si\u00e8cle appartient \u00e0 l\u2019ancien monde.<\/p>\n<p><em>L\u2019Histoire en citations<\/em> fait revivre les moments-cl\u00e9s.<\/p>\n<blockquote>\n<p class=\"citation\"><span class=\"enonce\">\u00ab\u00a0L\u2019ann\u00e9e 1968, je la salue avec s\u00e9r\u00e9nit\u00e9.\u00a0\u00bb<span id=\"3038\" class=\"cit-num\">3038<\/span><\/span><\/p>\n<p class=\"auteur\"><a href=\"https:\/\/www.histoire-en-citations.fr\/indexation\/gaulle-de\"><span data-href=\"\/auteurs\/charles-de-gaulle\"><span class=\"author\"><span class=\"surname\">Charles de <\/span><span class=\"name\"><span class=\"caps\">GAULLE<\/span><\/span><\/span><\/span><\/a> (1890-1970), Allocution radiot\u00e9l\u00e9vis\u00e9e, 31\u00a0d\u00e9cembre 1967<\/p>\n<p class=\"source\"><cite>Ann\u00e9e politique<\/cite> (1968).<\/p>\n<\/blockquote>\n<p class=\"ressi\">Les v\u0153ux de l\u2019\u00c9lys\u00e9e sont de tradition et de Gaulle y sacrifie avec son talent m\u00e9diatique qui touche parfois au g\u00e9nie. Mais sur ce coup, c\u2019est rat\u00e9.<\/p>\n<p class=\"ressi\">L\u2019ann\u00e9e 1968 va v\u00e9ritablement \u00e9branler le r\u00e9gime et la soci\u00e9t\u00e9. Pour le g\u00e9n\u00e9ral, apr\u00e8s la Seconde Guerre mondiale et la guerre d\u2019Alg\u00e9rie, c\u2019est la derni\u00e8re grande \u00e9preuve. Personne ne l\u2019a vu venir, tous les hommes politiques, les intellectuels, les journalistes seront d\u00e9pass\u00e9s. Mai 68 sera v\u00e9cu comme une f\u00eate par la <a href=\"https:\/\/www.histoire-en-citations.fr\/indexation\/jeunes-jeunesse\">jeunesse<\/a>, mais de Gaulle en sortira bless\u00e9.<\/p>\n<p class=\"panneau\">Toutes les citations qui suivent <br>sont comment\u00e9es dans nos <a href=\"https:\/\/www.histoire-en-citations.fr\/boutique\">Chroniques.<\/a><\/p>\n<blockquote>\n<p class=\"citation-small\">\u00ab\u00a0Portons donc en terre les diables qui nous ont tourment\u00e9s pendant l\u2019ann\u00e9e qui s\u2019ach\u00e8ve.\u00a0\u00bb<span id=\"3083\" class=\"cit-num\">3083<\/span><\/p>\n<p class=\"auteur\"><a href=\"https:\/\/www.histoire-en-citations.fr\/indexation\/gaulle-de\">Charles de <span class=\"caps\">GAULLE<\/span><\/a>, Allocution radiot\u00e9l\u00e9vis\u00e9e, 31\u00a0d\u00e9cembre 1968<\/p>\n<\/blockquote>\n<p>Il a gagn\u00e9 les \u00e9lections, mais l\u2019agitation recommence, \u00e9tudiants et surtout lyc\u00e9ens manifesteront dans les mois, les ann\u00e9es \u00e0 venir \u2013 ann\u00e9es de poudre succ\u00e8dent aux ann\u00e9es de r\u00eave. Les diables de Mai\u00a068 appartiennent au pass\u00e9, mais le pr\u00e9sident perd son dernier r\u00e9f\u00e9rendum au printemps 1969 et sort de la sc\u00e8ne politique.<\/p>\n<blockquote>\n<p class=\"citation-small\">\u00ab\u00a0Ne nous laissons pas accabler par les rhumatismes de l\u2019histoire.\u00a0\u00bb<span id=\"3093\" class=\"cit-num\">3093<\/span><\/p>\n<p class=\"auteur\"><a href=\"https:\/\/www.histoire-en-citations.fr\/indexation\/giscard-destaing\">Val\u00e9ry <span class=\"caps\">GISCARD<\/span> D\u2019<span class=\"caps\">ESTAING<\/span><\/a>, v\u0153ux t\u00e9l\u00e9vis\u00e9s du 31\u00a0d\u00e9cembre 1976<\/p>\n<\/blockquote>\n<p>Seul pr\u00e9sident \u00e0 consid\u00e9rer le pass\u00e9 comme un poids dont il faut se lib\u00e9rer. \u00c9lu \u00e0 48\u00a0ans, il se veut moderne et sensible au d\u00e9sir de changement dans le pays. Il pense qu\u2019une nation ne peut se tourner vers l\u2019avenir, si elle ressasse constamment son histoire\u00a0: \u00ab\u00a0Conduisons-nous comme un peuple jeune et fier, ne nous laissons pas accabler par les rhumatismes de l\u2019histoire.\u00a0\u00bb<\/p>\n<blockquote>\n<p class=\"citation-small\">\u00ab\u00a0Je crois aux forces de l\u2019esprit et je ne vous quitterai pas.\u00a0\u00bb<span id=\"3310\" class=\"cit-num\">3310<\/span><\/p>\n<p class=\"auteur\"><a href=\"https:\/\/www.histoire-en-citations.fr\/indexation\/mitterrand\">Fran\u00e7ois <span class=\"caps\">MITTERRAND<\/span><\/a> \u00e0 la t\u00e9l\u00e9vision, 31\u00a0d\u00e9cembre 1994<\/p>\n<\/blockquote>\n<p>Ses derniers v\u0153ux \u00e0 la nation, au terme de son second septennat. \u00ab\u00a0L\u2019an prochain, ce sera mon successeur qui vous exprimera ses v\u0153ux. L\u00e0 o\u00f9 je serai, je l\u2019\u00e9couterai, le c\u0153ur plein de reconnaissance pour le peuple fran\u00e7ais qui m\u2019aura si longtemps confi\u00e9 son destin, et plein d\u2019espoir en vous. Je crois aux forces de l\u2019esprit et je ne vous quitterai pas.\u00a0\u00bb Sa maladie (cancer), de notori\u00e9t\u00e9 publique, dramatise ce rendez-vous annuel et convenu d\u2019un pr\u00e9sident avec un <a href=\"https:\/\/www.histoire-en-citations.fr\/indexation\/peuples\">peuple<\/a>.<\/p>\n<\/div>\n<style>\r\n        a .cit-num {\r\n            text-decoration: none !important;\r\n            color: inherit !important;\r\n        }\r\n    <\/style>","protected":false},"excerpt":{"rendered":"<p>V\u0153ux pr\u00e9sidentiels de fin d\u2019ann\u00e9e\u00a0: c\u00e9r\u00e9monie m\u00e9diatique, grand\u2019 messe audiovisuelle, initi\u00e9e par le premier pr\u00e9sident de la Cinqui\u00e8me R\u00e9publique. Tous les autres ont suivi de Gaulle et chacun a regard\u00e9 la France au fond des yeux \u00e0 sa mani\u00e8re. Cette pratique du XXe si\u00e8cle appartient \u00e0 l\u2019ancien monde. L\u2019Histoire en citations fait revivre les moments-cl\u00e9s. [&#8230;]<\/p>\n","protected":false},"author":1,"featured_media":0,"comment_status":"open","ping_status":"open","sticky":false,"template":"","format":"standard","meta":{"site-sidebar-layout":"default","site-content-layout":"","ast-site-content-layout":"default","site-content-style":"default","site-sidebar-style":"default","ast-global-header-display":"","ast-banner-title-visibility":"","ast-main-header-display":"","ast-hfb-above-header-display":"","ast-hfb-below-header-display":"","ast-hfb-mobile-header-display":"","site-post-title":"","ast-breadcrumbs-content":"","ast-featured-img":"","footer-sml-layout":"","theme-transparent-header-meta":"","adv-header-id-meta":"","stick-header-meta":"","header-above-stick-meta":"","header-main-stick-meta":"","header-below-stick-meta":"","astra-migrate-meta-layouts":"default","ast-page-background-enabled":"default","ast-page-background-meta":{"desktop":{"background-color":"var(--ast-global-color-5)","background-image":"","background-repeat":"repeat","background-position":"center center","background-size":"auto","background-attachment":"scroll","background-type":"","background-media":"","overlay-type":"","overlay-color":"","overlay-opacity":"","overlay-gradient":""},"tablet":{"background-color":"","background-image":"","background-repeat":"repeat","background-position":"center center","background-size":"auto","background-attachment":"scroll","background-type":"","background-media":"","overlay-type":"","overlay-color":"","overlay-opacity":"","overlay-gradient":""},"mobile":{"background-color":"","background-image":"","background-repeat":"repeat","background-position":"center center","background-size":"auto","background-attachment":"scroll","background-type":"","background-media":"","overlay-type":"","overlay-color":"","overlay-opacity":"","overlay-gradient":""}},"ast-content-background-meta":{"desktop":{"background-color":"var(--ast-global-color-4)","background-image":"","background-repeat":"repeat","background-position":"center center","background-size":"auto","background-attachment":"scroll","background-type":"","background-media":"","overlay-type":"","overlay-color":"","overlay-opacity":"","overlay-gradient":""},"tablet":{"background-color":"var(--ast-global-color-4)","background-image":"","background-repeat":"repeat","background-position":"center center","background-size":"auto","background-attachment":"scroll","background-type":"","background-media":"","overlay-type":"","overlay-color":"","overlay-opacity":"","overlay-gradient":""},"mobile":{"background-color":"var(--ast-global-color-4)","background-image":"","background-repeat":"repeat","background-position":"center center","background-size":"auto","background-attachment":"scroll","background-type":"","background-media":"","overlay-type":"","overlay-color":"","overlay-opacity":"","overlay-gradient":""}},"iawp_total_views":10,"footnotes":""},"categories":[1533],"tags":[],"class_list":["post-5471","post","type-post","status-publish","format-standard","hentry","category-charles-de-gaulle-chronique-cinquieme-republique-citation-du-jour"],"_links":{"self":[{"href":"https:\/\/histoire-en-citations.fr\/WP\/wp-json\/wp\/v2\/posts\/5471","targetHints":{"allow":["GET"]}}],"collection":[{"href":"https:\/\/histoire-en-citations.fr\/WP\/wp-json\/wp\/v2\/posts"}],"about":[{"href":"https:\/\/histoire-en-citations.fr\/WP\/wp-json\/wp\/v2\/types\/post"}],"author":[{"embeddable":true,"href":"https:\/\/histoire-en-citations.fr\/WP\/wp-json\/wp\/v2\/users\/1"}],"replies":[{"embeddable":true,"href":"https:\/\/histoire-en-citations.fr\/WP\/wp-json\/wp\/v2\/comments?post=5471"}],"version-history":[{"count":1,"href":"https:\/\/histoire-en-citations.fr\/WP\/wp-json\/wp\/v2\/posts\/5471\/revisions"}],"predecessor-version":[{"id":5472,"href":"https:\/\/histoire-en-citations.fr\/WP\/wp-json\/wp\/v2\/posts\/5471\/revisions\/5472"}],"wp:attachment":[{"href":"https:\/\/histoire-en-citations.fr\/WP\/wp-json\/wp\/v2\/media?parent=5471"}],"wp:term":[{"taxonomy":"category","embeddable":true,"href":"https:\/\/histoire-en-citations.fr\/WP\/wp-json\/wp\/v2\/categories?post=5471"},{"taxonomy":"post_tag","embeddable":true,"href":"https:\/\/histoire-en-citations.fr\/WP\/wp-json\/wp\/v2\/tags?post=5471"}],"curies":[{"name":"wp","href":"https:\/\/api.w.org\/{rel}","templated":true}]}}