{"id":5774,"date":"2017-06-18T00:00:00","date_gmt":"2017-06-17T22:00:00","guid":{"rendered":"https:\/\/histoire-en-citations.fr\/WP\/2025\/06\/23\/vos-5-citations-preferees-de-la-semaine-49\/"},"modified":"2025-07-19T09:16:33","modified_gmt":"2025-07-19T07:16:33","slug":"vos-5-citations-preferees-de-la-semaine-49","status":"publish","type":"post","link":"https:\/\/histoire-en-citations.fr\/WP\/vos-5-citations-preferees-de-la-semaine-49\/","title":{"rendered":"Vos 5 citations pr\u00e9f\u00e9r\u00e9es de la semaine"},"content":{"rendered":"<div class=\"field-item even\">\n<p><a title=\"citations cent jours\" href=\"http:\/\/www.histoire-en-citations.fr\/boutique\/volume-7\" target=\"_blank\" rel=\"noopener\"><img decoding=\"async\" style=\"float: left; margin: 10px;\" title=\"Citations cent jours\" src=\"https:\/\/histoire-en-citations.fr\/WP\/wp-content\/uploads\/2025\/06\/histoire-en-citations-volume-7-20.jpg\" alt=\"Citations cent jours\" width=\"120\" height=\"160\"><\/a><\/p>\n<p>D\u00e9couvrez les 5 citations qui ont remport\u00e9 le plus de succ\u00e8s cette semaine sur les r\u00e9seaux sociaux (<a href=\"https:\/\/www.facebook.com\/histoire.en.citations\/\" target=\"_blank\" rel=\"noopener\">Facebook<\/a> et <a href=\"https:\/\/twitter.com\/HistoCita\">twitter<\/a>).<\/p>\n<p>Cette semaine \u00e9tait consacr\u00e9e aux Cent-Jours. L\u2019incroyable aventure commence un 26 f\u00e9vrier (1815), quand Napol\u00e9on s\u2019\u00e9vade de l\u2019\u00eele d\u2019Elbe, pour d\u00e9barquer en France le 1er mars. Le m\u00eame 26 f\u00e9vrier (1802, \u00ab\u00a0ce si\u00e8cle avait deux ans\u00a0\u00bb), naissance d\u2019Hugo, chantre de la l\u00e9gende napol\u00e9onienne. Quelle semaine pour <em>l\u2019Histoire en citations<\/em>, quelle Actu historique\u00a0!<\/p>\n<p><a title=\"citations cent jours\" href=\"http:\/\/www.histoire-en-citations.fr\/boutique\/volume-7\" target=\"_blank\" rel=\"noopener\">Feuilletez notre Chronique sur la Restauration pour tout savoir<\/a>.<\/p>\n<p>\u00a0<\/p>\n<h2><a title=\"Joseph Fouch\u00e9 citation cent jours\" href=\"http:\/\/www.histoire-en-citations.fr\/napoleon-francais-jarrive-parmi-vous-reprendre-mes-droits-qui-sont-les-votres\" target=\"_blank\" rel=\"noopener\">5. Joseph Fouch\u00e9<\/a><\/h2>\n<p><a title=\"Joseph Fouch\u00e9 citation cent jours\" href=\"http:\/\/www.histoire-en-citations.fr\/napoleon-francais-jarrive-parmi-vous-reprendre-mes-droits-qui-sont-les-votres\" target=\"_blank\" rel=\"noopener\"><img fetchpriority=\"high\" decoding=\"async\" title=\"Joseph Fouch\u00e9 citation cent jours\" src=\"https:\/\/histoire-en-citations.fr\/WP\/wp-content\/uploads\/2025\/06\/fouche_cent_jours_citation.jpg\" alt=\"Joseph Fouch\u00e9 citation cent jours\" width=\"700\" height=\"357\"><\/a><\/p>\n<h2><a title=\"Napol\u00e9on citation France\" href=\"https:\/\/histoire-en-citations.fr\/WP\/napoleon-soldats-du-5e-je-suis-votre-empereur\" target=\"_blank\" rel=\"noopener\">4. Napol\u00e9on<\/a><\/h2>\n<p><a title=\"Napol\u00e9on citation France\" href=\"https:\/\/histoire-en-citations.fr\/WP\/napoleon-soldats-du-5e-je-suis-votre-empereur\" target=\"_blank\" rel=\"noopener\"> <img decoding=\"async\" title=\"Napol\u00e9on citation France\" src=\"https:\/\/histoire-en-citations.fr\/WP\/wp-content\/uploads\/2025\/06\/napoleon_citation_france.jpg\" alt=\"Napol\u00e9on citation France\" width=\"700\" height=\"360\"><\/a><\/p>\n<h2><a title=\"Victor Hugo citation Waterloo\" href=\"https:\/\/histoire-en-citations.fr\/WP\/coignet-ce-n-etait-pas-une-bataille-c-etait-une-boucherie\" target=\"_blank\" rel=\"noopener\">3. Victor Hugo<\/a><\/h2>\n<p><a title=\"Victor Hugo citation Waterloo\" href=\"https:\/\/histoire-en-citations.fr\/WP\/coignet-ce-n-etait-pas-une-bataille-c-etait-une-boucherie\" target=\"_blank\" rel=\"noopener\"><img loading=\"lazy\" decoding=\"async\" title=\"Victor Hugo citation Waterloo\" src=\"https:\/\/histoire-en-citations.fr\/WP\/wp-content\/uploads\/2025\/06\/waterloo_citation_hugo.jpg\" alt=\"Victor Hugo citation Waterloo\" width=\"700\" height=\"362\"><\/a><\/p>\n<h2><a title=\"citation ligny napoleon\" href=\"https:\/\/histoire-en-citations.fr\/WP\/coignet-ce-n-etait-pas-une-bataille-c-etait-une-boucherie\" target=\"_blank\" rel=\"noopener\">2. Coignet<\/a><\/h2>\n<p><a title=\"citation ligny napoleon\" href=\"https:\/\/histoire-en-citations.fr\/WP\/coignet-ce-n-etait-pas-une-bataille-c-etait-une-boucherie\" target=\"_blank\" rel=\"noopener\"> <img loading=\"lazy\" decoding=\"async\" title=\"citation ligny napoleon\" src=\"https:\/\/histoire-en-citations.fr\/WP\/wp-content\/uploads\/2025\/06\/ligny_citation_napoleon.jpg\" alt=\"citation ligny napoleon\" width=\"700\" height=\"354\"><\/a><\/p>\n<h2><a title=\"Napol\u00e9on citation cent jours\" href=\"http:\/\/www.histoire-en-citations.fr\/napoleon-francais-jarrive-parmi-vous-reprendre-mes-droits-qui-sont-les-votres\" target=\"_blank\" rel=\"noopener\">1. Napol\u00e9on<\/a><\/h2>\n<p><a title=\"Napol\u00e9on citation cent jours\" href=\"http:\/\/www.histoire-en-citations.fr\/napoleon-francais-jarrive-parmi-vous-reprendre-mes-droits-qui-sont-les-votres\" target=\"_blank\" rel=\"noopener\"><img loading=\"lazy\" decoding=\"async\" title=\"Napol\u00e9on citation cent jours\" src=\"https:\/\/histoire-en-citations.fr\/WP\/wp-content\/uploads\/2025\/06\/cent_jours_citation_napoleon.jpg\" alt=\"Napol\u00e9on citation cent jours\" width=\"700\" height=\"350\"><\/a><\/p>\n<p>\u00a0<\/p>\n<p>\u00a0<\/p>\n<\/div>\n<style>\r\n        a .cit-num {\r\n            text-decoration: none !important;\r\n            color: inherit !important;\r\n        }\r\n    <\/style>","protected":false},"excerpt":{"rendered":"<p>D\u00e9couvrez les 5 citations qui ont remport\u00e9 le plus de succ\u00e8s cette semaine sur les r\u00e9seaux sociaux (Facebook et twitter). Cette semaine \u00e9tait consacr\u00e9e aux Cent-Jours. L\u2019incroyable aventure commence un 26 f\u00e9vrier (1815), quand Napol\u00e9on s\u2019\u00e9vade de l\u2019\u00eele d\u2019Elbe, pour d\u00e9barquer en France le 1er mars. Le m\u00eame 26 f\u00e9vrier (1802, \u00ab\u00a0ce si\u00e8cle avait deux [&#8230;]<\/p>\n","protected":false},"author":1,"featured_media":0,"comment_status":"open","ping_status":"open","sticky":false,"template":"","format":"standard","meta":{"site-sidebar-layout":"default","site-content-layout":"","ast-site-content-layout":"default","site-content-style":"default","site-sidebar-style":"default","ast-global-header-display":"","ast-banner-title-visibility":"","ast-main-header-display":"","ast-hfb-above-header-display":"","ast-hfb-below-header-display":"","ast-hfb-mobile-header-display":"","site-post-title":"","ast-breadcrumbs-content":"","ast-featured-img":"","footer-sml-layout":"","theme-transparent-header-meta":"","adv-header-id-meta":"","stick-header-meta":"","header-above-stick-meta":"","header-main-stick-meta":"","header-below-stick-meta":"","astra-migrate-meta-layouts":"default","ast-page-background-enabled":"default","ast-page-background-meta":{"desktop":{"background-color":"var(--ast-global-color-5)","background-image":"","background-repeat":"repeat","background-position":"center center","background-size":"auto","background-attachment":"scroll","background-type":"","background-media":"","overlay-type":"","overlay-color":"","overlay-opacity":"","overlay-gradient":""},"tablet":{"background-color":"","background-image":"","background-repeat":"repeat","background-position":"center center","background-size":"auto","background-attachment":"scroll","background-type":"","background-media":"","overlay-type":"","overlay-color":"","overlay-opacity":"","overlay-gradient":""},"mobile":{"background-color":"","background-image":"","background-repeat":"repeat","background-position":"center center","background-size":"auto","background-attachment":"scroll","background-type":"","background-media":"","overlay-type":"","overlay-color":"","overlay-opacity":"","overlay-gradient":""}},"ast-content-background-meta":{"desktop":{"background-color":"var(--ast-global-color-4)","background-image":"","background-repeat":"repeat","background-position":"center center","background-size":"auto","background-attachment":"scroll","background-type":"","background-media":"","overlay-type":"","overlay-color":"","overlay-opacity":"","overlay-gradient":""},"tablet":{"background-color":"var(--ast-global-color-4)","background-image":"","background-repeat":"repeat","background-position":"center center","background-size":"auto","background-attachment":"scroll","background-type":"","background-media":"","overlay-type":"","overlay-color":"","overlay-opacity":"","overlay-gradient":""},"mobile":{"background-color":"var(--ast-global-color-4)","background-image":"","background-repeat":"repeat","background-position":"center center","background-size":"auto","background-attachment":"scroll","background-type":"","background-media":"","overlay-type":"","overlay-color":"","overlay-opacity":"","overlay-gradient":""}},"iawp_total_views":3,"footnotes":""},"categories":[6],"tags":[],"class_list":["post-5774","post","type-post","status-publish","format-standard","hentry","category-citations-preferees"],"_links":{"self":[{"href":"https:\/\/histoire-en-citations.fr\/WP\/wp-json\/wp\/v2\/posts\/5774","targetHints":{"allow":["GET"]}}],"collection":[{"href":"https:\/\/histoire-en-citations.fr\/WP\/wp-json\/wp\/v2\/posts"}],"about":[{"href":"https:\/\/histoire-en-citations.fr\/WP\/wp-json\/wp\/v2\/types\/post"}],"author":[{"embeddable":true,"href":"https:\/\/histoire-en-citations.fr\/WP\/wp-json\/wp\/v2\/users\/1"}],"replies":[{"embeddable":true,"href":"https:\/\/histoire-en-citations.fr\/WP\/wp-json\/wp\/v2\/comments?post=5774"}],"version-history":[{"count":2,"href":"https:\/\/histoire-en-citations.fr\/WP\/wp-json\/wp\/v2\/posts\/5774\/revisions"}],"predecessor-version":[{"id":5782,"href":"https:\/\/histoire-en-citations.fr\/WP\/wp-json\/wp\/v2\/posts\/5774\/revisions\/5782"}],"wp:attachment":[{"href":"https:\/\/histoire-en-citations.fr\/WP\/wp-json\/wp\/v2\/media?parent=5774"}],"wp:term":[{"taxonomy":"category","embeddable":true,"href":"https:\/\/histoire-en-citations.fr\/WP\/wp-json\/wp\/v2\/categories?post=5774"},{"taxonomy":"post_tag","embeddable":true,"href":"https:\/\/histoire-en-citations.fr\/WP\/wp-json\/wp\/v2\/tags?post=5774"}],"curies":[{"name":"wp","href":"https:\/\/api.w.org\/{rel}","templated":true}]}}