{"id":5809,"date":"2018-03-17T00:00:00","date_gmt":"2018-03-16T23:00:00","guid":{"rendered":"https:\/\/histoire-en-citations.fr\/WP\/2025\/06\/23\/pottier-cest-la-lutte-finale-groupons-nous-et-demain-linternationale-sera-le-genre-humain\/"},"modified":"2025-07-19T09:17:06","modified_gmt":"2025-07-19T07:17:06","slug":"pottier-cest-la-lutte-finale-groupons-nous-et-demain-linternationale-sera-le-genre-humain","status":"publish","type":"post","link":"https:\/\/histoire-en-citations.fr\/WP\/pottier-cest-la-lutte-finale-groupons-nous-et-demain-linternationale-sera-le-genre-humain\/","title":{"rendered":"Pottier : \u00ab C\u2019est la lutte finale ; \/ Groupons-nous et demain L\u2019Internationale \/ Sera le genre humain.\u00a0\u00bb"},"content":{"rendered":"<div class=\"field-item even\">\n<p><a title=\"Second Empire citations\" href=\"http:\/\/www.histoire-en-citations.fr\/boutique\/volume-8\" target=\"_blank\"><img decoding=\"async\" src=\"https:\/\/histoire-en-citations.fr\/WP\/wp-content\/uploads\/2025\/06\/histoire-en-citations-volume-8-29.jpg\" alt=\"Second Empire citations\" title=\"Second Empire citations\" style=\"margin: 10px;float: left\" width=\"140\" height=\"187\"><\/a>Commune de Paris, qui d\u00e9bute le 18 mars 1871. Dernier jour de notre semaine anniversaire.<\/p>\n<p>H\u00e9ritage de la Commune de Paris et le\u00e7ons de l\u2019Histoire\u00a0?<\/p>\n<p>Courte s\u00e9lection emprunt\u00e9e \u00e0 notre <em>Histoire en citations<\/em> et trop bri\u00e8vement comment\u00e9e en conclusion.<\/p>\n<p><a title=\"Second Empire citations\" href=\"http:\/\/www.histoire-en-citations.fr\/boutique\/volume-8\" target=\"_blank\">\u00c0 feuilleter pour tout savoir.<\/a><\/p>\n<blockquote>\n<p class=\"citation\"><span class=\"enonce\">\u00ab\u00a0C\u2019est la lutte finale\u00a0; \/ Groupons-nous et demain <br>L\u2019Internationale \/ Sera le genre humain.\u00a0\u00bb<span id=\"2527 et 2382&lt;br \/&gt;\" class=\"cit-num\">2527 et 2382<br><\/span><\/span><\/p>\n<p class=\"auteur\">Eug\u00e8ne Pottier (1816-1888), paroles, et Pierre Degeyter (1848-1932), musique, <em>L\u2019Internationale<\/em> (refrain)<\/p>\n<p class=\"source\">Message d\u2019espoir \u00e9crit par un Communard quand tout semblait perdu, ce chant r\u00e9volutionnaire fera bient\u00f4t le tour du monde.<\/p>\n<\/blockquote>\n<blockquote>\n<p class=\"citation-small\">\u00ab\u00a0La soci\u00e9t\u00e9 est pourrie. Dans les ateliers, les mines et les champs, il y a des \u00eatres humains qui travaillent et souffrent sans pouvoir esp\u00e9rer d\u2019acqu\u00e9rir la milli\u00e8me partie du fruit de leur travail.\u00a0\u00bb<span id=\"2503\" class=\"cit-num\">2503<\/span><\/p>\n<p class=\"auteur\"><span class=\"caps\">RAVACHOL<\/span> (1859-1892), \u00e0 son proc\u00e8s, 26\u00a0avril 1892<\/p>\n<p class=\"auteur\">La c\u00e9l\u00e9bration du 20\u00e8 anniversaire de La Commune co\u00efncide avec le d\u00e9but des attentats anarchistes en France.<\/p>\n<\/blockquote>\n<blockquote>\n<p class=\"citation-small\">\u00ab\u00a0Je commence \u00e0 m\u2019embrouiller, moi, dans ces insurrections qui sont un devoir, et dans ces insurrections qui sont un crime\u00a0! Je ne vois pas bien la diff\u00e9rence.\u00a0\u00bb<span id=\"2328\" class=\"cit-num\">2328<\/span><\/p>\n<p class=\"auteur\">Ludovic <span class=\"caps\">HAL\u00c9VY<\/span> (1834-1908), <em>Madame et Monsieur Cardinal<\/em> (1872)<br>O\u00f9 est le mal, o\u00f9 est le bien\u00a0? Quelle cause d\u00e9fendre et jusqu\u2019o\u00f9 aller trop loin\u00a0? Beau th\u00e8me de th\u00e9\u00e2tre historique et philosophique.<\/p>\n<\/blockquote>\n<blockquote>\n<p class=\"citation-small\">\u00ab\u00a0L\u2019\u00e9meute, c\u2019est quand le populaire est battu\u00a0: tous des vauriens\u00a0! La r\u00e9volution, c\u2019est quand il est le plus fort\u00a0: tous des h\u00e9ros\u00a0!\u00a0\u00bb<span id=\"2327\" class=\"cit-num\">2327<\/span><\/p>\n<p class=\"auteur\">Victorien <span class=\"caps\">SARDOU<\/span> (1831-1908), <em>Rabagas<\/em> (1880)<br>Le\u00e7on d\u2019histoire tir\u00e9e ici par un personnage de la Commune. L\u2019insurrection est d\u00e9savou\u00e9e \u00e0 l\u2019\u00e9poque par toute la bourgeoisie et la\u00a0 majorit\u00e9 du pays qui voit en Thiers le sauveur. La propagande officielle interdira toute apologie de la Commune jusqu\u2019en 1914.<\/p>\n<\/blockquote>\n<blockquote>\n<p class=\"citation-small\">\u00ab\u00a0Le propre d\u2019une insurrection populaire, c\u2019est que, personne n\u2019ob\u00e9issant \u00e0 personne, les passions m\u00e9chantes y sont libres autant que les passions g\u00e9n\u00e9reuses, et que les h\u00e9ros n\u2019y peuvent contenir les assassins.\u00a0\u00bb<span id=\"2386\" class=\"cit-num\">2386<\/span><\/p>\n<p class=\"auteur\">Hippolyte <span class=\"caps\">TAINE<\/span> (1828-1893), <em>Les Origines de la France contemporaine<\/em>, 1871, la Commune (1876-1896) <br>Historien contemporain des faits, il tenta d\u2019en chercher les causes. Elles sont multiples et les historiens en d\u00e9battent encore.<\/p>\n<\/blockquote>\n<blockquote>\n<p class=\"citation-small\">\u00ab\u00a0Je tiens Flaubert et Goncourt pour responsables de la r\u00e9pression qui suivit la Commune, parce qu\u2019ils n\u2019ont pas \u00e9crit une ligne pour l\u2019emp\u00eacher.\u00a0\u00bb<span id=\"2380\" class=\"cit-num\">2380<\/span><\/p>\n<p class=\"auteur\"><a href=\"https:\/\/www.histoire-en-citations.fr\/indexation\/sartre\">Jean-Paul <span class=\"caps\">SARTRE<\/span><\/a> (1905-1980), <em>Situations <span class=\"caps\">II<\/span><\/em> (1948)<br>Le r\u00f4le des \u00ab\u00a0intellectuels\u00a0\u00bb dans l\u2019Histoire va faire d\u00e9bat \u00e0 l\u2019infini, au <span class=\"caps\">XX<\/span>e si\u00e8cle.<\/p>\n<\/blockquote>\n<blockquote>\n<p class=\"citation-small\">\u00ab\u00a0On ne peut pas tuer l\u2019id\u00e9e \u00e0 coups de canon ni lui mettre les poucettes [menottes].\u00a0\u00bb<span id=\"2381\" class=\"cit-num\">2381<\/span><\/p>\n<p class=\"auteur\"><a href=\"https:\/\/www.histoire-en-citations.fr\/indexation\/michel-louise\">Louise <span class=\"caps\">MICHEL<\/span><\/a> (1830-1905), <em>La Commune, Histoire et souvenirs<\/em> (1898) <br>L\u2019une des le\u00e7ons de l\u2019Histoire qui incite \u00e0 se battre encore et toujours pour une juste cause. C\u2019est la raison de vivre pour cette h\u00e9ro\u00efne de la Commune, \u00e9ternelle militante jusqu\u2019\u00e0 la limite de ses forces et de l\u2019\u00e2ge.<\/p>\n<\/blockquote>\n<blockquote>\n<p class=\"citation-small\">\u00ab\u00a0Oui, c\u2019\u00e9taient des ma\u00e7ons, des relieurs, des cordonniers, c\u2019est-\u00e0-dire une nouvelle couche sociale qui entrait en ligne, le Quatri\u00e8me \u00c9tat qui \u00e9mergeait \u00e0 coups de fusil.\u00a0\u00bb<span id=\"2383\" class=\"cit-num\">2383<\/span><\/p>\n<p class=\"auteur\">Jules <span class=\"caps\">GUESDE<\/span> (1845-1922), <em>L\u2019\u00c9galit\u00e9<\/em>, 18\u00a0mars 1878<br>Dans ce premier journal marxiste fran\u00e7ais qu\u2019il a cr\u00e9\u00e9, il rappelle ce que fut la Commune \u2013 traumatisme toujours pr\u00e9sent dans les m\u00e9moires, dans l\u2019histoire du nouveau socialisme et sur la sc\u00e8ne politique o\u00f9 l\u2019amnistie est d\u00e9battue jusqu\u2019en 1880.<\/p>\n<\/blockquote>\n<blockquote>\n<p class=\"citation-small\">\u00ab\u00a0[La Commune] fut dans son essence, elle fut dans son fond la premi\u00e8re grande bataille rang\u00e9e du Travail contre le Capital. Et c\u2019est m\u00eame parce qu\u2019elle fut cela avant tout qu\u2019elle fut vaincue et que, vaincue, elle fut \u00e9gorg\u00e9e.\u00a0\u00bb<span id=\"2384\" class=\"cit-num\">2384<\/span><\/p>\n<p class=\"auteur\"><a href=\"https:\/\/www.histoire-en-citations.fr\/indexation\/jaures\">Jean <span class=\"caps\">JAUR\u00c8S<\/span><\/a> (1859-1914), <em>Histoire socialiste, 1789-1900<\/em>, volume <span class=\"caps\">XI<\/span>, La Commune<br>Il dirige ce travail en 13 volumes, jugeant en historien et en socialiste. Homme politique toujours du c\u00f4t\u00e9 du Travail et des travailleurs, n\u2019excluant pas le recours \u00e0 la force insurrectionnelle, il aurait \u00e9t\u00e9 Communard, malgr\u00e9 son pacifisme, raison de son assassinat.<\/p>\n<\/blockquote>\n<blockquote>\n<p class=\"citation-small\">\u00ab\u00a0Le Paris ouvrier, avec sa Commune, sera c\u00e9l\u00e9br\u00e9 \u00e0 jamais comme le glorieux fourrier d\u2019une soci\u00e9t\u00e9 nouvelle. Ses martyrs seront enclos dans le grand c\u0153ur de la classe ouvri\u00e8re.\u00a0\u00bb<span id=\"2385\" class=\"cit-num\">2385<\/span><\/p>\n<p class=\"auteur\">Karl <span class=\"caps\">MARX<\/span> (1818-1883), <em>La Guerre civile en France<\/em> (1871)<br>Hommage du militant r\u00e9volutionnaire, m\u00eame si le th\u00e9oricien socialiste \u00e9mit bien des r\u00e9serves. Le mouvement ouvrier fran\u00e7ais restera marqu\u00e9 par les cons\u00e9quences de la Commune\u00a0: vide dans le rang de ses militants, haine des victimes contre les bourreaux.<\/p>\n<\/blockquote><\/div>\n<style>\r\n        a .cit-num {\r\n            text-decoration: none !important;\r\n            color: inherit !important;\r\n        }\r\n    <\/style>","protected":false},"excerpt":{"rendered":"<p>Commune de Paris, qui d\u00e9bute le 18 mars 1871. Dernier jour de notre semaine anniversaire.H\u00e9ritage de la Commune de Paris et le\u00e7ons de l\u2019Histoire\u00a0?Courte s\u00e9lection emprunt\u00e9e \u00e0 notre Histoire en citations et trop bri\u00e8vement comment\u00e9e en conclusion. \u00c0 feuilleter pour tout savoir. \u00ab\u00a0C\u2019est la lutte finale\u00a0; \/ Groupons-nous et demain L\u2019Internationale \/ Sera le genre [&#8230;]<\/p>\n","protected":false},"author":1,"featured_media":10936,"comment_status":"open","ping_status":"open","sticky":false,"template":"","format":"standard","meta":{"site-sidebar-layout":"default","site-content-layout":"","ast-site-content-layout":"default","site-content-style":"default","site-sidebar-style":"default","ast-global-header-display":"","ast-banner-title-visibility":"","ast-main-header-display":"","ast-hfb-above-header-display":"","ast-hfb-below-header-display":"","ast-hfb-mobile-header-display":"","site-post-title":"","ast-breadcrumbs-content":"","ast-featured-img":"","footer-sml-layout":"","theme-transparent-header-meta":"","adv-header-id-meta":"","stick-header-meta":"","header-above-stick-meta":"","header-main-stick-meta":"","header-below-stick-meta":"","astra-migrate-meta-layouts":"default","ast-page-background-enabled":"default","ast-page-background-meta":{"desktop":{"background-color":"var(--ast-global-color-5)","background-image":"","background-repeat":"repeat","background-position":"center center","background-size":"auto","background-attachment":"scroll","background-type":"","background-media":"","overlay-type":"","overlay-color":"","overlay-opacity":"","overlay-gradient":""},"tablet":{"background-color":"","background-image":"","background-repeat":"repeat","background-position":"center center","background-size":"auto","background-attachment":"scroll","background-type":"","background-media":"","overlay-type":"","overlay-color":"","overlay-opacity":"","overlay-gradient":""},"mobile":{"background-color":"","background-image":"","background-repeat":"repeat","background-position":"center center","background-size":"auto","background-attachment":"scroll","background-type":"","background-media":"","overlay-type":"","overlay-color":"","overlay-opacity":"","overlay-gradient":""}},"ast-content-background-meta":{"desktop":{"background-color":"var(--ast-global-color-4)","background-image":"","background-repeat":"repeat","background-position":"center center","background-size":"auto","background-attachment":"scroll","background-type":"","background-media":"","overlay-type":"","overlay-color":"","overlay-opacity":"","overlay-gradient":""},"tablet":{"background-color":"var(--ast-global-color-4)","background-image":"","background-repeat":"repeat","background-position":"center center","background-size":"auto","background-attachment":"scroll","background-type":"","background-media":"","overlay-type":"","overlay-color":"","overlay-opacity":"","overlay-gradient":""},"mobile":{"background-color":"var(--ast-global-color-4)","background-image":"","background-repeat":"repeat","background-position":"center center","background-size":"auto","background-attachment":"scroll","background-type":"","background-media":"","overlay-type":"","overlay-color":"","overlay-opacity":"","overlay-gradient":""}},"iawp_total_views":15,"footnotes":""},"categories":[3],"tags":[],"class_list":["post-5809","post","type-post","status-publish","format-standard","has-post-thumbnail","hentry","category-citation-du-jour"],"_links":{"self":[{"href":"https:\/\/histoire-en-citations.fr\/WP\/wp-json\/wp\/v2\/posts\/5809","targetHints":{"allow":["GET"]}}],"collection":[{"href":"https:\/\/histoire-en-citations.fr\/WP\/wp-json\/wp\/v2\/posts"}],"about":[{"href":"https:\/\/histoire-en-citations.fr\/WP\/wp-json\/wp\/v2\/types\/post"}],"author":[{"embeddable":true,"href":"https:\/\/histoire-en-citations.fr\/WP\/wp-json\/wp\/v2\/users\/1"}],"replies":[{"embeddable":true,"href":"https:\/\/histoire-en-citations.fr\/WP\/wp-json\/wp\/v2\/comments?post=5809"}],"version-history":[{"count":1,"href":"https:\/\/histoire-en-citations.fr\/WP\/wp-json\/wp\/v2\/posts\/5809\/revisions"}],"predecessor-version":[{"id":5811,"href":"https:\/\/histoire-en-citations.fr\/WP\/wp-json\/wp\/v2\/posts\/5809\/revisions\/5811"}],"wp:featuredmedia":[{"embeddable":true,"href":"https:\/\/histoire-en-citations.fr\/WP\/wp-json\/wp\/v2\/media\/10936"}],"wp:attachment":[{"href":"https:\/\/histoire-en-citations.fr\/WP\/wp-json\/wp\/v2\/media?parent=5809"}],"wp:term":[{"taxonomy":"category","embeddable":true,"href":"https:\/\/histoire-en-citations.fr\/WP\/wp-json\/wp\/v2\/categories?post=5809"},{"taxonomy":"post_tag","embeddable":true,"href":"https:\/\/histoire-en-citations.fr\/WP\/wp-json\/wp\/v2\/tags?post=5809"}],"curies":[{"name":"wp","href":"https:\/\/api.w.org\/{rel}","templated":true}]}}