{"id":5992,"date":"2017-10-02T00:00:00","date_gmt":"2017-10-01T22:00:00","guid":{"rendered":"https:\/\/histoire-en-citations.fr\/WP\/2025\/06\/23\/richelieu-la-legerete-ordinaire-des-francais-leur-fait-desirer-le-changement-a-cause-de-lennui-quils-ont-des-choses-presentes-2\/"},"modified":"2025-07-19T09:11:32","modified_gmt":"2025-07-19T07:11:32","slug":"richelieu-la-legerete-ordinaire-des-francais-leur-fait-desirer-le-changement-a-cause-de-lennui-quils-ont-des-choses-presentes-2","status":"publish","type":"post","link":"https:\/\/histoire-en-citations.fr\/WP\/richelieu-la-legerete-ordinaire-des-francais-leur-fait-desirer-le-changement-a-cause-de-lennui-quils-ont-des-choses-presentes-2\/","title":{"rendered":"Richelieu : \u00ab La l\u00e9g\u00e8ret\u00e9 ordinaire des Fran\u00e7ais leur fait d\u00e9sirer le changement \u00e0 cause de l&#039;ennui qu&#039;ils ont des choses pr\u00e9sentes. \u00bb"},"content":{"rendered":"<div class=\"field-item even\">\n<p><a title=\"Citations louis xiii\" href=\"http:\/\/www.histoire-en-citations.fr\/boutique\/volume-2\"><img decoding=\"async\" src=\"https:\/\/histoire-en-citations.fr\/WP\/wp-content\/uploads\/2025\/06\/histoire-en-citations-volume-2-28.jpg\" alt=\"Citations louis xiii\" title=\"Citations louis xiii\" style=\"float: left;margin: 10px\" width=\"165\" height=\"220\"><\/a>Quelques r\u00e9flexions au fil des Chroniques, quelques rappels de <em>l\u2019Histoire en citations<\/em>, dat\u00e9s et contextualis\u00e9s, mais devenus des classiques du genre. <\/p>\n<p>Conclusion\u00a0? On ne sait pas quand, mais on est s\u00fbr que\u2026 l\u2019esprit de Mai 68, fran\u00e7ais et frondeur, soufflera de nouveau, t\u00f4t ou tard, pour le pire et\/ou le meilleur.<\/p>\n<p><a title=\"citations richelieu\" href=\"http:\/\/www.histoire-en-citations.fr\/boutique\/volume-2\">\u00c0 feuilleter pour tout savoir.<\/a><\/p>\n<blockquote>\n<p class=\"citation\"><span class=\"enonce\">\u00ab\u00a0La l\u00e9g\u00e8ret\u00e9 ordinaire des Fran\u00e7ais leur fait d\u00e9sirer le changement \u00e0 cause de l\u2019ennui qu\u2019ils ont des choses pr\u00e9sentes.\u00a0\u00bb<span id=\"584\" class=\"cit-num\">584<\/span><\/span><\/p>\n<p class=\"auteur\"><a href=\"https:\/\/www.histoire-en-citations.fr\/indexation\/richelieu\"><span data-href=\"\/auteurs\/cardinal-de-richelieu\"><span class=\"author\"><span class=\"surname\">Cardinal de <\/span><span class=\"name\"><span class=\"caps\">RICHELIEU<\/span><\/span><\/span><\/span><\/a> (1585-1642)<\/p>\n<p class=\"source\">\u00ab\u00a0Maximes d\u2019\u00c9tat du cardinal de Richelieu\u00a0\u00bb, Guy Thullier, <cite>La Revue administrative<\/cite>, n\u00b0\u00a053 (1956).<\/p>\n<\/blockquote>\n<p>Il peine \u00e0 cr\u00e9er un \u00c9tat fort et \u00e0 imposer de bonnes r\u00e9formes, payant son action d\u2019une impopularit\u00e9 croissante, sous son \u00ab\u00a0minist\u00e9riat\u00a0\u00bb en couple avec Louis <span class=\"caps\">XIII<\/span>. Cette \u00ab\u00a0l\u00e9g\u00e8ret\u00e9\u00a0\u00bb va revenir comme un leitmotiv et un sujet d\u2019\u00e9tonnement, d\u2019irritation, de reproche dans l\u2019esprit de l\u2019homme rouge dont la l\u00e9g\u00e8ret\u00e9 n\u2019est assur\u00e9ment ni un d\u00e9faut, ni une qualit\u00e9\u00a0! Louis\u00a0<span class=\"caps\">XIII<\/span> lui-m\u00eame s\u2019en fait l\u2019\u00e9cho. Ce trait de caract\u00e8re est cause qu\u2019on ne gouverne pas si ais\u00e9ment ce pays frondeur, ni en paix, ni en guerre. Pas plus son peuple que ses nobles ni ses bourgeois, ses auteurs, ses chansonniers ni ses penseurs.<\/p>\n<blockquote>\n<p class=\"citation-small\">\u00ab\u00a0Les Fran\u00e7ais sont inquiets et murmurateurs, les r\u00eanes du gouvernement ne sont jamais conduites \u00e0 leur gr\u00e9 [\u2026] On dirait que la plainte et le murmure rentrent dans l\u2019essence de leur caract\u00e8re.\u00a0\u00bb<span id=\"1190\" class=\"cit-num\">1190<\/span><\/p>\n<p class=\"auteur\"><a href=\"http:\/\/www.histoire-en-citations.fr\/indexation\/louis-xvi\">Dauphin <span class=\"caps\">LOUIS<\/span>, futur <span class=\"caps\">LOUIS<\/span> <span class=\"caps\">XVI<\/span><\/a> (1754-1793), <em>R\u00e9flexions sur les entretiens avec le duc de La Vauguyon<\/em><\/p>\n<\/blockquote>\n<p>Plus lucide qu\u2019il ne le sera jamais, il ne voit que trop bien la situation qui d\u00e9bouchera sur la R\u00e9volution. Pouvait-on, devait-on en faire l\u2019\u00e9conomie\u00a0? On ne r\u00e9\u00e9crit pas l\u2019histoire, on la raconte\u00a0! En quatre ann\u00e9es, le chancelier Maupeou et le contr\u00f4leur des Finances Terray essaient de r\u00e9former la France. La t\u00e2che du grand financier est la plus ingrate. Ses projets \u00e0 long terme sont bons, mais dans l\u2019imm\u00e9diat, il pare au plus press\u00e9\u00a0: il \u00e9tablit de nouvelles taxes, r\u00e9tablit le second vingti\u00e8me sans les exemptions injustifiables, r\u00e9duit les pensions et traitements, supprime avec courage des offices inutiles. La rumeur publique l\u2019accuse de vouloir sp\u00e9culer sur les grains, quand il \u00e9tablit le monopole royal (pacte de famine). Et les mesures de l\u2019abb\u00e9 Terray sont si impopulaires qu\u2019elles lui valent le surnom de Vide-Gousset.<\/p>\n<blockquote>\n<p class=\"citation-small\">\u00ab\u00a0La France est une nation qui s\u2019ennuie.\u00a0\u00bb<span id=\"2098\" class=\"cit-num\">2098<\/span><\/p>\n<p class=\"auteur\"><a href=\"http:\/\/www.histoire-en-citations.fr\/indexation\/lamartine\"><span class=\"caps\">LAMARTINE<\/span><\/a> (1790-1869), Discours \u00e0 la Chambre, 10\u00a0janvier 1839<\/p>\n<\/blockquote>\n<p>Lamartine, d\u00e9put\u00e9 qui passera du \u00ab\u00a0juste milieu\u00a0\u00bb gouvernemental \u00e0 l\u2019opposition de gauche (en 1843), s\u2019adresse ici au roi et trouve une raison au mal de la France\u00a0: \u00ab\u00a0Vous avez laiss\u00e9 le pays manquer d\u2019action.\u00a0\u00bb L\u2019ennui est le mal du si\u00e8cle, et surtout celui de la g\u00e9n\u00e9ration romantique, qui vibre au souvenir exalt\u00e9 de la R\u00e9volution et de l\u2019Empire, et rejette cette monarchie bourgeoise, soutenue par une classe moyenne, satisfaite d\u2019elle-m\u00eame et visc\u00e9ralement conservatrice. Le po\u00e8te sera fier de pouvoir dire que cette phrase a fait le tour du monde. Sautant plus d\u2019un si\u00e8cle, on la retrouvera dans <em>Le\u00a0Monde<\/em>, sous la signature de Viansson-Pont\u00e9, deux mois avant les \u00e9v\u00e9nements de <a href=\"http:\/\/www.histoire-en-citations.fr\/indexation\/mai-68\">Mai\u00a068<\/a>.<\/p>\n<blockquote>\n<p class=\"citation-small\">\u00ab\u00a0Les barricades sont contagieuses, c\u2019est la tentation, la passion h\u00e9r\u00e9ditaire de la population parisienne.\u00a0\u00bb<span id=\"2168\" class=\"cit-num\">2168<\/span><\/p>\n<p class=\"auteur\"><span class=\"caps\">LEDRU<\/span>\u2013<span class=\"caps\">ROLLIN<\/span> (1807-1874)<\/p>\n<\/blockquote>\n<p>D\u00e9put\u00e9 d\u2019extr\u00eame gauche, ministre de l\u2019Int\u00e9rieur dans le gouvernement provisoire de f\u00e9vrier-mars\u00a01848, il se retrouve dans la nouvelle Commission ex\u00e9cutive (gouvernement tr\u00e8s provisoire) de la Deuxi\u00e8me R\u00e9publique \u2013 d\u00e9j\u00e0 bien \u00e9branl\u00e9e, faute de pouvoir satisfaire tous les espoirs mis en elle par le peuple\u00a0! Le 15\u00a0mai, une manifestation d\u00e9g\u00e9n\u00e8re en coup de force et tourne au coup d\u2019\u00c9tat\u00a0: 50\u00a0000 personnes envahissent l\u2019Assembl\u00e9e. Le pouvoir doit faire face aux nouvelles journ\u00e9es du 23 au 26\u00a0juin 1848, suite \u00e0 la fermeture des Ateliers nationaux, le 21\u00a0juin\u00a0: bourgeois et rentiers s\u2019exasp\u00e9raient de devoir financer ces \u00ab\u00a0r\u00e2teliers nationaux\u00a0\u00bb, o\u00f9 l\u2019on pave, d\u00e9pave et repave les rues pour rien. 110\u00a0000 travailleurs se retrouvent jet\u00e9s sur le pav\u00e9 de Paris. Les barricades commencent \u00e0 l\u2019est de la capitale, dans les quartiers populaires.<\/p>\n<blockquote>\n<p class=\"citation-small\">\u00ab\u00a0Paris qui n\u2019est Paris qu\u2019arrachant ses pav\u00e9s.\u00a0\u00bb<span id=\"2811\" class=\"cit-num\">2811<\/span><\/p>\n<p class=\"auteur\">Louis <span class=\"caps\">ARAGON<\/span> (1897-1982), <em>Les Yeux d\u2019Elsa<\/em>, \u00ab\u00a0Plus belle que les larmes\u00a0\u00bb (1942)<\/p>\n<\/blockquote>\n<p>Mots pr\u00e9monitoires, dans la France occup\u00e9e. La Lib\u00e9ration viendra enfin\u2026 Paris se soul\u00e8ve, le 18\u00a0ao\u00fbt 1944\u00a0: fusillade au pont des Arts. Le 19, la police parisienne (cens\u00e9e ob\u00e9ir au gouvernement de Vichy) se met en gr\u00e8ve, barricad\u00e9e \u00e0 la pr\u00e9fecture de police. Le Comit\u00e9 parisien de lib\u00e9ration, o\u00f9 les communistes dominent avec un sens de l\u2019organisation qui leur est propre, veut prouver au monde, aux Alli\u00e9s et aux Allemands, que le peuple de Paris peut se lib\u00e9rer lui-m\u00eame. Mais les <span class=\"caps\">FFI<\/span> (Forces fran\u00e7aises de l\u2019int\u00e9rieur, regroupant tous les mouvements de la R\u00e9sistance arm\u00e9e) manquent de moyens, et le commandement allemand, lui, a encore les moyens de d\u00e9truire la ville, et d\u2019\u00e9craser ses d\u00e9fenseurs.<\/p>\n<\/div>\n<style>\r\n        a .cit-num {\r\n            text-decoration: none !important;\r\n            color: inherit !important;\r\n        }\r\n    <\/style>","protected":false},"excerpt":{"rendered":"<p>Quelques r\u00e9flexions au fil des Chroniques, quelques rappels de l\u2019Histoire en citations, dat\u00e9s et contextualis\u00e9s, mais devenus des classiques du genre. Conclusion\u00a0? On ne sait pas quand, mais on est s\u00fbr que&#8230; l\u2019esprit de Mai 68, fran\u00e7ais et frondeur, soufflera de nouveau, t\u00f4t ou tard, pour le pire et\/ou le meilleur. \u00c0 feuilleter pour tout [&#8230;]<\/p>\n","protected":false},"author":1,"featured_media":0,"comment_status":"open","ping_status":"open","sticky":false,"template":"","format":"standard","meta":{"site-sidebar-layout":"default","site-content-layout":"","ast-site-content-layout":"default","site-content-style":"default","site-sidebar-style":"default","ast-global-header-display":"","ast-banner-title-visibility":"","ast-main-header-display":"","ast-hfb-above-header-display":"","ast-hfb-below-header-display":"","ast-hfb-mobile-header-display":"","site-post-title":"","ast-breadcrumbs-content":"","ast-featured-img":"","footer-sml-layout":"","theme-transparent-header-meta":"","adv-header-id-meta":"","stick-header-meta":"","header-above-stick-meta":"","header-main-stick-meta":"","header-below-stick-meta":"","astra-migrate-meta-layouts":"default","ast-page-background-enabled":"default","ast-page-background-meta":{"desktop":{"background-color":"var(--ast-global-color-5)","background-image":"","background-repeat":"repeat","background-position":"center center","background-size":"auto","background-attachment":"scroll","background-type":"","background-media":"","overlay-type":"","overlay-color":"","overlay-opacity":"","overlay-gradient":""},"tablet":{"background-color":"","background-image":"","background-repeat":"repeat","background-position":"center center","background-size":"auto","background-attachment":"scroll","background-type":"","background-media":"","overlay-type":"","overlay-color":"","overlay-opacity":"","overlay-gradient":""},"mobile":{"background-color":"","background-image":"","background-repeat":"repeat","background-position":"center center","background-size":"auto","background-attachment":"scroll","background-type":"","background-media":"","overlay-type":"","overlay-color":"","overlay-opacity":"","overlay-gradient":""}},"ast-content-background-meta":{"desktop":{"background-color":"var(--ast-global-color-4)","background-image":"","background-repeat":"repeat","background-position":"center center","background-size":"auto","background-attachment":"scroll","background-type":"","background-media":"","overlay-type":"","overlay-color":"","overlay-opacity":"","overlay-gradient":""},"tablet":{"background-color":"var(--ast-global-color-4)","background-image":"","background-repeat":"repeat","background-position":"center center","background-size":"auto","background-attachment":"scroll","background-type":"","background-media":"","overlay-type":"","overlay-color":"","overlay-opacity":"","overlay-gradient":""},"mobile":{"background-color":"var(--ast-global-color-4)","background-image":"","background-repeat":"repeat","background-position":"center center","background-size":"auto","background-attachment":"scroll","background-type":"","background-media":"","overlay-type":"","overlay-color":"","overlay-opacity":"","overlay-gradient":""}},"iawp_total_views":5,"footnotes":""},"categories":[1929],"tags":[],"class_list":["post-5992","post","type-post","status-publish","format-standard","hentry","category-cardinal-de-richelieu-changement-choses-presentes-citation-du-jour-desirer-ennui-francais-pluriel-le-pouvoir-royal-et-ses-limites-legerete-naissance-de-la-monarchie-absolue"],"_links":{"self":[{"href":"https:\/\/histoire-en-citations.fr\/WP\/wp-json\/wp\/v2\/posts\/5992","targetHints":{"allow":["GET"]}}],"collection":[{"href":"https:\/\/histoire-en-citations.fr\/WP\/wp-json\/wp\/v2\/posts"}],"about":[{"href":"https:\/\/histoire-en-citations.fr\/WP\/wp-json\/wp\/v2\/types\/post"}],"author":[{"embeddable":true,"href":"https:\/\/histoire-en-citations.fr\/WP\/wp-json\/wp\/v2\/users\/1"}],"replies":[{"embeddable":true,"href":"https:\/\/histoire-en-citations.fr\/WP\/wp-json\/wp\/v2\/comments?post=5992"}],"version-history":[{"count":1,"href":"https:\/\/histoire-en-citations.fr\/WP\/wp-json\/wp\/v2\/posts\/5992\/revisions"}],"predecessor-version":[{"id":5994,"href":"https:\/\/histoire-en-citations.fr\/WP\/wp-json\/wp\/v2\/posts\/5992\/revisions\/5994"}],"wp:attachment":[{"href":"https:\/\/histoire-en-citations.fr\/WP\/wp-json\/wp\/v2\/media?parent=5992"}],"wp:term":[{"taxonomy":"category","embeddable":true,"href":"https:\/\/histoire-en-citations.fr\/WP\/wp-json\/wp\/v2\/categories?post=5992"},{"taxonomy":"post_tag","embeddable":true,"href":"https:\/\/histoire-en-citations.fr\/WP\/wp-json\/wp\/v2\/tags?post=5992"}],"curies":[{"name":"wp","href":"https:\/\/api.w.org\/{rel}","templated":true}]}}