{"id":6004,"date":"2017-08-01T00:00:00","date_gmt":"2017-07-31T22:00:00","guid":{"rendered":"https:\/\/histoire-en-citations.fr\/WP\/2025\/06\/23\/martin-luther-2\/"},"modified":"2025-07-19T09:11:22","modified_gmt":"2025-07-19T07:11:22","slug":"martin-luther-2","status":"publish","type":"post","link":"https:\/\/histoire-en-citations.fr\/WP\/martin-luther-2\/","title":{"rendered":"Martin Luther"},"content":{"rendered":"<div class=\"field-item even\">\n<p><img fetchpriority=\"high\" decoding=\"async\" src=\"https:\/\/histoire-en-citations.fr\/WP\/wp-content\/uploads\/2025\/06\/luther.jpg\" width=\"330\" height=\"236\"><\/p>\n<blockquote>\n<p class=\"citation-small\">\u00ab\u00a0Le plus grand et le plus extr\u00eame acte de la Gr\u00e2ce divine par lequel se propage l\u2019influence de l\u2019\u00c9vangile.\u00a0\u00bb<\/p>\n<p class=\"auteur\">Martin <span class=\"caps\">LUTHER<\/span> (1483-1546). \u00ab\u00a0Sur certaines formes de la propagande religieuse au <span class=\"caps\">XVI<\/span>e si\u00e8cle\u00a0\u00bb, Pierre Deyon, revue<em> Annales, \u00c9conomies, Soci\u00e9t\u00e9s, Civilisations<\/em>, volume <span class=\"caps\">XXXVI<\/span> (1981)<\/p>\n<\/blockquote>\n<p>Grand r\u00e9formateur religieux et l\u2019un des premiers \u00e9crivains de langue allemande, Luther rend ainsi hommage \u00e0 l\u2019imprimerie, d\u00e9couverte dans son pays en 1434 par Gutenberg.<\/p>\n<p>Avec la presse \u00e0 imprimer, le livre est devenu une v\u00e9ritable industrie \u00e0 Paris et \u00e0 Lyon, sous Louis <span class=\"caps\">XII<\/span>. On peut dire sans exag\u00e9rer que Luther est \u2013 avec la Bible \u2013 le \u00ab\u00a0best-seller\u00a0\u00bb du temps\u00a0: plus de 300 000 exemplaires de ses <em>Quatre-vingt-quinze th\u00e8ses<\/em> vendus entre 1517 et 1520. Cette ann\u00e9e-l\u00e0 en France, \u00ab\u00a0il n\u2019y a pas de livres achet\u00e9s avec plus d\u2019avidit\u00e9 que ceux de Luther\u00a0\u00bb, selon le r\u00e9formateur suisse Zwingli. Jusque vers 1550, Luther est l\u2019auteur le plus lu, et marque la mentalit\u00e9 europ\u00e9enne de son empreinte.<\/p>\n<blockquote>\n<p class=\"citation-small\">\u00ab\u00a0C\u2019est dans l\u2019\u00c9criture Sainte que se trouve la doctrine du Christ [\u2026] Attachons-nous donc au seul Christ et \u00e0 la doctrine apostolique. Le reste est peut-\u00eatre plus superstitieux que religieux.\u00a0\u00bb<\/p>\n<p>Jacques <span class=\"caps\">LEF\u00c8VRE<\/span> d\u2019<span class=\"caps\">\u00c9TAPLES<\/span> (vers 1450-1537). <em>Histoire de France depuis les origines jusqu\u2019\u00e0 la R\u00e9volution<\/em> (1911), Ernest Lavisse, Paul Vidal de La Blache<\/p>\n<\/blockquote>\n<p>Th\u00e9ologien et humaniste fran\u00e7ais, vicaire de l\u2019\u00e9v\u00eaque de Meaux Guillaume Bri\u00e7onnet, on lui doit les id\u00e9es fondamentales de la premi\u00e8re R\u00e9forme. Il cr\u00e9e le \u00ab\u00a0c\u00e9nacle de Meaux\u00a0\u00bb, groupe qui travaille \u00e0 la r\u00e9forme du clerg\u00e9 et \u00e0 la vulgarisation de l\u2019\u00c9criture. Le mouvement, condamn\u00e9 par la Sorbonne d\u00e8s 1521, mais prot\u00e9g\u00e9 par la soeur du roi, est dans un premier temps tol\u00e9r\u00e9\u00a0: p\u00e9riode heureuse et f\u00e9conde o\u00f9 l\u2019on croit possible la conciliation entre les catholiques et ces nouveaux chr\u00e9tiens, appel\u00e9s en France bibliens, puis luth\u00e9riens, christaudins (\u00e0 l\u2019\u00e9coute du Christ), calvinistes, religionnaires, \u00e9vang\u00e9liques.<\/p>\n<p>Le mot de protestant appara\u00eet en 1529 en Allemagne. On parlera des \u00ab\u00a0huguenots\u00a0\u00bb apr\u00e8s 1550, et des \u00ab\u00a0parpaillots\u00a0\u00bb bien plus tard.<\/p>\n<blockquote>\n<p class=\"citation-small\">\u00ab\u00a0J\u2019ai couv\u00e9 un oeuf de colombe, Luther en a fait sortir un serpent.\u00a0\u00bb<\/p>\n<p class=\"auteur\"><span class=\"caps\">\u00c9RASME<\/span> (1469-1536),<em> \u00c9loge de la folie<\/em><\/p>\n<\/blockquote>\n<p>Le grand humaniste hollandais qui voyage \u00e0 travers l\u2019Europe rompt en 1524 avec la doctrine luth\u00e9rienne o\u00f9 \u00ab\u00a0nul ne retrouvait l\u2019esprit de l\u2019\u00c9vangile\u00a0\u00bb. Il se distingue par sa pens\u00e9e toute de mesure et de prudence, et sa tentative pour concilier les enseignements de l\u2019\u00c9vangile et l\u2019\u00e9tude des Anciens. Mais l\u2019humanisme, qui entra\u00eene une lib\u00e9ration des esprits et la red\u00e9couverte de l\u2019\u00c9criture dans son texte original, devait fatalement aboutir au grand schisme\u00a0: la Renaissance porte en elle tous les ferments de la r\u00e9volution religieuse qui prend le nom de R\u00e9forme.<\/p>\n<\/div>\n<style>\r\n        a .cit-num {\r\n            text-decoration: none !important;\r\n            color: inherit !important;\r\n        }\r\n    <\/style>","protected":false},"excerpt":{"rendered":"<p>\u00ab\u00a0Le plus grand et le plus extr\u00eame acte de la Gr\u00e2ce divine par lequel se propage l\u2019influence de l\u2019\u00c9vangile.\u00a0\u00bb Martin LUTHER (1483-1546). \u00ab\u00a0Sur certaines formes de la propagande religieuse au XVIe si\u00e8cle\u00a0\u00bb, Pierre Deyon, revue Annales, \u00c9conomies, Soci\u00e9t\u00e9s, Civilisations, volume XXXVI (1981) Grand r\u00e9formateur religieux et l\u2019un des premiers \u00e9crivains de langue allemande, Luther rend [&#8230;]<\/p>\n","protected":false},"author":1,"featured_media":0,"comment_status":"open","ping_status":"open","sticky":false,"template":"","format":"standard","meta":{"site-sidebar-layout":"default","site-content-layout":"","ast-site-content-layout":"default","site-content-style":"default","site-sidebar-style":"default","ast-global-header-display":"","ast-banner-title-visibility":"","ast-main-header-display":"","ast-hfb-above-header-display":"","ast-hfb-below-header-display":"","ast-hfb-mobile-header-display":"","site-post-title":"","ast-breadcrumbs-content":"","ast-featured-img":"","footer-sml-layout":"","theme-transparent-header-meta":"","adv-header-id-meta":"","stick-header-meta":"","header-above-stick-meta":"","header-main-stick-meta":"","header-below-stick-meta":"","astra-migrate-meta-layouts":"default","ast-page-background-enabled":"default","ast-page-background-meta":{"desktop":{"background-color":"var(--ast-global-color-5)","background-image":"","background-repeat":"repeat","background-position":"center center","background-size":"auto","background-attachment":"scroll","background-type":"","background-media":"","overlay-type":"","overlay-color":"","overlay-opacity":"","overlay-gradient":""},"tablet":{"background-color":"","background-image":"","background-repeat":"repeat","background-position":"center center","background-size":"auto","background-attachment":"scroll","background-type":"","background-media":"","overlay-type":"","overlay-color":"","overlay-opacity":"","overlay-gradient":""},"mobile":{"background-color":"","background-image":"","background-repeat":"repeat","background-position":"center center","background-size":"auto","background-attachment":"scroll","background-type":"","background-media":"","overlay-type":"","overlay-color":"","overlay-opacity":"","overlay-gradient":""}},"ast-content-background-meta":{"desktop":{"background-color":"var(--ast-global-color-4)","background-image":"","background-repeat":"repeat","background-position":"center center","background-size":"auto","background-attachment":"scroll","background-type":"","background-media":"","overlay-type":"","overlay-color":"","overlay-opacity":"","overlay-gradient":""},"tablet":{"background-color":"var(--ast-global-color-4)","background-image":"","background-repeat":"repeat","background-position":"center center","background-size":"auto","background-attachment":"scroll","background-type":"","background-media":"","overlay-type":"","overlay-color":"","overlay-opacity":"","overlay-gradient":""},"mobile":{"background-color":"var(--ast-global-color-4)","background-image":"","background-repeat":"repeat","background-position":"center center","background-size":"auto","background-attachment":"scroll","background-type":"","background-media":"","overlay-type":"","overlay-color":"","overlay-opacity":"","overlay-gradient":""}},"iawp_total_views":3,"footnotes":""},"categories":[3],"tags":[],"class_list":["post-6004","post","type-post","status-publish","format-standard","hentry","category-citation-du-jour"],"_links":{"self":[{"href":"https:\/\/histoire-en-citations.fr\/WP\/wp-json\/wp\/v2\/posts\/6004","targetHints":{"allow":["GET"]}}],"collection":[{"href":"https:\/\/histoire-en-citations.fr\/WP\/wp-json\/wp\/v2\/posts"}],"about":[{"href":"https:\/\/histoire-en-citations.fr\/WP\/wp-json\/wp\/v2\/types\/post"}],"author":[{"embeddable":true,"href":"https:\/\/histoire-en-citations.fr\/WP\/wp-json\/wp\/v2\/users\/1"}],"replies":[{"embeddable":true,"href":"https:\/\/histoire-en-citations.fr\/WP\/wp-json\/wp\/v2\/comments?post=6004"}],"version-history":[{"count":1,"href":"https:\/\/histoire-en-citations.fr\/WP\/wp-json\/wp\/v2\/posts\/6004\/revisions"}],"predecessor-version":[{"id":6006,"href":"https:\/\/histoire-en-citations.fr\/WP\/wp-json\/wp\/v2\/posts\/6004\/revisions\/6006"}],"wp:attachment":[{"href":"https:\/\/histoire-en-citations.fr\/WP\/wp-json\/wp\/v2\/media?parent=6004"}],"wp:term":[{"taxonomy":"category","embeddable":true,"href":"https:\/\/histoire-en-citations.fr\/WP\/wp-json\/wp\/v2\/categories?post=6004"},{"taxonomy":"post_tag","embeddable":true,"href":"https:\/\/histoire-en-citations.fr\/WP\/wp-json\/wp\/v2\/tags?post=6004"}],"curies":[{"name":"wp","href":"https:\/\/api.w.org\/{rel}","templated":true}]}}