{"id":6439,"date":"2017-11-15T00:00:00","date_gmt":"2017-11-14T23:00:00","guid":{"rendered":"https:\/\/histoire-en-citations.fr\/WP\/2025\/06\/26\/chirac-japprecie-plus-le-pain-le-pate-le-saucisson-que-les-limitations-de-vitesse-2\/"},"modified":"2025-07-19T09:11:37","modified_gmt":"2025-07-19T07:11:37","slug":"chirac-japprecie-plus-le-pain-le-pate-le-saucisson-que-les-limitations-de-vitesse-2","status":"publish","type":"post","link":"https:\/\/histoire-en-citations.fr\/WP\/chirac-japprecie-plus-le-pain-le-pate-le-saucisson-que-les-limitations-de-vitesse-2\/","title":{"rendered":"Chirac : \u00ab J&#039;appr\u00e9cie plus le pain, le p\u00e2t\u00e9, le saucisson, que les limitations de vitesse. \u00bb"},"content":{"rendered":"<div class=\"field-item even\">\n<p><a title=\"citations histoire \" href=\"http:\/\/www.histoire-en-citations.fr\/boutique\/volume-10\" target=\"_blank\"><img decoding=\"async\" src=\"https:\/\/histoire-en-citations.fr\/WP\/wp-content\/uploads\/2025\/06\/histoire-en-citations-volume-10-22.jpg\" alt=\"citations histoire \" title=\"citations histoire \" style=\"margin: 10px;float: left\" width=\"150\" height=\"200\"><\/a>Nos pr\u00e9sidents se suivent et ne se ressemblent pas. Avec Chirac, grand fauve de la politique, personnage extraverti, ambitieux et roublard, la forme de la com prime sur le fond des messages. Communicant populaire \u00e0 l\u2019humour franc et franchouillard, orateur n\u00e9, il d\u00e9pend des conseillers dont il s\u2019entoure et sa cote a souffert des \u00ab\u00a0affaires\u00a0\u00bb.<\/p>\n<p><a title=\"citations histoire \" href=\"http:\/\/www.histoire-en-citations.fr\/boutique\/volume-10\" target=\"_blank\">Feuilletez la Chronique sur la Ve R\u00e9publique pour en savoir plus.<\/a><\/p>\n<blockquote>\n<p class=\"citation\"><span class=\"enonce\">\u00ab\u00a0J\u2019appr\u00e9cie plus le pain, le p\u00e2t\u00e9, le saucisson, que les limitations de vitesse.\u00a0\u00bb<span id=\"3180\" class=\"cit-num\">3180<\/span><\/span><\/p>\n<p class=\"auteur\"><a href=\"https:\/\/www.histoire-en-citations.fr\/indexation\/chirac\"><span data-href=\"\/auteurs\/jacques-chirac\"><span class=\"author\"><span class=\"surname\">Jacques <\/span><span class=\"name\"><span class=\"caps\">CHIRAC<\/span><\/span><\/span><\/span><\/a> (1932-2019), <cite><span class=\"caps\">L\u2019A<\/span>uto-Journal<\/cite>, 1<sup>er<\/sup>\u00a0Ao\u00fbt 1977<\/p>\n<\/blockquote>\n<p>Nouveau maire de Paris, il sait se rendre sympathique, avec un contact populaire inn\u00e9 (ou bien acquis) et un app\u00e9tit l\u00e9gendaire. Il pense d\u00e9j\u00e0 \u00e0 la plus haute des fonctions et s\u2019y pr\u00e9pare\u2026 La mairie est un bon poste, il va pourtant rester trop longtemps en pays conquis. \u00c9lu et r\u00e9\u00e9lu, il sera rattrap\u00e9 par \u00ab\u00a0les affaires\u00a0\u00bb \u2013 faute d\u2019avoir respect\u00e9 la loi\u00a0: \u00ab\u00a0Les feux rouges, je les ai grill\u00e9s toute ma vie, tu crois peut-\u00eatre qu\u2019on en arrive l\u00e0 en auto-stop\u00a0?\u00a0\u00bb Avant la pr\u00e9sidentielle tant d\u00e9sir\u00e9e, il r\u00e9pond \u00e0 <em>Lib\u00e9<\/em> (de gauche)\u00a0: \u00ab\u00a0Bien s\u00fbr que je suis de gauche\u00a0! Je mange de la choucroute et je bois de la bi\u00e8re\u00a0\u00bb. Il ose aussi le politiquement incorrect\u00a0: \u00ab\u00a0Buvons \u00e0 nos femmes, \u00e0 nos chevaux, et \u00e0 ceux qui les montent.\u00a0\u00bb<\/p>\n<blockquote>\n<p class=\"citation-small\">\u00ab\u00a0Le contact humain est le v\u00e9hicule essentiel de la d\u00e9mocratie.\u00a0\u00bb<span id=\"3323\" class=\"cit-num\">3323<\/span><\/p>\n<p class=\"auteur\">Jacques <span class=\"caps\">CHIRAC<\/span> (1932-2019), Conf\u00e9rence de presse \u00e0 Rio de Janeiro, 29\u00a0juin 1999<\/p>\n<\/blockquote>\n<p>De Gaulle avait ses bains de foule. Ses successeurs seront plus ou moins contraints d\u2019aller au contact du peuple qui les a \u00e9lus. Seul Chirac y prend plaisir, lors des voyages pr\u00e9sidentiels en province ou en Afrique. Au Salon de l\u2019agriculture, ce Corr\u00e9zien de Paris partage le boire et le manger \u00e0 tous les stands et sait comme personne \u00ab\u00a0caresser le cul des vaches\u00a0\u00bb.<\/p>\n<blockquote>\n<p class=\"citation-small\">\u00ab\u00a0Les promesses n\u2019engagent que ceux qui les re\u00e7oivent.\u00a0\u00bb<span id=\"3273\" class=\"cit-num\">3273<\/span><\/p>\n<p class=\"auteur\">Jacques <span class=\"caps\">CHIRAC<\/span> (1932-2019), <em>Le\u00a0Monde<\/em>, 22\u00a0f\u00e9vrier 1988, formule emprunt\u00e9e \u00e0 Henri Queuille (<span class=\"caps\">III<\/span>e et <span class=\"caps\">IV<\/span>e R\u00e9publiques)<\/p>\n<\/blockquote>\n<p>Ce cynisme d\u00e9clar\u00e9 permit \u00e0 certains hommes politiques de dire \u00e0 peu pr\u00e8s n\u2019importe quoi. Mais la m\u00e9moire des blogs et blogueurs confine \u00e0 l\u2019\u00e9ternit\u00e9, l\u2019<em>Homo politicus<\/em> du <span class=\"caps\">XXI<\/span>e si\u00e8cle doit se m\u00e9fier.<\/p>\n<blockquote>\n<p class=\"citation-small\">\u00ab\u00a0L\u2019Europe, \u00e7a m\u2019en touche une, sans faire bouger l\u2019autre.\u00a0\u00bb<span id=\"3298\" class=\"cit-num\">3298<\/span><\/p>\n<p class=\"auteur\">Jacques <span class=\"caps\">CHIRAC<\/span> (1932-2019), <em>Dans la peau de Jacques Chirac<\/em> (2006), Karl Z\u00e9ro et Michel Royer<\/p>\n<\/blockquote>\n<p>Humour chiraquien, expression famili\u00e8re qui t\u00e9moigne ici d\u2019un engagement europ\u00e9en tardif. N\u00e9 gaulliste, sceptique face au f\u00e9d\u00e9ralisme, il d\u00e9fendra la <span class=\"caps\">PAC<\/span> (politique agricole commune) profitable \u00e0 la France comme ministre de l\u2019<a title=\"agriculture citations\" href=\"http:\/\/www.histoire-en-citations.fr\/indexation\/agriculture-paysans\">Agriculture<\/a>. Son appel \u00e0 soutenir le trait\u00e9 de Maastricht (1992) marque le ralliement d\u2019une majorit\u00e9 de la droite au projet europ\u00e9en.<\/p>\n<blockquote>\n<p class=\"citation-small\">\u00ab\u00a0Dans une campagne, il faut aller chercher les \u00e9lecteurs avec les dents.\u00a0\u00bb<span id=\"3307\" class=\"cit-num\">3307<\/span><\/p>\n<p class=\"auteur\">Jacques <span class=\"caps\">CHIRAC<\/span> (1932-2019). <em>Le Dauphin et le r\u00e9gent<\/em> (1994), Catherine Nay<\/p>\n<\/blockquote>\n<p>M\u00e9taphore carnassi\u00e8re, sinon cannibale, qui sera reprise par Sarkozy. Chirac le battant annonce sa candidature \u00e0 la pr\u00e9sidentielle, fin 1994. Il voit venir la trahison, devance Balladur soutenu par Sarkozy\u2026 et part en campagne. Il va cibler les jeunes, avec un programme bas\u00e9 sur l\u2019\u00e9galit\u00e9 des chances, la justice, la fraternit\u00e9.<\/p>\n<blockquote>\n<p class=\"citation-small\">\u00ab\u00a0Une fracture sociale se creuse.\u00a0\u00bb<span id=\"3313\" class=\"cit-num\">3313<\/span><\/p>\n<p class=\"auteur\">Jacques <span class=\"caps\">CHIRAC<\/span> (1932-2019), Discours fondateur de sa campagne pr\u00e9sidentielle, 17\u00a0f\u00e9vrier 1995<\/p>\n<\/blockquote>\n<p>Henri Guaino, gaulliste social, lui a souffl\u00e9 l\u2019id\u00e9e, emprunt\u00e9e \u00e0 Marcel Gauchet, historien et philosophe de la lutte des classes. Encore faut-il mettre l\u2019id\u00e9e en situation, trouver les mots et le ton. Chirac y parvient, d\u00e9jouant tous les pronostics. Ce discours-programme cr\u00e9e un v\u00e9ritable espoir, chez les jeunes et dans les classes populaires. Le Pr\u00e9sident \u00e9lu creusera le sillon de la fameuse formule\u00a0: \u00ab\u00a0Aucune civilisation n\u2019a dur\u00e9, quand elle acceptait la fracture sociale des exclus.\u00a0\u00bb<\/p>\n<blockquote>\n<p class=\"citation-small\">\u00ab\u00a0Un chef, c\u2019est fait pour cheffer.\u00a0\u00bb<span id=\"3317\" class=\"cit-num\">3317<\/span><\/p>\n<p class=\"auteur\">Jacques <span class=\"caps\">CHIRAC<\/span> (1932-2019), <em>Le Figaro Magazine<\/em>, 20\u00a0juin 1992<\/p>\n<\/blockquote>\n<p>L\u2019autorit\u00e9 est une vertu premi\u00e8re, il le fera savoir, et de quelle mani\u00e8re\u00a0! Le mot le plus dur vise le ministre le plus populaire du gouvernement Raffarin, <a title=\"sarkozy citations\" href=\"http:\/\/www.histoire-en-citations.fr\/indexation\/sarkozy\">Nicolas Sarkozy<\/a>, qu\u2019il a \u00e9t\u00e9 oblig\u00e9 d\u2019accepter au poste le plus important \u2013 ministre d\u2019\u00c9tat, ministre de l\u2019\u00c9conomie, des Finances et de l\u2019Industrie, en mars\u00a02004. \u00ab\u00a0Je d\u00e9cide et il ex\u00e9cute.\u00a0\u00bb<\/p>\n<blockquote>\n<p class=\"citation-small\">\u00ab\u00a0Que voulez-vous, je suis Fran\u00e7ais, et j\u2019adore aller expliquer aux autres ce que je suis infoutu de faire chez moi.\u00a0\u00bb<span id=\"3320\" class=\"cit-num\">3320<\/span><\/p>\n<p class=\"auteur\">Jacques <span class=\"caps\">CHIRAC<\/span> (1932-2019), <em>Dans la peau de Jacques Chirac<\/em> (2006), Karl Z\u00e9ro et Michel Royer<\/p>\n<\/blockquote>\n<p>Ce c\u00f4t\u00e9 donneur de le\u00e7on remonte aux Lumi\u00e8res et \u00e0 la R\u00e9volution. Peu d\u2019hommes publics confessent ce travers parfois ridicule, notant d\u2019ailleurs\u00a0: \u00ab\u00a0En mati\u00e8re de politique internationale, on ne retient mes propos que si je dis une connerie.\u00a0\u00bb<\/p>\n<blockquote>\n<p class=\"citation-small\">\u00ab\u00a0Si vous saviez le plaisir que j\u2019ai pu \u00e9prouver \u00e0 passer pour un blaireau, surtout au milieu de corniauds.\u00a0\u00bb<span id=\"3321\" class=\"cit-num\">3321<\/span><\/p>\n<p class=\"auteur\">Jacques <span class=\"caps\">CHIRAC<\/span> (1932-2019), <em>Dans la peau de Jacques Chirac<\/em> (2006), Karl Z\u00e9ro et Michel Royer<\/p>\n<\/blockquote>\n<p>Aucun pr\u00e9sident n\u2019a tenu ce genre de propos\u00a0: \u00ab\u00a0Moi, vous savez, je n\u2019aime que deux choses\u00a0: la trompette de cavalerie et les romans policiers.\u00a0\u00bb Mais Chirac est plus cultiv\u00e9 qu\u2019il ne veut para\u00eetre, \u00e0 l\u2019inverse de tous ceux qui pratiquent la m\u00e9thode inverse. On apprend sa passion pour le sumo japonais et les arts premiers\u00a0: sp\u00e9cialiste des civilisations dites primitives, maire de Paris, il voulait leur consacrer un mus\u00e9e. Le Mus\u00e9e du quai Branly ouvre finalement, en 2006.<\/p>\n<blockquote>\n<p class=\"citation-small\">\u00ab\u00a0Notre maison br\u00fble et nous regardons ailleurs. La nature, mutil\u00e9e, surexploit\u00e9e, ne parvient plus \u00e0 se reconstituer et nous refusons de l\u2019admettre. L\u2019humanit\u00e9 souffre. Elle souffre de mal-d\u00e9veloppement, au nord comme au sud, et nous sommes indiff\u00e9rents. La Terre et l\u2019humanit\u00e9 sont en p\u00e9ril et nous en sommes tous responsables.\u00a0\u00bb<span id=\"3377\" class=\"cit-num\">3377<\/span><\/p>\n<p class=\"auteur\">Jacques <span class=\"caps\">CHIRAC<\/span> (1932-2019), Sommet mondial de Johannesburg, Afrique du Sud, 2\u00a0septembre 2002<\/p>\n<\/blockquote>\n<p>Discours bien \u00e9crit par Jean-Paul Del\u00e9age, physicien, g\u00e9opoliticien, ma\u00eetre de conf\u00e9rences universitaire, militant et historien de l\u2019\u00e9cologie. Le <a title=\"pr\u00e9sident citations\" href=\"http:\/\/www.histoire-en-citations.fr\/indexation\/president-de-la-republique\">pr\u00e9sident<\/a> fait passer le dernier message qui lui tient r\u00e9ellement \u00e0 c\u0153ur (raison d\u2019\u00eatre de sa Fondation). Forme et fond\u00a0: il faut les deux, une le\u00e7on de l\u2019Histoire \u00e0 m\u00e9diter pour les pr\u00e9sidents \u00e0 venir.<\/p>\n<\/div>\n<style>\r\n        a .cit-num {\r\n            text-decoration: none !important;\r\n            color: inherit !important;\r\n        }\r\n    <\/style>","protected":false},"excerpt":{"rendered":"<p>Nos pr\u00e9sidents se suivent et ne se ressemblent pas. Avec Chirac, grand fauve de la politique, personnage extraverti, ambitieux et roublard, la forme de la com prime sur le fond des messages. Communicant populaire \u00e0 l\u2019humour franc et franchouillard, orateur n\u00e9, il d\u00e9pend des conseillers dont il s\u2019entoure et sa cote a souffert des \u00ab\u00a0affaires\u00a0\u00bb. [&#8230;]<\/p>\n","protected":false},"author":1,"featured_media":0,"comment_status":"open","ping_status":"open","sticky":false,"template":"","format":"standard","meta":{"site-sidebar-layout":"default","site-content-layout":"","ast-site-content-layout":"default","site-content-style":"default","site-sidebar-style":"default","ast-global-header-display":"","ast-banner-title-visibility":"","ast-main-header-display":"","ast-hfb-above-header-display":"","ast-hfb-below-header-display":"","ast-hfb-mobile-header-display":"","site-post-title":"","ast-breadcrumbs-content":"","ast-featured-img":"","footer-sml-layout":"","theme-transparent-header-meta":"","adv-header-id-meta":"","stick-header-meta":"","header-above-stick-meta":"","header-main-stick-meta":"","header-below-stick-meta":"","astra-migrate-meta-layouts":"default","ast-page-background-enabled":"default","ast-page-background-meta":{"desktop":{"background-color":"var(--ast-global-color-5)","background-image":"","background-repeat":"repeat","background-position":"center center","background-size":"auto","background-attachment":"scroll","background-type":"","background-media":"","overlay-type":"","overlay-color":"","overlay-opacity":"","overlay-gradient":""},"tablet":{"background-color":"","background-image":"","background-repeat":"repeat","background-position":"center center","background-size":"auto","background-attachment":"scroll","background-type":"","background-media":"","overlay-type":"","overlay-color":"","overlay-opacity":"","overlay-gradient":""},"mobile":{"background-color":"","background-image":"","background-repeat":"repeat","background-position":"center center","background-size":"auto","background-attachment":"scroll","background-type":"","background-media":"","overlay-type":"","overlay-color":"","overlay-opacity":"","overlay-gradient":""}},"ast-content-background-meta":{"desktop":{"background-color":"var(--ast-global-color-4)","background-image":"","background-repeat":"repeat","background-position":"center center","background-size":"auto","background-attachment":"scroll","background-type":"","background-media":"","overlay-type":"","overlay-color":"","overlay-opacity":"","overlay-gradient":""},"tablet":{"background-color":"var(--ast-global-color-4)","background-image":"","background-repeat":"repeat","background-position":"center center","background-size":"auto","background-attachment":"scroll","background-type":"","background-media":"","overlay-type":"","overlay-color":"","overlay-opacity":"","overlay-gradient":""},"mobile":{"background-color":"var(--ast-global-color-4)","background-image":"","background-repeat":"repeat","background-position":"center center","background-size":"auto","background-attachment":"scroll","background-type":"","background-media":"","overlay-type":"","overlay-color":"","overlay-opacity":"","overlay-gradient":""}},"iawp_total_views":1,"footnotes":""},"categories":[1538],"tags":[],"class_list":["post-6439","post","type-post","status-publish","format-standard","hentry","category-chronique-cinquieme-republique-citation-du-jour-jacques-chirac"],"_links":{"self":[{"href":"https:\/\/histoire-en-citations.fr\/WP\/wp-json\/wp\/v2\/posts\/6439","targetHints":{"allow":["GET"]}}],"collection":[{"href":"https:\/\/histoire-en-citations.fr\/WP\/wp-json\/wp\/v2\/posts"}],"about":[{"href":"https:\/\/histoire-en-citations.fr\/WP\/wp-json\/wp\/v2\/types\/post"}],"author":[{"embeddable":true,"href":"https:\/\/histoire-en-citations.fr\/WP\/wp-json\/wp\/v2\/users\/1"}],"replies":[{"embeddable":true,"href":"https:\/\/histoire-en-citations.fr\/WP\/wp-json\/wp\/v2\/comments?post=6439"}],"version-history":[{"count":1,"href":"https:\/\/histoire-en-citations.fr\/WP\/wp-json\/wp\/v2\/posts\/6439\/revisions"}],"predecessor-version":[{"id":6441,"href":"https:\/\/histoire-en-citations.fr\/WP\/wp-json\/wp\/v2\/posts\/6439\/revisions\/6441"}],"wp:attachment":[{"href":"https:\/\/histoire-en-citations.fr\/WP\/wp-json\/wp\/v2\/media?parent=6439"}],"wp:term":[{"taxonomy":"category","embeddable":true,"href":"https:\/\/histoire-en-citations.fr\/WP\/wp-json\/wp\/v2\/categories?post=6439"},{"taxonomy":"post_tag","embeddable":true,"href":"https:\/\/histoire-en-citations.fr\/WP\/wp-json\/wp\/v2\/tags?post=6439"}],"curies":[{"name":"wp","href":"https:\/\/api.w.org\/{rel}","templated":true}]}}