{"id":6596,"date":"2018-10-10T00:00:00","date_gmt":"2018-10-09T22:00:00","guid":{"rendered":"https:\/\/histoire-en-citations.fr\/WP\/2025\/06\/26\/zola-un-jour-la-france-me-remerciera-davoir-aide-a-sauver-son-honneur\/"},"modified":"2025-08-12T08:43:55","modified_gmt":"2025-08-12T06:43:55","slug":"zola-un-jour-la-france-me-remerciera-davoir-aide-a-sauver-son-honneur","status":"publish","type":"post","link":"https:\/\/histoire-en-citations.fr\/WP\/zola-un-jour-la-france-me-remerciera-davoir-aide-a-sauver-son-honneur\/","title":{"rendered":"Zola : \u00ab Un jour la France me remerciera d&#039;avoir aid\u00e9 \u00e0 sauver son honneur.\u00a0\u00bb"},"content":{"rendered":"<div class=\"field-item even\">\n<p><a title=\"Second Empire citations\" href=\"https:\/\/histoire-en-citations.fr\/WP\/boutique-8\/\" target=\"_blank\" class=\"broken_link\"><img decoding=\"async\" src=\"https:\/\/histoire-en-citations.fr\/WP\/wp-content\/uploads\/2025\/06\/histoire-en-citations-volume-8-75.jpg\" alt=\"Second Empire citations\" title=\"Second Empire citations\" style=\"margin: 10px;float: left\" width=\"140\" height=\"187\"><\/a>Contemporains d\u2019Anatole France, pr\u00e9sents dans <em>l\u2019Histoire en citations<\/em>, chacun de ces noms s\u2019est illustr\u00e9 en litt\u00e9rature et en politique, \u00e0 commencer par Zola, romancier le plus populaire (apr\u00e8s Hugo qui est mort), mais aussi P\u00e9guy, Romain Rolland, Andr\u00e9 Breton, Paul Val\u00e9ry, Georges Bernanos.<\/p>\n<p><a title=\"Second Empire citations\" href=\"https:\/\/histoire-en-citations.fr\/WP\/boutique-8\/\" target=\"_blank\" class=\"broken_link\">Feuilletez notre Chronique sur la Troisi\u00e8me R\u00e9publique pour tout savoir.<\/a><\/p>\n<blockquote>\n<p class=\"citation\"><span class=\"enonce\">\u00ab\u00a0Un jour la France me remerciera d\u2019avoir aid\u00e9 \u00e0 sauver son honneur.\u00a0\u00bb<span id=\"2518\" class=\"cit-num\">2518<\/span><\/span><\/p>\n<p class=\"auteur\"><a title=\"zola citations\" href=\"https:\/\/histoire-en-citations.fr\/WP\/indexation\/\"><span data-href=\"\/auteurs\/emile-zola\"><span class=\"author\"><span class=\"surname\">\u00c9mile <\/span><span class=\"name\"><span class=\"caps\">ZOLA<\/span><\/span><\/span><\/span><\/a> (1840-1902), <cite>La V\u00e9rit\u00e9 en marche<\/cite>, d\u00e9claration au jury<\/p>\n<p class=\"source\"><cite><span class=\"caps\">L\u2019A<\/span>urore<\/cite>, 22 f\u00e9vrier 1898.<\/p>\n<\/blockquote>\n<p>Le proc\u00e8s Zola en cour d\u2019assises (7-21\u00a0f\u00e9vrier 1898) fit conna\u00eetre l\u2019affaire Dreyfus au monde entier. Formidable tribune pour l\u2019intellectuel converti aux doctrines socialistes et aux grandes id\u00e9es humanitaires\u00a0: \u00ab\u00a0Tout semble \u00eatre contre moi, les deux Chambres, le pouvoir civil, le pouvoir militaire, les journaux \u00e0 grand tirage, l\u2019opinion publique qu\u2019ils ont empoisonn\u00e9e. Et je n\u2019ai pour moi que l\u2019id\u00e9e, un id\u00e9al de v\u00e9rit\u00e9 et de justice. Et je suis bien tranquille, je vaincrai.\u00a0\u00bb C\u2019est vrai. Mais en attendant, Zola est condamn\u00e9 \u00e0 un an de prison et 3\u00a0000\u00a0francs d\u2019amende.<\/p>\n<blockquote>\n<p class=\"citation-small\">\u00ab\u00a0L\u2019ordre, et l\u2019ordre seul, fait en d\u00e9finitive la libert\u00e9. Le d\u00e9sordre fait la servitude.\u00a0\u00bb<span id=\"2540\" class=\"cit-num\">2540<\/span><\/p>\n<p class=\"auteur\">Charles <span class=\"caps\">P\u00c9GUY<\/span> (1873-1914), <em>Cahiers de la Quinzaine<\/em>, 5\u00a0novembre 1905<\/p>\n<\/blockquote>\n<p>Rejet\u00e9 de tous les groupes constitu\u00e9s, parce que patriote et dreyfusard, socialiste et chr\u00e9tien, suspect \u00e0 l\u2019\u00c9glise comme au parti socialiste, isol\u00e9 par son intransigeance et ignor\u00e9 jusqu\u2019\u00e0 sa mort du grand public, c\u2019est l\u2019un des rares intellectuels de l\u2019\u00e9poque \u00e9chappant aux \u00e9tiquettes. Voyant d\u2019abord pour seul \u00ab\u00a0rem\u00e8de au mal universel l\u2019\u00e9tablissement de la R\u00e9publique socialiste universelle\u00a0\u00bb, il cr\u00e9e ses <em>Cahiers de la Quinzaine<\/em> pour y traiter tous les probl\u00e8mes du temps.<\/p>\n<blockquote>\n<p class=\"citation-small\">\u00ab\u00a0Avec le prol\u00e9tariat, toutes les fois qu\u2019il respectera la v\u00e9rit\u00e9 et l\u2019humanit\u00e9. Contre le prol\u00e9tariat, toutes les fois qu\u2019il violera la v\u00e9rit\u00e9 et l\u2019humanit\u00e9.\u00a0\u00bb<span id=\"2642\" class=\"cit-num\">2642<\/span><\/p>\n<p class=\"auteur\">Romain <span class=\"caps\">ROLLAND<\/span> (1866-1944), \u00e0 Am\u00e9d\u00e9e Dunois, R\u00e9ponse \u00e0<em> l\u2019Humanit\u00e9<\/em> (1922)<\/p>\n<\/blockquote>\n<p>\u00c9crivain engag\u00e9 dans l\u2019action avec le c\u0153ur \u00e0 gauche, une sinc\u00e9rit\u00e9 n\u2019ayant d\u2019\u00e9gale que sa g\u00e9n\u00e9rosit\u00e9, mais un refus de tout embrigadement, une volont\u00e9 de conserver \u00ab\u00a0l\u2019ind\u00e9pendance de l\u2019esprit, d\u2019abord, et avant tout, et contre tout, co\u00fbte que co\u00fbte\u00a0\u00bb. D\u2019o\u00f9 son hostilit\u00e9 \u00e0 toute dictature et raison d\u2019\u00c9tat, maintes fois r\u00e9p\u00e9t\u00e9e \u00e0 ses amis communistes, et sa certitude que \u00ab\u00a0l\u2019esprit vraiment r\u00e9volutionnaire est arm\u00e9 aussi bien contre les pr\u00e9jug\u00e9s nouveaux de la R\u00e9volution prol\u00e9tarienne que contre les pr\u00e9jug\u00e9s anciens de la monarchie bourgeoise\u00a0\u00bb (<em>\u00c0 l\u2019Acad\u00e9mie de Moscou<\/em>, 1925).<\/p>\n<blockquote>\n<p class=\"citation-small\">\u00ab\u00a0Transformer le monde, a dit Marx. Changer la vie, a dit Rimbaud. Ces deux mots d\u2019ordre pour nous n\u2019en font qu\u2019un.\u00a0\u00bb<span id=\"2669\" class=\"cit-num\">2669<\/span><\/p>\n<p class=\"auteur\">Andr\u00e9 <span class=\"caps\">BRETON<\/span> (1896-1966), <em>Position politique du surr\u00e9alisme<\/em>, Discours au Congr\u00e8s des \u00e9crivains (1935)<\/p>\n<\/blockquote>\n<p>La politisation du mouvement surr\u00e9aliste est l\u2019une des raisons de son \u00e9clatement. Le \u00ab\u00a0pape\u00a0\u00bb du mouvement, au Parti communiste depuis 1927, entra\u00eena nombre de camarades, mais il rompt en 1935. \u00c0 l\u2019inverse, les po\u00e8tes \u00c9luard et Aragon demeurent fid\u00e8les \u00e0 l\u2019engagement et au communisme. \u00catre ou ne pas \u00eatre communiste, l\u2019\u00eatre ou ne pas l\u2019\u00eatre inconditionnellement, questions r\u00e9currentes que se posent nombre d\u2019artistes et d\u2019intellectuels, dans l\u2019entre-deux-guerres. La guerre \u00e0 venir, l\u2019attitude de la Russie sovi\u00e9tique et la R\u00e9sistance vont encore bouleverser les donn\u00e9es du probl\u00e8me.<\/p>\n<blockquote>\n<p class=\"citation-small\">\u00ab\u00a0Si l\u2019\u00c9tat est fort, il nous \u00e9crase. S\u2019il est faible, nous p\u00e9rissons.\u00a0\u00bb<span id=\"2630\" class=\"cit-num\">2630<\/span><\/p>\n<p class=\"auteur\">Paul <span class=\"caps\">VAL\u00c9RY<\/span> (1871-1945), <em>Regards sur le monde actuel<\/em>, \u00ab\u00a0Fluctuations sur la libert\u00e9\u00a0\u00bb (1938)<\/p>\n<\/blockquote>\n<p>Observateur toujours lucide des probl\u00e8mes qui se font drames de ce temps, il se refuse \u00e0 tout engagement politique, mais tire (dans cet ensemble de textes r\u00e9dig\u00e9s \u00e0 partir de 1930) une des le\u00e7ons de l\u2019histoire. Le dilemme est d\u2019autant plus terrible que la faiblesse des d\u00e9mocraties fait la force des dictatures.<\/p>\n<blockquote>\n<p class=\"citation-small\">\u00ab\u00a0Le monde ne vaut que par les extr\u00eames et ne dure que par les moyens\u00a0; il ne vaut que par les ultras et ne dure que par les mod\u00e9r\u00e9s.\u00a0\u00bb<span id=\"2846\" class=\"cit-num\">2846<\/span><\/p>\n<p class=\"auteur\">Andr\u00e9 <span class=\"caps\">SIEGFRIED<\/span> (1875-1959), citant Paul Val\u00e9ry (1871-1945), <em>De la Quatri\u00e8me \u00e0 la Cinqui\u00e8me R\u00e9publique au jour le jour<\/em> (1958)<\/p>\n<\/blockquote>\n<p>Telle est la loi de la pratique parlementaire dans les d\u00e9mocraties lib\u00e9rales, notamment sous la Troisi\u00e8me et la Quatri\u00e8me R\u00e9publiques\u00a0: les lib\u00e9raux de droite et du centre servent de forces d\u2019appoint, faisant pencher le fl\u00e9au tant\u00f4t \u00e0 gauche, tant\u00f4t \u00e0 droite, d\u2019o\u00f9 les majorit\u00e9s fragiles et fluctuantes.<\/p>\n<blockquote>\n<p class=\"citation-small\">\u00ab\u00a0Le nationalisme [\u2026] quel chemin il a fait [\u2026] Les puissants ma\u00eetres de l\u2019or et de l\u2019opinion universelle l\u2019ont vite arrach\u00e9 aux mains des philosophes et des po\u00e8tes. Ma Lorraine\u00a0! ma Provence\u00a0! ma Terre\u00a0! mes Morts\u00a0! Ils disaient\u00a0: mes phosphates, mes p\u00e9troles, mon fer.\u00a0\u00bb<span id=\"2694\" class=\"cit-num\">2694<\/span><\/p>\n<p class=\"auteur\">Georges <span class=\"caps\">BERNANOS<\/span> (1888-1948),<em> Les Grands Cimeti\u00e8res sous la lune<\/em> (1938)<\/p>\n<\/blockquote>\n<p>Catholique lorrain n\u00e9 \u00e0 Paris et monarchiste militant \u00e0 l\u2019Action fran\u00e7aise avant la guerre de 1914, r\u00e9form\u00e9, engag\u00e9 volontaire pour la guerre dans les tranch\u00e9es, Bernanos conna\u00eet un grand succ\u00e8s de romancier, tout en d\u00e9non\u00e7ant <em>La Grande Peur des bien-pensants<\/em> (1930), c\u2019est-\u00e0-dire la faillite de la <a title=\"bourgeoisie citations\" href=\"https:\/\/histoire-en-citations.fr\/WP\/bourgeois-bourgeoisie\/\">bourgeoisie<\/a> fran\u00e7aise. Il r\u00e9cidive huit ans apr\u00e8s, s\u2019\u00e9levant contre son mat\u00e9rialisme avec une violence de pamphl\u00e9taire.<\/p>\n<\/div>\n<style>\r\n        a .cit-num {\r\n            text-decoration: none !important;\r\n            color: inherit !important;\r\n        }\r\n    <\/style>","protected":false},"excerpt":{"rendered":"<p>Contemporains d\u2019Anatole France, pr\u00e9sents dans l\u2019Histoire en citations, chacun de ces noms s\u2019est illustr\u00e9 en litt\u00e9rature et en politique, \u00e0 commencer par Zola, romancier le plus populaire (apr\u00e8s Hugo qui est mort), mais aussi P\u00e9guy, Romain Rolland, Andr\u00e9 Breton, Paul Val\u00e9ry, Georges Bernanos. Feuilletez notre Chronique sur la Troisi\u00e8me R\u00e9publique pour tout savoir. \u00ab\u00a0Un jour [&#8230;]<\/p>\n","protected":false},"author":1,"featured_media":0,"comment_status":"open","ping_status":"open","sticky":false,"template":"","format":"standard","meta":{"site-sidebar-layout":"default","site-content-layout":"","ast-site-content-layout":"default","site-content-style":"default","site-sidebar-style":"default","ast-global-header-display":"","ast-banner-title-visibility":"","ast-main-header-display":"","ast-hfb-above-header-display":"","ast-hfb-below-header-display":"","ast-hfb-mobile-header-display":"","site-post-title":"","ast-breadcrumbs-content":"","ast-featured-img":"","footer-sml-layout":"","theme-transparent-header-meta":"","adv-header-id-meta":"","stick-header-meta":"","header-above-stick-meta":"","header-main-stick-meta":"","header-below-stick-meta":"","astra-migrate-meta-layouts":"default","ast-page-background-enabled":"default","ast-page-background-meta":{"desktop":{"background-color":"var(--ast-global-color-5)","background-image":"","background-repeat":"repeat","background-position":"center center","background-size":"auto","background-attachment":"scroll","background-type":"","background-media":"","overlay-type":"","overlay-color":"","overlay-opacity":"","overlay-gradient":""},"tablet":{"background-color":"","background-image":"","background-repeat":"repeat","background-position":"center center","background-size":"auto","background-attachment":"scroll","background-type":"","background-media":"","overlay-type":"","overlay-color":"","overlay-opacity":"","overlay-gradient":""},"mobile":{"background-color":"","background-image":"","background-repeat":"repeat","background-position":"center center","background-size":"auto","background-attachment":"scroll","background-type":"","background-media":"","overlay-type":"","overlay-color":"","overlay-opacity":"","overlay-gradient":""}},"ast-content-background-meta":{"desktop":{"background-color":"var(--ast-global-color-4)","background-image":"","background-repeat":"repeat","background-position":"center center","background-size":"auto","background-attachment":"scroll","background-type":"","background-media":"","overlay-type":"","overlay-color":"","overlay-opacity":"","overlay-gradient":""},"tablet":{"background-color":"var(--ast-global-color-4)","background-image":"","background-repeat":"repeat","background-position":"center center","background-size":"auto","background-attachment":"scroll","background-type":"","background-media":"","overlay-type":"","overlay-color":"","overlay-opacity":"","overlay-gradient":""},"mobile":{"background-color":"var(--ast-global-color-4)","background-image":"","background-repeat":"repeat","background-position":"center center","background-size":"auto","background-attachment":"scroll","background-type":"","background-media":"","overlay-type":"","overlay-color":"","overlay-opacity":"","overlay-gradient":""}},"iawp_total_views":12,"footnotes":""},"categories":[1627],"tags":[],"class_list":["post-6596","post","type-post","status-publish","format-standard","hentry","category-chronique-citation-du-jour-emile-zola-troisieme-republique"],"_links":{"self":[{"href":"https:\/\/histoire-en-citations.fr\/WP\/wp-json\/wp\/v2\/posts\/6596","targetHints":{"allow":["GET"]}}],"collection":[{"href":"https:\/\/histoire-en-citations.fr\/WP\/wp-json\/wp\/v2\/posts"}],"about":[{"href":"https:\/\/histoire-en-citations.fr\/WP\/wp-json\/wp\/v2\/types\/post"}],"author":[{"embeddable":true,"href":"https:\/\/histoire-en-citations.fr\/WP\/wp-json\/wp\/v2\/users\/1"}],"replies":[{"embeddable":true,"href":"https:\/\/histoire-en-citations.fr\/WP\/wp-json\/wp\/v2\/comments?post=6596"}],"version-history":[{"count":2,"href":"https:\/\/histoire-en-citations.fr\/WP\/wp-json\/wp\/v2\/posts\/6596\/revisions"}],"predecessor-version":[{"id":13139,"href":"https:\/\/histoire-en-citations.fr\/WP\/wp-json\/wp\/v2\/posts\/6596\/revisions\/13139"}],"wp:attachment":[{"href":"https:\/\/histoire-en-citations.fr\/WP\/wp-json\/wp\/v2\/media?parent=6596"}],"wp:term":[{"taxonomy":"category","embeddable":true,"href":"https:\/\/histoire-en-citations.fr\/WP\/wp-json\/wp\/v2\/categories?post=6596"},{"taxonomy":"post_tag","embeddable":true,"href":"https:\/\/histoire-en-citations.fr\/WP\/wp-json\/wp\/v2\/tags?post=6596"}],"curies":[{"name":"wp","href":"https:\/\/api.w.org\/{rel}","templated":true}]}}