{"id":6614,"date":"2018-10-06T00:00:00","date_gmt":"2018-10-05T22:00:00","guid":{"rendered":"https:\/\/histoire-en-citations.fr\/WP\/2025\/06\/26\/aujourdhui-ou-demain-envers-et-contre-tous-le-traitre-de-gaulle-sera-abattu-comme-un-chien-enrage\/"},"modified":"2025-08-12T08:43:55","modified_gmt":"2025-08-12T06:43:55","slug":"aujourdhui-ou-demain-envers-et-contre-tous-le-traitre-de-gaulle-sera-abattu-comme-un-chien-enrage","status":"publish","type":"post","link":"https:\/\/histoire-en-citations.fr\/WP\/aujourdhui-ou-demain-envers-et-contre-tous-le-traitre-de-gaulle-sera-abattu-comme-un-chien-enrage\/","title":{"rendered":"\u00ab Aujourd&#039;hui ou demain, envers et contre tous, le tra\u00eetre de Gaulle sera abattu comme un chien enrag\u00e9.\u00a0\u00bb"},"content":{"rendered":"<div class=\"field-item even\">\n<p><a title=\"citations histoire \" href=\"https:\/\/histoire-en-citations.fr\/WP\/boutique-10\/\" target=\"_blank\" class=\"broken_link\"><img decoding=\"async\" src=\"https:\/\/histoire-en-citations.fr\/WP\/wp-content\/uploads\/2025\/06\/histoire-en-citations-volume-10-27.jpg\" alt=\"citations histoire \" title=\"citations histoire \" style=\"margin: 10px;float: left\" width=\"150\" height=\"200\"><\/a>L\u2019\u00e9lection du pr\u00e9sident au suffrage universel direct est la premi\u00e8re r\u00e9forme constitutionnelle majeure, voulue par de Gaulle pour asseoir le pouvoir du chef de l\u2019\u00c9tat \u2013 il pense surtout \u00e0 son successeur et donc \u00e0 la France. La vie politique, d\u00e9j\u00e0 stabilis\u00e9e par les nouvelles institutions, va en \u00eatre chang\u00e9e. Nous reviendrons sur le fonctionnement de cette Constitution r\u00e9form\u00e9e (par r\u00e9f\u00e9rendum du 28 octobre 1962).<\/p>\n<p><a title=\"citations histoire \" href=\"https:\/\/histoire-en-citations.fr\/WP\/boutique-10\/\" target=\"_blank\" class=\"broken_link\">Feuilletez la Chronique sur la Ve R\u00e9publique pour en savoir plus.<\/a><\/p>\n<blockquote>\n<p class=\"citation\"><span class=\"enonce\">\u00ab\u00a0Aujourd\u2019hui ou demain, envers et contre tous, le tra\u00eetre de\u00a0Gaulle sera abattu comme un chien enrag\u00e9.\u00a0\u00bb<span id=\"3010\" class=\"cit-num\">3010<\/span><\/span><\/p>\n<p class=\"auteur\">Tract <span class=\"caps\">CNR<\/span> (nouveau Conseil national de la r\u00e9sistance, cr\u00e9\u00e9 par l\u2019<span class=\"caps\">OAS<\/span>) re\u00e7u par tous les d\u00e9put\u00e9s, apr\u00e8s l\u2019attentat du Petit-Clamart, ao\u00fbt\u00a01962<\/p>\n<p class=\"source\"><cite>Chronique des ann\u00e9es soixante<\/cite> (1990), Michel Winock.<\/p>\n<\/blockquote>\n<p>C\u2019est une retomb\u00e9e de la guerre d\u2019Alg\u00e9rie. De Gaulle \u00e9chappe par miracle \u00e0 l\u2019attentat, le soir du 22\u00a0ao\u00fbt, au carrefour du Petit-Clamart, pr\u00e8s de l\u2019a\u00e9roport militaire de Villacoublay. Sa <span class=\"caps\">DS<\/span>\u00a019 est cribl\u00e9e de 150 balles et seul le sang-froid du chauffeur, acc\u00e9l\u00e9rant malgr\u00e9 les pneus crev\u00e9s, a sauv\u00e9 la vie au g\u00e9n\u00e9ral et \u00e0 Mme\u00a0de Gaulle. Condamn\u00e9 \u00e0 mort par la Cour militaire de justice, le lieutenant-colonel Bastien-Thiry, chef du commando et partisan de l\u2019Alg\u00e9rie fran\u00e7aise, est fusill\u00e9 le 11\u00a0mars 1963 \u2013 dernier cas en France.<\/p>\n<p>D\u00e8s le lendemain de l\u2019attentat, de Gaulle profite de l\u2019\u00e9motion des Fran\u00e7ais pour faire passer une r\u00e9forme qui lui tient \u00e0 c\u0153ur\u00a0: l\u2019\u00e9lection du pr\u00e9sident au suffrage universel. S\u2019il devait mourir, cela donnerait plus de poids \u00e0 son successeur et plus de l\u00e9gitimit\u00e9. Tous les partis sont contre, sauf le parti gaulliste (<span class=\"caps\">UNR<\/span>) et une minorit\u00e9 d\u2019ind\u00e9pendants (Giscard d\u2019Estaing en t\u00eate). Le seul pr\u00e9c\u00e9dent historique est f\u00e2cheux\u00a0: <a title=\"louis napol\u00e9on bonaparte citations\" href=\"https:\/\/histoire-en-citations.fr\/WP\/napoleon-iii\/\">Louis-Napol\u00e9on Bonaparte<\/a>, \u00e9lu du suffrage universel, transforma vite ce coup d\u2019essai en coup d\u2019\u00c9tat. De Gaulle annonce un r\u00e9f\u00e9rendum pour le 28\u00a0octobre.<\/p>\n<blockquote>\n<p class=\"citation-small\">\u00ab\u00a0Pour nous, R\u00e9publicains, la France est ici [dans l\u2019h\u00e9micycle] et non ailleurs. Penser autrement, ce serait douter de la R\u00e9publique.\u00a0\u00bb<span id=\"3011\" class=\"cit-num\">3011<\/span><\/p>\n<p class=\"auteur\">Paul <span class=\"caps\">REYNAUD<\/span> (1878-1966), Assembl\u00e9e nationale, 4\u00a0octobre 1962<\/p>\n<\/blockquote>\n<p>La Cinqui\u00e8me est un r\u00e9gime dont le caract\u00e8re pr\u00e9sidentiel va se renforcer avec l\u2019\u00e9lection du pr\u00e9sident au suffrage universel, au d\u00e9triment de l\u2019Assembl\u00e9e nationale. Un r\u00e9f\u00e9rendum doit d\u00e9cider de cette modification constitutionnelle. Ce jour-l\u00e0, Paul Reynaud, oppos\u00e9 \u00e0 ce projet, exprime pour la derni\u00e8re fois la vision ultra-repr\u00e9sentative de la souverainet\u00e9 parlementaire, qui domina la Troisi\u00e8me et la Quatri\u00e8me R\u00e9publiques.<\/p>\n<blockquote>\n<p class=\"citation-small\">\u00ab\u00a0La Constitution est viol\u00e9e.\u00a0\u00bb<span id=\"3012\" class=\"cit-num\">3012<\/span><\/p>\n<p class=\"auteur\">Gaston <span class=\"caps\">MONNERVILLE<\/span> (1897-1991), pr\u00e9sident du S\u00e9nat, 9\u00a0octobre 1962<\/p>\n<\/blockquote>\n<p>Le deuxi\u00e8me personnage de l\u2019\u00c9tat accuse le premier. Il y a un pr\u00e9texte de forme\u00a0: l\u2019utilisation de l\u2019article\u00a011 au lieu de l\u2019article\u00a089 de la Constitution pour instituer l\u2019\u00e9lection du pr\u00e9sident de la R\u00e9publique au suffrage universel. La vraie critique est de fond\u00a0: la r\u00e9forme prive les s\u00e9nateurs (joints aux d\u00e9put\u00e9s) de la pr\u00e9rogative d\u2019\u00e9lire le chef de l\u2019\u00c9tat. Monnerville, homme d\u2019ordinaire nuanc\u00e9, use de mots tr\u00e8s durs, comme au Congr\u00e8s radical de Vichy (fin septembre)\u00a0: \u00ab\u00a0Violation d\u00e9lib\u00e9r\u00e9e, voulue, r\u00e9fl\u00e9chie, outrageante de la Constitution [\u2026] Arbitraire [\u2026] Forfaiture du Premier ministre.\u00a0\u00bb D\u2019o\u00f9 la rupture d\u00e9finitive entre le S\u00e9nat et le g\u00e9n\u00e9ral de Gaulle.<\/p>\n<blockquote>\n<p class=\"citation-small\">\u00ab\u00a0Si votre r\u00e9ponse est \u00ab\u00a0non\u00a0\u00bb, comme le voudraient tous les anciens partis afin de r\u00e9tablir le r\u00e9gime de malheur, ainsi que tous les factieux pour se lancer dans la subversion, de m\u00eame si la majorit\u00e9 des \u00ab\u00a0oui\u00a0\u00bb est faible, m\u00e9diocre et al\u00e9atoire, il est bien \u00e9vident que ma t\u00e2che sera termin\u00e9e aussit\u00f4t et sans retour.\u00a0\u00bb<span id=\"3013\" class=\"cit-num\">3013<\/span><\/p>\n<p class=\"auteur\"><a title=\"de gaulle citations\" href=\"https:\/\/histoire-en-citations.fr\/WP\/indexation-2\/\">Charles de <span class=\"caps\">GAULLE<\/span><\/a> (1890-1970), Discours, 18\u00a0octobre 1962<\/p>\n<\/blockquote>\n<p>C\u2019en est fini du consensus existant depuis 1958\u00a0! Il n\u2019y a plus de guerre d\u2019Alg\u00e9rie pour souder la majorit\u00e9 parlementaire. Le \u00ab\u00a0cartel des Non\u00a0\u00bb \u00e0 de Gaulle regroupe tous les \u00ab\u00a0vieux partis\u00a0\u00bb\u00a0; \u00e0 la fronde parlementaire s\u2019ajoute l\u2019hostilit\u00e9 ouverte des juristes. R\u00e9sultat\u00a0? Le \u00ab\u00a0oui\u00a0\u00bb au r\u00e9f\u00e9rendum pour l\u2019\u00e9lection du pr\u00e9sident de la R\u00e9publique au suffrage universel repr\u00e9sentera 62,25\u00a0% des suffrages exprim\u00e9s. Donc, \u00e7a passe quand m\u00eame\u00a0!<\/p>\n<blockquote>\n<p class=\"citation-small\">\u00ab\u00a0Vous avez scell\u00e9 la condamnation du r\u00e9gime d\u00e9sastreux des partis.\u00a0\u00bb<span id=\"3014\" class=\"cit-num\">3014<\/span><\/p>\n<p class=\"auteur\"><a title=\"de gaulle citations\" href=\"https:\/\/histoire-en-citations.fr\/WP\/indexation-2\/\">Charles de <span class=\"caps\">GAULLE<\/span><\/a> (1890-1970), Allocution radiot\u00e9l\u00e9vis\u00e9e, 7\u00a0novembre 1962<\/p>\n<\/blockquote>\n<p>Le pr\u00e9sident de la R\u00e9publique prend acte du \u00ab\u00a0oui\u00a0\u00bb et se satisfait d\u2019un taux d\u2019approbation plut\u00f4t moyen \u00e0 son <a title=\"r\u00e9f\u00e9rendum citations\" href=\"https:\/\/histoire-en-citations.fr\/WP\/referendum-et-plebiscite\/\">r\u00e9f\u00e9rendum<\/a>. Sans faire de politique-fiction, il serait sans doute tr\u00e8s sup\u00e9rieur aujourd\u2019hui, tant les Fran\u00e7ais se sont appropri\u00e9 cette \u00e9lection de leur pr\u00e9sident.<\/p>\n<p>Dans l\u2019\u00e9lan, de Gaulle annonce les prochaines \u00e9lections des 18 et 25\u00a0novembre. C\u2019est un triomphe\u00a0: 233 membres sur 482 si\u00e8ges \u00e0 l\u2019Assembl\u00e9e pour l\u2019<span class=\"caps\">UNR<\/span> (Union pour la Nouvelle R\u00e9publique). Aucun parti en France n\u2019a fait un tel score, depuis la Lib\u00e9ration. Entre les deux tours, de Gaulle dit en Conseil des ministres\u00a0: \u00ab\u00a0J\u2019ai d\u00e9clar\u00e9 la guerre aux partis. Je me garde bien de d\u00e9clarer la guerre aux chefs des partis. Les partis sont irr\u00e9cup\u00e9rables. Mais les chefs de partis ne demandent qu\u2019\u00e0 \u00eatre r\u00e9cup\u00e9r\u00e9s\u2026 Il leur suffit de r\u00e9cup\u00e9rer un portefeuille.\u00a0\u00bb Le g\u00e9n\u00e9ral \u00e9tait aussi un grand politicien.<\/p>\n<\/div>\n<style>\r\n        a .cit-num {\r\n            text-decoration: none !important;\r\n            color: inherit !important;\r\n        }\r\n    <\/style>","protected":false},"excerpt":{"rendered":"<p>L\u2019\u00e9lection du pr\u00e9sident au suffrage universel direct est la premi\u00e8re r\u00e9forme constitutionnelle majeure, voulue par de Gaulle pour asseoir le pouvoir du chef de l\u2019\u00c9tat &#8211; il pense surtout \u00e0 son successeur et donc \u00e0 la France. La vie politique, d\u00e9j\u00e0 stabilis\u00e9e par les nouvelles institutions, va en \u00eatre chang\u00e9e. Nous reviendrons sur le fonctionnement [&#8230;]<\/p>\n","protected":false},"author":1,"featured_media":0,"comment_status":"open","ping_status":"open","sticky":false,"template":"","format":"standard","meta":{"site-sidebar-layout":"default","site-content-layout":"","ast-site-content-layout":"default","site-content-style":"default","site-sidebar-style":"default","ast-global-header-display":"","ast-banner-title-visibility":"","ast-main-header-display":"","ast-hfb-above-header-display":"","ast-hfb-below-header-display":"","ast-hfb-mobile-header-display":"","site-post-title":"","ast-breadcrumbs-content":"","ast-featured-img":"","footer-sml-layout":"","theme-transparent-header-meta":"","adv-header-id-meta":"","stick-header-meta":"","header-above-stick-meta":"","header-main-stick-meta":"","header-below-stick-meta":"","astra-migrate-meta-layouts":"default","ast-page-background-enabled":"default","ast-page-background-meta":{"desktop":{"background-color":"var(--ast-global-color-5)","background-image":"","background-repeat":"repeat","background-position":"center center","background-size":"auto","background-attachment":"scroll","background-type":"","background-media":"","overlay-type":"","overlay-color":"","overlay-opacity":"","overlay-gradient":""},"tablet":{"background-color":"","background-image":"","background-repeat":"repeat","background-position":"center center","background-size":"auto","background-attachment":"scroll","background-type":"","background-media":"","overlay-type":"","overlay-color":"","overlay-opacity":"","overlay-gradient":""},"mobile":{"background-color":"","background-image":"","background-repeat":"repeat","background-position":"center center","background-size":"auto","background-attachment":"scroll","background-type":"","background-media":"","overlay-type":"","overlay-color":"","overlay-opacity":"","overlay-gradient":""}},"ast-content-background-meta":{"desktop":{"background-color":"var(--ast-global-color-4)","background-image":"","background-repeat":"repeat","background-position":"center center","background-size":"auto","background-attachment":"scroll","background-type":"","background-media":"","overlay-type":"","overlay-color":"","overlay-opacity":"","overlay-gradient":""},"tablet":{"background-color":"var(--ast-global-color-4)","background-image":"","background-repeat":"repeat","background-position":"center center","background-size":"auto","background-attachment":"scroll","background-type":"","background-media":"","overlay-type":"","overlay-color":"","overlay-opacity":"","overlay-gradient":""},"mobile":{"background-color":"var(--ast-global-color-4)","background-image":"","background-repeat":"repeat","background-position":"center center","background-size":"auto","background-attachment":"scroll","background-type":"","background-media":"","overlay-type":"","overlay-color":"","overlay-opacity":"","overlay-gradient":""}},"iawp_total_views":37,"footnotes":""},"categories":[1535],"tags":[],"class_list":["post-6614","post","type-post","status-publish","format-standard","hentry","category-chronique-cinquieme-republique-citation-du-jour"],"_links":{"self":[{"href":"https:\/\/histoire-en-citations.fr\/WP\/wp-json\/wp\/v2\/posts\/6614","targetHints":{"allow":["GET"]}}],"collection":[{"href":"https:\/\/histoire-en-citations.fr\/WP\/wp-json\/wp\/v2\/posts"}],"about":[{"href":"https:\/\/histoire-en-citations.fr\/WP\/wp-json\/wp\/v2\/types\/post"}],"author":[{"embeddable":true,"href":"https:\/\/histoire-en-citations.fr\/WP\/wp-json\/wp\/v2\/users\/1"}],"replies":[{"embeddable":true,"href":"https:\/\/histoire-en-citations.fr\/WP\/wp-json\/wp\/v2\/comments?post=6614"}],"version-history":[{"count":2,"href":"https:\/\/histoire-en-citations.fr\/WP\/wp-json\/wp\/v2\/posts\/6614\/revisions"}],"predecessor-version":[{"id":13142,"href":"https:\/\/histoire-en-citations.fr\/WP\/wp-json\/wp\/v2\/posts\/6614\/revisions\/13142"}],"wp:attachment":[{"href":"https:\/\/histoire-en-citations.fr\/WP\/wp-json\/wp\/v2\/media?parent=6614"}],"wp:term":[{"taxonomy":"category","embeddable":true,"href":"https:\/\/histoire-en-citations.fr\/WP\/wp-json\/wp\/v2\/categories?post=6614"},{"taxonomy":"post_tag","embeddable":true,"href":"https:\/\/histoire-en-citations.fr\/WP\/wp-json\/wp\/v2\/tags?post=6614"}],"curies":[{"name":"wp","href":"https:\/\/api.w.org\/{rel}","templated":true}]}}