{"id":6621,"date":"2018-10-04T00:00:00","date_gmt":"2018-10-03T22:00:00","guid":{"rendered":"https:\/\/histoire-en-citations.fr\/WP\/2025\/06\/26\/de-gaulle-guide-de-la-france-et-chef-de-letat-republicain-jexercerai-le-pouvoir-supreme-dans-toute-letendue-quil-comporte-desormais\/"},"modified":"2025-08-12T08:43:55","modified_gmt":"2025-08-12T06:43:55","slug":"de-gaulle-guide-de-la-france-et-chef-de-letat-republicain-jexercerai-le-pouvoir-supreme-dans-toute-letendue-quil-comporte-desormais","status":"publish","type":"post","link":"https:\/\/histoire-en-citations.fr\/WP\/de-gaulle-guide-de-la-france-et-chef-de-letat-republicain-jexercerai-le-pouvoir-supreme-dans-toute-letendue-quil-comporte-desormais\/","title":{"rendered":"De Gaulle : \u00ab Guide de la France, et chef de l&#039;\u00c9tat r\u00e9publicain, j&#039;exercerai le pouvoir supr\u00eame dans toute l&#039;\u00e9tendue qu&#039;il comporte d\u00e9sormais.\u00a0\u00bb"},"content":{"rendered":"<div class=\"field-item even\">\n<p><a title=\"citations histoire \" href=\"https:\/\/histoire-en-citations.fr\/WP\/boutique-10\/\" target=\"_blank\" class=\"broken_link\"><img decoding=\"async\" src=\"https:\/\/histoire-en-citations.fr\/WP\/wp-content\/uploads\/2025\/06\/histoire-en-citations-volume-10-29.jpg\" alt=\"citations histoire \" title=\"citations histoire \" style=\"margin: 10px;float: left\" width=\"150\" height=\"200\"><\/a>Cinqui\u00e8me R\u00e9publique. N\u00e9e sous le signe du gaullisme avec la Constitution du 4 octobre 1958, elle est logiquement influenc\u00e9e par le personnage national appel\u00e9 au secours de la R\u00e9publique en p\u00e9ril (en pleine guerre civile alg\u00e9rienne). Elle cr\u00e9e un r\u00e9gime pr\u00e9sidentiel et occulte le Premier ministre \u2013 jusqu\u2019au d\u00e9part du g\u00e9n\u00e9ral de Gaulle, \u00e0 partir de 1969.<\/p>\n<p><a title=\"citations histoire \" href=\"https:\/\/histoire-en-citations.fr\/WP\/boutique-10\/\" target=\"_blank\" class=\"broken_link\">Feuilletez la Chronique sur la Ve R\u00e9publique pour en savoir plus.<\/a><\/p>\n<blockquote>\n<p class=\"citation\"><span class=\"enonce\">\u00ab\u00a0Guide de la France, et chef de l\u2019\u00c9tat r\u00e9publicain, j\u2019exercerai le pouvoir supr\u00eame dans toute l\u2019\u00e9tendue qu\u2019il comporte d\u00e9sormais.\u00a0\u00bb<span id=\"2982\" class=\"cit-num\">2982<\/span><\/span><\/p>\n<p class=\"auteur\"><a title=\"de gaulle citations\" href=\"https:\/\/histoire-en-citations.fr\/WP\/indexation-2\/\"><span data-href=\"\/auteurs\/charles-de-gaulle\"><span class=\"author\"><span class=\"surname\">Charles de <\/span><span class=\"name\"><span class=\"caps\">GAULLE<\/span><\/span><\/span><\/span><\/a> (1890-1970), D\u00e9claration radiot\u00e9l\u00e9vis\u00e9e, 28\u00a0d\u00e9cembre 1958<\/p>\n<p class=\"source\"><cite>Les Id\u00e9es constitutionnelles du g\u00e9n\u00e9ral de\u00a0Gaulle<\/cite> (1974), Jean Louis Debr\u00e9, Charles de\u00a0Gaulle.<\/p>\n<\/blockquote>\n<p class=\"ressi\">Il vient d\u2019\u00eatre \u00e9lu pr\u00e9sident de la R\u00e9publique, le 21\u00a0d\u00e9cembre. La nouvelle Constitution, ratifi\u00e9e par le r\u00e9f\u00e9rendum du 28\u00a0septembre avec pr\u00e8s de 80\u00a0% de oui et promulgu\u00e9e le 4\u00a0octobre, fonde le nouveau r\u00e9gime (pr\u00e9sidentiel) de la Cinqui\u00e8me R\u00e9publique, confiant au chef de l\u2019\u00c9tat les quatre attributions fondamentales, sans aucune obligation de contreseing minist\u00e9riel\u00a0: nomination du Premier ministre, dissolution de l\u2019Assembl\u00e9e nationale, recours au r\u00e9f\u00e9rendum et mise en jeu des pouvoirs sp\u00e9ciaux en cas de crise. \u00ab\u00a0Ch\u00e8que en blanc\u00a0\u00bb, titre <em>Le\u00a0Monde<\/em>, journal d\u2019opposition.<\/p>\n<blockquote>\n<p class=\"citation-small\">\u00ab\u00a0Un des caract\u00e8res essentiels de la Constitution de la Ve\u00a0R\u00e9publique, c\u2019est qu\u2019elle donne une t\u00eate \u00e0 l\u2019\u00c9tat.\u00a0\u00bb<span id=\"2932\" class=\"cit-num\">2932<\/span><\/p>\n<p class=\"auteur\">Charles de <span class=\"caps\">GAULLE<\/span> (1890-1970), Conf\u00e9rence de presse, 20\u00a0septembre 1962<\/p>\n<\/blockquote>\n<p class=\"ressi\">Cette autorit\u00e9 qui a tant manqu\u00e9 \u00e0 la pr\u00e9c\u00e9dente R\u00e9publique \u00e9tait indispensable pour r\u00e9gler \u00ab\u00a0les trois affaires qui dominent notre situation\u00a0: l\u2019Alg\u00e9rie, l\u2019\u00e9quilibre financier et \u00e9conomique, la r\u00e9forme de l\u2019\u00c9tat\u00a0\u00bb, dira de Gaulle \u00e0 la radio, peu de temps apr\u00e8s son arriv\u00e9e au pouvoir en 1958. Ajoutons qu\u2019il y aura quasi-identification entre cette R\u00e9publique et cette t\u00eate, aussi longtemps que de Gaulle en sera le pr\u00e9sident.<\/p>\n<p><a title=\"mitterrand citations\" href=\"https:\/\/histoire-en-citations.fr\/WP\/mitterrand\/\">Mitterrand<\/a>, son principal opposant, donne sa version institutionnelle dans un pamphlet ouvertement anti-gaulliste\u00a0: \u00ab\u00a0Qu\u2019est-ce que la Ve\u00a0R\u00e9publique, sinon la possession du pouvoir par un seul homme dont la moindre d\u00e9faillance est guett\u00e9e avec une \u00e9gale attention par ses adversaires et par le clan de ses amis\u00a0?\u00a0\u00bb (<em>Le Coup d\u2019\u00c9tat permanent<\/em>, 1964).<\/p>\n<blockquote>\n<p class=\"citation-small\">\u00ab\u00a0Tout de m\u00eame qu\u2019\u00e0 bord du navire l\u2019antique exp\u00e9rience des marins veut qu\u2019un second ait son r\u00f4le \u00e0 lui \u00e0 c\u00f4t\u00e9 du commandant, ainsi dans notre nouvelle R\u00e9publique, l\u2019ex\u00e9cutif comporte-t-il apr\u00e8s le pr\u00e9sident vou\u00e9 \u00e0 ce qui est essentiel et permanent un Premier ministre aux prises avec les contingences.\u00a0\u00bb<span id=\"2936\" class=\"cit-num\">2936<\/span><\/p>\n<p class=\"auteur\">Charles de <span class=\"caps\">GAULLE<\/span> (1890-1970), <em>M\u00e9moires d\u2019espoir<\/em>, tome I,<em> Le renouveau, 1958-1962<\/em> (1970)<\/p>\n<\/blockquote>\n<p class=\"ressi\">Division du travail et probl\u00e8me fondamental du fonctionnement de nos institutions, avec l\u2019existence d\u2019un \u00ab\u00a0domaine r\u00e9serv\u00e9\u00a0\u00bb au chef de l\u2019\u00c9tat, cependant que le \u00ab\u00a0second\u00a0\u00bb, qui n\u2019est plus pr\u00e9sident du Conseil, mais seulement le Premier des ministres de son gouvernement, g\u00e8re le quotidien, r\u00f4le moins prestigieux et plus ingrat.<\/p>\n<blockquote>\n<p class=\"citation-small\">\u00ab\u00a0\u00catre, avoir \u00e9t\u00e9 le premier collaborateur du g\u00e9n\u00e9ral de Gaulle est un titre in\u00e9gal\u00e9.\u00a0\u00bb<span id=\"3008\" class=\"cit-num\">3008<\/span><\/p>\n<p class=\"auteur\">Michel <span class=\"caps\">DEBR\u00c9<\/span> (1912-1996), Premier ministre, fin de la lettre au g\u00e9n\u00e9ral de Gaulle, rendue publique le 15\u00a0avril 1962<\/p>\n<\/blockquote>\n<p class=\"ressi\">Il faut tourner la page apr\u00e8s la conclusion du drame alg\u00e9rien\u00a0: \u00ab\u00a0Comme il \u00e9tait convenu, et cette \u00e9tape d\u00e9cisive \u00e9tant franchie, j\u2019ai l\u2019honneur, Mon G\u00e9n\u00e9ral, de vous pr\u00e9senter la d\u00e9mission du gouvernement.\u00a0\u00bb Ce \u00e0 quoi le g\u00e9n\u00e9ral de Gaulle r\u00e9pond\u00a0: \u00ab\u00a0En me demandant d\u2019accepter votre retrait du poste de Premier ministre et de nommer un gouvernement, vous vous conformez enti\u00e8rement et de la mani\u00e8re la plus d\u00e9sint\u00e9ress\u00e9e \u00e0 ce dont nous \u00e9tions depuis longtemps convenus.\u00a0\u00bb<\/p>\n<p>Georges <a title=\"pompidou citations\" href=\"https:\/\/histoire-en-citations.fr\/WP\/indexation\/\">Pompidou<\/a> entre sur la sc\u00e8ne de l\u2019histoire\u00a0: il forme le nouveau gouvernement le 25\u00a0avril, essentiellement <span class=\"caps\">UNR<\/span> (Union pour la Nouvelle R\u00e9publique, parti gaulliste), avec quelques <span class=\"caps\">MRP<\/span> (Mouvement r\u00e9publicain populaire). Ce n\u2019est pas un parlementaire rompu au jeu politique, mais un \u00ab\u00a0agr\u00e9g\u00e9 sachant \u00e9crire\u00a0\u00bb, parachut\u00e9 \u00e0 33\u00a0ans dans le cabinet de Gaulle en 1944. Il restera six ans chef de gouvernement \u2013 un record, sur ce\u00a0si\u00e8cle\u00a0!<\/p>\n<blockquote>\n<p class=\"citation-small\">\u00ab\u00a0Il n\u2019y a eu de France que gr\u00e2ce \u00e0 l\u2019\u00c9tat. La France ne peut se maintenir que par lui. Rien n\u2019est capital que la l\u00e9gitimit\u00e9, les institutions et le fonctionnement de l\u2019\u00c9tat.\u00a0\u00bb<span id=\"2974\" class=\"cit-num\">2974<\/span><\/p>\n<p class=\"auteur\">Charles de <span class=\"caps\">GAULLE<\/span> (1890-1970), Conseil d\u2019\u00c9tat, 28\u00a0f\u00e9vrier 1960<\/p>\n<\/blockquote>\n<p class=\"ressi\">Parole de crise, en pleine guerre d\u2019Alg\u00e9rie (au lendemain des barricades d\u2019Alger), mais id\u00e9e ch\u00e8re \u00e0 de Gaulle, grand admirateur de Richelieu qui fit de la France un \u00c9tat moderne. La l\u00e9gitimit\u00e9 \u00e9tait d\u00e9j\u00e0 un th\u00e8me r\u00e9current, durant sa R\u00e9sistance. L\u2019action et le verbe gaulliens se ram\u00e8nent \u00e0 quelques id\u00e9es-forces, r\u00e9guli\u00e8rement martel\u00e9es par le g\u00e9n\u00e9ral s\u2019adressant au peuple ou \u00e0 ses repr\u00e9sentants. Dans<em> Les Ch\u00eanes qu\u2019on abat<\/em>, <a title=\"Malraux citation\" href=\"https:\/\/histoire-en-citations.fr\/WP\/indexation\/\">Malraux<\/a> le cite\u00a0: \u00ab\u00a0Les choses capitales qui ont \u00e9t\u00e9 dites \u00e0 l\u2019humanit\u00e9 ont toujours \u00e9t\u00e9 des choses simples.\u00a0\u00bb<\/p>\n<\/div>\n<style>\r\n        a .cit-num {\r\n            text-decoration: none !important;\r\n            color: inherit !important;\r\n        }\r\n    <\/style>","protected":false},"excerpt":{"rendered":"<p>Cinqui\u00e8me R\u00e9publique. N\u00e9e sous le signe du gaullisme avec la Constitution du 4 octobre 1958, elle est logiquement influenc\u00e9e par le personnage national appel\u00e9 au secours de la R\u00e9publique en p\u00e9ril (en pleine guerre civile alg\u00e9rienne). Elle cr\u00e9e un r\u00e9gime pr\u00e9sidentiel et occulte le Premier ministre &#8211; jusqu\u2019au d\u00e9part du g\u00e9n\u00e9ral de Gaulle, \u00e0 partir [&#8230;]<\/p>\n","protected":false},"author":1,"featured_media":0,"comment_status":"open","ping_status":"open","sticky":false,"template":"","format":"standard","meta":{"site-sidebar-layout":"default","site-content-layout":"","ast-site-content-layout":"default","site-content-style":"default","site-sidebar-style":"default","ast-global-header-display":"","ast-banner-title-visibility":"","ast-main-header-display":"","ast-hfb-above-header-display":"","ast-hfb-below-header-display":"","ast-hfb-mobile-header-display":"","site-post-title":"","ast-breadcrumbs-content":"","ast-featured-img":"","footer-sml-layout":"","theme-transparent-header-meta":"","adv-header-id-meta":"","stick-header-meta":"","header-above-stick-meta":"","header-main-stick-meta":"","header-below-stick-meta":"","astra-migrate-meta-layouts":"default","ast-page-background-enabled":"default","ast-page-background-meta":{"desktop":{"background-color":"var(--ast-global-color-5)","background-image":"","background-repeat":"repeat","background-position":"center center","background-size":"auto","background-attachment":"scroll","background-type":"","background-media":"","overlay-type":"","overlay-color":"","overlay-opacity":"","overlay-gradient":""},"tablet":{"background-color":"","background-image":"","background-repeat":"repeat","background-position":"center center","background-size":"auto","background-attachment":"scroll","background-type":"","background-media":"","overlay-type":"","overlay-color":"","overlay-opacity":"","overlay-gradient":""},"mobile":{"background-color":"","background-image":"","background-repeat":"repeat","background-position":"center center","background-size":"auto","background-attachment":"scroll","background-type":"","background-media":"","overlay-type":"","overlay-color":"","overlay-opacity":"","overlay-gradient":""}},"ast-content-background-meta":{"desktop":{"background-color":"var(--ast-global-color-4)","background-image":"","background-repeat":"repeat","background-position":"center center","background-size":"auto","background-attachment":"scroll","background-type":"","background-media":"","overlay-type":"","overlay-color":"","overlay-opacity":"","overlay-gradient":""},"tablet":{"background-color":"var(--ast-global-color-4)","background-image":"","background-repeat":"repeat","background-position":"center center","background-size":"auto","background-attachment":"scroll","background-type":"","background-media":"","overlay-type":"","overlay-color":"","overlay-opacity":"","overlay-gradient":""},"mobile":{"background-color":"var(--ast-global-color-4)","background-image":"","background-repeat":"repeat","background-position":"center center","background-size":"auto","background-attachment":"scroll","background-type":"","background-media":"","overlay-type":"","overlay-color":"","overlay-opacity":"","overlay-gradient":""}},"iawp_total_views":16,"footnotes":""},"categories":[1533],"tags":[],"class_list":["post-6621","post","type-post","status-publish","format-standard","hentry","category-charles-de-gaulle-chronique-cinquieme-republique-citation-du-jour"],"_links":{"self":[{"href":"https:\/\/histoire-en-citations.fr\/WP\/wp-json\/wp\/v2\/posts\/6621","targetHints":{"allow":["GET"]}}],"collection":[{"href":"https:\/\/histoire-en-citations.fr\/WP\/wp-json\/wp\/v2\/posts"}],"about":[{"href":"https:\/\/histoire-en-citations.fr\/WP\/wp-json\/wp\/v2\/types\/post"}],"author":[{"embeddable":true,"href":"https:\/\/histoire-en-citations.fr\/WP\/wp-json\/wp\/v2\/users\/1"}],"replies":[{"embeddable":true,"href":"https:\/\/histoire-en-citations.fr\/WP\/wp-json\/wp\/v2\/comments?post=6621"}],"version-history":[{"count":2,"href":"https:\/\/histoire-en-citations.fr\/WP\/wp-json\/wp\/v2\/posts\/6621\/revisions"}],"predecessor-version":[{"id":13144,"href":"https:\/\/histoire-en-citations.fr\/WP\/wp-json\/wp\/v2\/posts\/6621\/revisions\/13144"}],"wp:attachment":[{"href":"https:\/\/histoire-en-citations.fr\/WP\/wp-json\/wp\/v2\/media?parent=6621"}],"wp:term":[{"taxonomy":"category","embeddable":true,"href":"https:\/\/histoire-en-citations.fr\/WP\/wp-json\/wp\/v2\/categories?post=6621"},{"taxonomy":"post_tag","embeddable":true,"href":"https:\/\/histoire-en-citations.fr\/WP\/wp-json\/wp\/v2\/tags?post=6621"}],"curies":[{"name":"wp","href":"https:\/\/api.w.org\/{rel}","templated":true}]}}