{"id":6999,"date":"2019-01-08T00:00:00","date_gmt":"2019-01-07T23:00:00","guid":{"rendered":"https:\/\/histoire-en-citations.fr\/WP\/2025\/06\/26\/eschyle-tu-arriveras-en-face-des-ligyes-intrepide-armee-et-je-le-sais-si-brave-que-tu-sois-tu-verras-la-des-combattants-sans-reproche\/"},"modified":"2025-08-12T08:43:48","modified_gmt":"2025-08-12T06:43:48","slug":"eschyle-tu-arriveras-en-face-des-ligyes-intrepide-armee-et-je-le-sais-si-brave-que-tu-sois-tu-verras-la-des-combattants-sans-reproche","status":"publish","type":"post","link":"https:\/\/histoire-en-citations.fr\/WP\/eschyle-tu-arriveras-en-face-des-ligyes-intrepide-armee-et-je-le-sais-si-brave-que-tu-sois-tu-verras-la-des-combattants-sans-reproche\/","title":{"rendered":"Eschyle : \u00ab Tu arriveras en face des Ligyes, intr\u00e9pide arm\u00e9e, et, je le sais, si brave que tu sois, tu verras l\u00e0 des combattants sans reproche.\u00a0\u00bb"},"content":{"rendered":"<div class=\"field-item even\">\n<p class=\"chapeau\">\u00a0<\/p>\n<p align=\"JUSTIFY\"><strong>Gaule, premier \u00e9pisode de la Chronique proprement dite.<\/strong><\/p>\n<div class=\"encart\">\n<p class=\"chapeau\">Gaulois contre Romains, affrontements d\u2019une tribu guerri\u00e8re (entre autres Barbares et envahisseurs) contre une civilisation de l\u2019Antiquit\u00e9.<\/p>\n<\/div>\n<p><em>Les commentaires sont all\u00e9g\u00e9s, les coupes signal\u00e9es (\u2026) <a href=\"https:\/\/histoire-en-citations.fr\/WP\/boutique-10\/\" target=\"_blank\" class=\"broken_link\">Retrouvez l\u2019int\u00e9gralit\u00e9 dans nos Chroniques de l\u2019Histoire en citations<\/a>.<\/em><\/p>\n<h3>Chronique<\/h3>\n<blockquote>\n<p class=\"citation citation-small\"><span class=\"enonce\">\u00ab\u00a0Tu arriveras en face des Ligyes, intr\u00e9pide arm\u00e9e, et, je le sais, si brave que tu sois, tu verras l\u00e0 des combattants sans reproche.\u00a0\u00bb<span id=\"14\" class=\"cit-num\">14<\/span><\/span><\/p>\n<p class=\"auteur\"><span data-href=\"\/auteurs\/eschyle\"><span class=\"author\"><span class=\"name\"><span class=\"caps\">ESCHYLE<\/span><\/span><\/span><\/span> (525-456 av. <span class=\"caps\">J.C.<\/span>) <cite>Prom\u00e9th\u00e9e encha\u00een\u00e9<\/cite>, \u00e9crit entre 467 et 456 av. J.C<\/p>\n<\/blockquote>\n<p>(\u2026) La Gaule de l\u2019\u00e9poque est peupl\u00e9e de nombreuses tribus guerri\u00e8res. Certaines d\u2019entre elles vont m\u00eame \u00e9branler l\u2019Empire romain, au <span class=\"caps\">IV<\/span>e si\u00e8cle av.\u00a0J.-C<\/p>\n<blockquote>\n<p class=\"citation-small\">\u00ab\u00a0Malheur aux vaincus.\u00a0\u00bb<span id=\"15\" class=\"cit-num\">15<\/span><\/p>\n<p class=\"auteur\"><span class=\"caps\">BRENNUS<\/span> (<span class=\"caps\">IV<\/span>e s. av. J.-C.), aux Romains, 390 av.\u00a0J.-C. <em>Histoire romaine<\/em>, Tite-Live (historien romain n\u00e9 en 59 av.\u00a0J.-C.)<\/p>\n<\/blockquote>\n<p>(\u2026) Chef des hordes gauloises qui d\u00e9ferlent sur l\u2019Italie du Nord (\u2026) le vainqueur jette son \u00e9p\u00e9e dans la balance o\u00f9 se pesait la ran\u00e7on de la ville, pour augmenter le poids d\u2019or r\u00e9clam\u00e9 comme prix de son d\u00e9part. Aux protestations des Romains, il r\u00e9pond\u00a0: \u00ab\u00a0Vae Victis\u00a0\u00bb. L\u2019expression, devenue proverbe, signifie que les vaincus n\u2019ont droit \u00e0 aucune justice (\u2026)<\/p>\n<blockquote>\n<p class=\"citation-small\">\u00ab\u00a0Nous ne craignons rien, sinon que le ciel ne tombe sur nos t\u00eates.\u00a0\u00bb<span id=\"16\" class=\"cit-num\">16<\/span><\/p>\n<p class=\"auteur\">Un guerrier gaulois \u00e0 Alexandre le Grand, 335 av.\u00a0J.-C. <em>G\u00e9ographie<\/em>, livre\u00a0<span class=\"caps\">VII<\/span>, Strabon (g\u00e9ographe grec n\u00e9 en 58 av.\u00a0J.-C.)<\/p>\n<\/blockquote>\n<p>Les Gaulois, tribus nomades, ont travers\u00e9 l\u2019Europe et poursuivi leur expansion jusqu\u2019aux rives du Danube (\u2026) H\u00e9ros mythique de l\u2019Antiquit\u00e9, le jeune Alexandre demande aux Gaulois ce qu\u2019ils craignent le plus, s\u2019attendant naturellement \u00e0 ce qu\u2019ils r\u00e9pondent que c\u2019est lui. Eh\u00a0! bien, non (\u2026)<\/p>\n<blockquote>\n<p class=\"citation-small\">\u00ab\u00a0Le javelot romain brisa la fiert\u00e9 gauloise.\u00a0\u00bb<span id=\"17\" class=\"cit-num\">17<\/span><\/p>\n<p class=\"auteur\"><span class=\"caps\">POLYBE<\/span> (vers 202-vers 120 av.\u00a0J.-C.), <em>Histoire g\u00e9n\u00e9rale<\/em>, livre\u00a0<span class=\"caps\">II<\/span><\/p>\n<\/blockquote>\n<p>Le mot de cet historien grec\u00a0souligne la sup\u00e9riorit\u00e9 de l\u2019esprit de discipline propre aux Romains sur la fougue anarchique des Gaulois. Le retournement de l\u2019histoire se joue en plusieurs \u00e9pisodes, et sur deux si\u00e8cles (\u2026)<\/p>\n<blockquote>\n<p class=\"citation-small\">\u00ab\u00a0Depuis que Rome existe, tous les sages politiques ont pens\u00e9 qu\u2019elle n\u2019avait point d\u2019ennemis plus redoutables que les Gaulois.\u00a0\u00bb<span id=\"18\" class=\"cit-num\">18<\/span><\/p>\n<p class=\"auteur\"><span class=\"caps\">CIC\u00c9RON<\/span> (106-43 av. J.-C.), <em>Discours sur les provinces consulaires, \u0152uvres compl\u00e8tes de Cic\u00e9ron<\/em><\/p>\n<\/blockquote>\n<p>Cette remarque du c\u00e9l\u00e8bre orateur romain rappelle la prise de Rome par les Gaulois de Brennus, trois si\u00e8cles plus t\u00f4t, et justifie ou, tout au moins, fait comprendre le d\u00e9sir des Romains de soumettre un peuple aussi turbulent (\u2026)<\/p>\n<blockquote>\n<p class=\"citation-small\">\u00ab\u00a0La libert\u00e9 n\u2019est dans leur bouche [les Germains] qu\u2019un pr\u00e9texte sp\u00e9cieux. Jamais ambitieux n\u2019a r\u00e9ussi \u00e0 dominer, \u00e0 assujettir autrui, sinon en se servant de ce mot.\u00a0\u00bb<span id=\"19\" class=\"cit-num\">19<\/span><\/p>\n<p class=\"auteur\">Petilius <span class=\"caps\">CEREALIS<\/span> (Ier si\u00e8cle). <em>Histoires<\/em> (nombreuses \u00e9ditions et traductions), Tacite, historien romain du Ier\u00a0si\u00e8cle<\/p>\n<\/blockquote>\n<p>L\u00e9gat et g\u00e9n\u00e9ral romain, il oppose les deux types d\u2019interventions\u00a0: celle des Germains toujours attir\u00e9s en Gaule par \u00ab\u00a0la cupidit\u00e9, l\u2019avarice, le besoin de se d\u00e9placer, en \u00e9changeant, par votre asservissement, leurs mar\u00e9cages et leurs solitudes contre votre sol fertile\u00a0\u00bb, alors que (\u2026) la colonisation des Romains (\u2026) am\u00e8nera cette pax romana qui va assurer trois si\u00e8cles de bonheur \u00e0 la Gaule et donner la civilisation gallo-romaine.<\/p>\n<blockquote>\n<p class=\"citation-small\">\u00ab\u00a0Nous devons nous d\u00e9fendre, non seulement contre les actes, mais m\u00eame contre les projets de ceux qui veulent nous nuire, nous opposer \u00e0 l\u2019accroissement de leur puissance avant qu\u2019ils nous aient caus\u00e9 des dommages et ne pas attendre pour nous venger qu\u2019ils nous aient fait du mal.\u00a0\u00bb<span id=\"20\" class=\"cit-num\">20<\/span><\/p>\n<p class=\"auteur\">Jules <span class=\"caps\">C\u00c9SAR<\/span> (101-44 av. J.-C.),<em> Commentaires de la guerre des Gaules<\/em>. <em>Histoire romaine<\/em>, Dion Cassius, historien grec du <span class=\"caps\">II<\/span>e\u00a0si\u00e8cle<\/p>\n<\/blockquote>\n<p>\u00a0Brillant orateur autant que grand g\u00e9n\u00e9ral, \u00e9lu consul en 60 av.\u00a0J.-C., il re\u00e7oit le gouvernement de la Gaule cisalpine (nord de l\u2019Italie) et de la Province romaine (sud de la Gaule transalpine) (\u2026) Chaque ann\u00e9e, il va mener campagne en Gaule.<\/p>\n<blockquote>\n<p class=\"citation-small\">\u00ab\u00a0Mon pouvoir est de telle nature que la foule a autant de droits sur moi que j\u2019en ai sur elle.\u00a0\u00bb<span id=\"21\" class=\"cit-num\">21<\/span><\/p>\n<p class=\"auteur\"><span class=\"caps\">AMBIORIX<\/span> (Ier si\u00e8cle av. J.-C.), chef des \u00c9burons, 54 av.\u00a0J.-C. <em>Histoire de la Gaule<\/em> (1908-1921), Camille Jullian<\/p>\n<\/blockquote>\n<p>C\u00e9sar envoie aupr\u00e8s d\u2019Ambiorix des ambassadeurs, pour lui rappeler ce qu\u2019il doit \u00e0 C\u00e9sar qui l\u2019a jadis aid\u00e9. Ambiorix cherche des excuses en d\u00e9clarant qu\u2019il a \u00e9t\u00e9 entra\u00een\u00e9 malgr\u00e9 lui dans cette affaire (\u2026) Ambiorix le Gaulois participera ensuite activement \u00e0 la r\u00e9volte contre les Romains qui font dor\u00e9navant figure d\u2019envahisseurs et d\u2019occupants.<\/p>\n<\/div>\n<style>\r\n        a .cit-num {\r\n            text-decoration: none !important;\r\n            color: inherit !important;\r\n        }\r\n    <\/style>","protected":false},"excerpt":{"rendered":"<p>\u00a0 Gaule, premier \u00e9pisode de la Chronique proprement dite. Gaulois contre Romains, affrontements d\u2019une tribu guerri\u00e8re (entre autres Barbares et envahisseurs) contre une civilisation de l\u2019Antiquit\u00e9. Les commentaires sont all\u00e9g\u00e9s, les coupes signal\u00e9es (\u2026) Retrouvez l&#8217;int\u00e9gralit\u00e9 dans nos Chroniques de l&#8217;Histoire en citations. Chronique \u00ab\u00a0Tu arriveras en face des Ligyes, intr\u00e9pide arm\u00e9e, et, je le [&#8230;]<\/p>\n","protected":false},"author":1,"featured_media":0,"comment_status":"open","ping_status":"open","sticky":false,"template":"","format":"standard","meta":{"site-sidebar-layout":"default","site-content-layout":"","ast-site-content-layout":"default","site-content-style":"default","site-sidebar-style":"default","ast-global-header-display":"","ast-banner-title-visibility":"","ast-main-header-display":"","ast-hfb-above-header-display":"","ast-hfb-below-header-display":"","ast-hfb-mobile-header-display":"","site-post-title":"","ast-breadcrumbs-content":"","ast-featured-img":"","footer-sml-layout":"","theme-transparent-header-meta":"","adv-header-id-meta":"","stick-header-meta":"","header-above-stick-meta":"","header-main-stick-meta":"","header-below-stick-meta":"","astra-migrate-meta-layouts":"default","ast-page-background-enabled":"default","ast-page-background-meta":{"desktop":{"background-color":"var(--ast-global-color-5)","background-image":"","background-repeat":"repeat","background-position":"center center","background-size":"auto","background-attachment":"scroll","background-type":"","background-media":"","overlay-type":"","overlay-color":"","overlay-opacity":"","overlay-gradient":""},"tablet":{"background-color":"","background-image":"","background-repeat":"repeat","background-position":"center center","background-size":"auto","background-attachment":"scroll","background-type":"","background-media":"","overlay-type":"","overlay-color":"","overlay-opacity":"","overlay-gradient":""},"mobile":{"background-color":"","background-image":"","background-repeat":"repeat","background-position":"center center","background-size":"auto","background-attachment":"scroll","background-type":"","background-media":"","overlay-type":"","overlay-color":"","overlay-opacity":"","overlay-gradient":""}},"ast-content-background-meta":{"desktop":{"background-color":"var(--ast-global-color-4)","background-image":"","background-repeat":"repeat","background-position":"center center","background-size":"auto","background-attachment":"scroll","background-type":"","background-media":"","overlay-type":"","overlay-color":"","overlay-opacity":"","overlay-gradient":""},"tablet":{"background-color":"var(--ast-global-color-4)","background-image":"","background-repeat":"repeat","background-position":"center center","background-size":"auto","background-attachment":"scroll","background-type":"","background-media":"","overlay-type":"","overlay-color":"","overlay-opacity":"","overlay-gradient":""},"mobile":{"background-color":"var(--ast-global-color-4)","background-image":"","background-repeat":"repeat","background-position":"center center","background-size":"auto","background-attachment":"scroll","background-type":"","background-media":"","overlay-type":"","overlay-color":"","overlay-opacity":"","overlay-gradient":""}},"iawp_total_views":7,"footnotes":""},"categories":[2065],"tags":[],"class_list":["post-6999","post","type-post","status-publish","format-standard","hentry","category-armee-brave-chronique-chronique-du-jour-combattants-eschyle-gaule"],"_links":{"self":[{"href":"https:\/\/histoire-en-citations.fr\/WP\/wp-json\/wp\/v2\/posts\/6999","targetHints":{"allow":["GET"]}}],"collection":[{"href":"https:\/\/histoire-en-citations.fr\/WP\/wp-json\/wp\/v2\/posts"}],"about":[{"href":"https:\/\/histoire-en-citations.fr\/WP\/wp-json\/wp\/v2\/types\/post"}],"author":[{"embeddable":true,"href":"https:\/\/histoire-en-citations.fr\/WP\/wp-json\/wp\/v2\/users\/1"}],"replies":[{"embeddable":true,"href":"https:\/\/histoire-en-citations.fr\/WP\/wp-json\/wp\/v2\/comments?post=6999"}],"version-history":[{"count":2,"href":"https:\/\/histoire-en-citations.fr\/WP\/wp-json\/wp\/v2\/posts\/6999\/revisions"}],"predecessor-version":[{"id":13060,"href":"https:\/\/histoire-en-citations.fr\/WP\/wp-json\/wp\/v2\/posts\/6999\/revisions\/13060"}],"wp:attachment":[{"href":"https:\/\/histoire-en-citations.fr\/WP\/wp-json\/wp\/v2\/media?parent=6999"}],"wp:term":[{"taxonomy":"category","embeddable":true,"href":"https:\/\/histoire-en-citations.fr\/WP\/wp-json\/wp\/v2\/categories?post=6999"},{"taxonomy":"post_tag","embeddable":true,"href":"https:\/\/histoire-en-citations.fr\/WP\/wp-json\/wp\/v2\/tags?post=6999"}],"curies":[{"name":"wp","href":"https:\/\/api.w.org\/{rel}","templated":true}]}}