{"id":7343,"date":"2016-11-28T00:00:00","date_gmt":"2016-11-27T23:00:00","guid":{"rendered":"https:\/\/histoire-en-citations.fr\/WP\/2025\/06\/26\/michelet-de-la-premiere-page-a-la-derniere-elle-la-revolution-na-quun-heros-le-peuple-3\/"},"modified":"2025-07-19T09:13:16","modified_gmt":"2025-07-19T07:13:16","slug":"michelet-de-la-premiere-page-a-la-derniere-elle-la-revolution-na-quun-heros-le-peuple-3","status":"publish","type":"post","link":"https:\/\/histoire-en-citations.fr\/WP\/michelet-de-la-premiere-page-a-la-derniere-elle-la-revolution-na-quun-heros-le-peuple-3\/","title":{"rendered":"Michelet : \u00ab\u00a0De la premi\u00e8re page \u00e0 la derni\u00e8re, elle [la R\u00e9volution] n\u2019a qu\u2019un h\u00e9ros\u00a0: le peuple.\u00a0\u00bb"},"content":{"rendered":"<div class=\"field-item even\">\n<p>\u00a0<\/p>\n<h4><strong>R\u00e9volution<\/strong><\/h4>\n<p><strong>Prologue (suite)<\/strong><\/p>\n<p><strong>Le souffle r\u00e9volutionnaire pr\u00e9c\u00e8de la (Premi\u00e8re) R\u00e9publique.<\/strong><\/p>\n<div class=\"encart\">\n<p>D\u00e8s le prologue et hors tout jugement historique sur la R\u00e9volution, une \u00e9vidence s\u2019impose\u00a0: les plus grands \u00e9v\u00e9nements inspirent les plus belles citations.<\/p>\n<\/div>\n<p><em>Les commentaires sont all\u00e9g\u00e9s, les coupes signal\u00e9es (\u2026) <a href=\"https:\/\/www.histoire-en-citations.fr\/boutique\" target=\"_blank\">Retrouvez l\u2019int\u00e9gralit\u00e9 dans nos Chroniques de l\u2019Histoire en citations<\/a>.<\/em><\/p>\n<blockquote>\n<p class=\"citation-small\">\u00ab\u00a0De la premi\u00e8re page \u00e0 la derni\u00e8re, elle [la R\u00e9volution] n\u2019a qu\u2019un h\u00e9ros\u00a0: le peuple.\u00a0\u00bb<span id=\"1273\" class=\"cit-num\">1273<\/span><\/p>\n<p class=\"auteur\">Jules <span class=\"caps\">MICHELET<\/span> (1798-1874), <em>Le Peuple<\/em> (1846)<\/p>\n<\/blockquote>\n<p>Fils d\u2019un imprimeur ruin\u00e9 par le r\u00e9gime de la presse sous l\u2019Empire, Michelet conna\u00eet la mis\u00e8re dans sa jeunesse et en garde un profond amour du peuple. \u00c9crivain engag\u00e9 (\u2026) il compose dans l\u2019enthousiasme son <em>Histoire de la R\u00e9volution fran\u00e7aise<\/em>\u00a0: dix ans et sept volumes pour une \u0153uvre inspir\u00e9e, remarquablement document\u00e9e (\u2026)<\/p>\n<blockquote>\n<p class=\"citation-small\">\u00ab\u00a0Les grands ne sont grands que parce que nous sommes \u00e0 genoux\u00a0: levons-nous\u00a0!\u00a0\u00bb<span id=\"1274\" class=\"cit-num\">1274<\/span><\/p>\n<p class=\"auteur\">Pierre Victurnien <span class=\"caps\">VERGNIAUD<\/span> (1753-1793) et \u00c9lis\u00e9e (de) <span class=\"caps\">LOUSTALOT<\/span> (1762-1790), devise en t\u00eate du journal de Louis-Marie Prudhomme, <em>Les R\u00e9volutions de Paris<\/em><\/p>\n<\/blockquote>\n<p>(\u2026) Le journal des <em>R\u00e9volutions de Paris<\/em> est un quotidien, n\u00e9 le 12\u00a0juillet\u00a01789, qui s\u00e9duit autant par son extr\u00e9misme que par la subtilit\u00e9 de ses analyses. La libert\u00e9 de la presse est l\u2019un des principes affirm\u00e9s dans la<em> D\u00e9claration des droits<\/em> de 1789. La floraison des journaux marque un spectaculaire \u00e9veil de la conscience populaire\u00a0(\u2026)<\/p>\n<blockquote>\n<p class=\"citation-small\">\u00ab\u00a0Il y a deux v\u00e9rit\u00e9s qu\u2019il ne faut jamais s\u00e9parer, en ce monde\u00a0: 1\u00b0\u00a0que la souverainet\u00e9 r\u00e9side dans le peuple\u00a0; 2\u00b0\u00a0que le peuple ne doit jamais l\u2019exercer.\u00a0\u00bb<span id=\"1275\" class=\"cit-num\">1275<\/span><\/p>\n<p class=\"auteur\"><span class=\"caps\">RIVAROL<\/span> (1753-1801),<em> Journal politique national des \u00c9tats g\u00e9n\u00e9raux et de la R\u00e9volution de 1789<\/em>, publi\u00e9 cette m\u00eame ann\u00e9e<\/p>\n<\/blockquote>\n<p>L\u2019humour est une qualit\u00e9 rare en ces temps h\u00e9ro\u00efques\u00a0: Rivarol est un t\u00e9moin pr\u00e9cieux. Le c\u0153ur \u00e0 droite, ce n\u2019est pas un extr\u00e9miste et il n\u2019\u00e9pargne pas les gens de son camp (\u2026)<\/p>\n<blockquote>\n<p class=\"citation-small\">\u00ab\u00a0J\u2019ai toujours eu pour principe qu\u2019un peuple qui s\u2019\u00e9lance vers la libert\u00e9 doit \u00eatre inexorable envers les conspirateurs\u00a0; qu\u2019en pareil cas, la faiblesse est cruelle, l\u2019indulgence est barbare.\u00a0\u00bb<span id=\"1276\" class=\"cit-num\">1276<\/span><\/p>\n<p class=\"auteur\"><span class=\"caps\">ROBESPIERRE<\/span> (1758-1794), Lettre, d\u00e9cembre\u00a01792<\/p>\n<\/blockquote>\n<p>Devenu l\u2019avocat du peuple, absolument sinc\u00e8re et le plus extr\u00eame, il parle ici au nom du salut public. Ainsi la R\u00e9volution aboutit-elle logiquement \u00e0 la Terreur. Mais la lutte contre les factions et les factieux n\u2019aura de fin qu\u2019avec la mort de Robespierre et ses amis.<\/p>\n<blockquote>\n<p class=\"citation-small\">\u00ab\u00a0Quand tous les hommes seront libres, ils seront \u00e9gaux\u00a0; quand ils seront \u00e9gaux, ils seront justes.\u00a0\u00bb<span id=\"1277\" class=\"cit-num\">1277<\/span><\/p>\n<p class=\"auteur\"><span class=\"caps\">SAINT<\/span>\u2013<span class=\"caps\">JUST<\/span> (1767-1794), <em>L\u2019Esprit de la R\u00e9volution et de la Constitution en France<\/em> (1791)<\/p>\n<\/blockquote>\n<p>Cet ouvrage fait de lui, \u00e0 24\u00a0ans, l\u2019un des plus jeunes th\u00e9oriciens de la R\u00e9volution. Le mouvement r\u00e9volutionnaire est d\u00e9crit comme un cercle id\u00e9alement vertueux, entra\u00eenant une escalade de progr\u00e8s. Les faits d\u00e9mentent ce genre d\u2019optimisme (\u2026)<\/p>\n<blockquote>\n<p class=\"citation-small\">\u00ab\u00a0Nous voulons substituer toutes les vertus et tous les miracles de la r\u00e9publique \u00e0 tous les vices et \u00e0 tous les ridicules de la monarchie.\u00a0\u00bb<span id=\"1278\" class=\"cit-num\">1278<\/span><\/p>\n<p class=\"auteur\"><span class=\"caps\">ROBESPIERRE<\/span> (1758-1794), <em>Discours sur le gouvernement int\u00e9rieur<\/em>, Convention nationale, 1794<\/p>\n<\/blockquote>\n<p>Tel est le programme radicalement r\u00e9volutionnaire de l\u2019Incorruptible. Mais la France, devenue politiquement r\u00e9publicaine, est encore moralement monarchique. Il faut donc aller plus loin, jusqu\u2019au terme d\u2019une r\u00e9volution parfaite, achev\u00e9e, excluant tout retour en arri\u00e8re (\u2026) Il faut aussi changer les hommes, d\u2019o\u00f9 la religion de l\u2019\u00catre supr\u00eame.<\/p>\n<\/div>\n<style>\r\n        a .cit-num {\r\n            text-decoration: none !important;\r\n            color: inherit !important;\r\n        }\r\n    <\/style>","protected":false},"excerpt":{"rendered":"<p>\u00a0 R\u00e9volution Prologue (suite) Le souffle r\u00e9volutionnaire pr\u00e9c\u00e8de la (Premi\u00e8re) R\u00e9publique. D\u00e8s le prologue et hors tout jugement historique sur la R\u00e9volution, une \u00e9vidence s\u2019impose\u00a0: les plus grands \u00e9v\u00e9nements inspirent les plus belles citations. Les commentaires sont all\u00e9g\u00e9s, les coupes signal\u00e9es (&#8230;) Retrouvez l&#8217;int\u00e9gralit\u00e9 dans nos Chroniques de l&#8217;Histoire en citations. \u00ab\u00a0De la premi\u00e8re page [&#8230;]<\/p>\n","protected":false},"author":1,"featured_media":0,"comment_status":"open","ping_status":"open","sticky":false,"template":"","format":"standard","meta":{"site-sidebar-layout":"default","site-content-layout":"","ast-site-content-layout":"default","site-content-style":"default","site-sidebar-style":"default","ast-global-header-display":"","ast-banner-title-visibility":"","ast-main-header-display":"","ast-hfb-above-header-display":"","ast-hfb-below-header-display":"","ast-hfb-mobile-header-display":"","site-post-title":"","ast-breadcrumbs-content":"","ast-featured-img":"","footer-sml-layout":"","theme-transparent-header-meta":"","adv-header-id-meta":"","stick-header-meta":"","header-above-stick-meta":"","header-main-stick-meta":"","header-below-stick-meta":"","astra-migrate-meta-layouts":"default","ast-page-background-enabled":"default","ast-page-background-meta":{"desktop":{"background-color":"var(--ast-global-color-5)","background-image":"","background-repeat":"repeat","background-position":"center center","background-size":"auto","background-attachment":"scroll","background-type":"","background-media":"","overlay-type":"","overlay-color":"","overlay-opacity":"","overlay-gradient":""},"tablet":{"background-color":"","background-image":"","background-repeat":"repeat","background-position":"center center","background-size":"auto","background-attachment":"scroll","background-type":"","background-media":"","overlay-type":"","overlay-color":"","overlay-opacity":"","overlay-gradient":""},"mobile":{"background-color":"","background-image":"","background-repeat":"repeat","background-position":"center center","background-size":"auto","background-attachment":"scroll","background-type":"","background-media":"","overlay-type":"","overlay-color":"","overlay-opacity":"","overlay-gradient":""}},"ast-content-background-meta":{"desktop":{"background-color":"var(--ast-global-color-4)","background-image":"","background-repeat":"repeat","background-position":"center center","background-size":"auto","background-attachment":"scroll","background-type":"","background-media":"","overlay-type":"","overlay-color":"","overlay-opacity":"","overlay-gradient":""},"tablet":{"background-color":"var(--ast-global-color-4)","background-image":"","background-repeat":"repeat","background-position":"center center","background-size":"auto","background-attachment":"scroll","background-type":"","background-media":"","overlay-type":"","overlay-color":"","overlay-opacity":"","overlay-gradient":""},"mobile":{"background-color":"var(--ast-global-color-4)","background-image":"","background-repeat":"repeat","background-position":"center center","background-size":"auto","background-attachment":"scroll","background-type":"","background-media":"","overlay-type":"","overlay-color":"","overlay-opacity":"","overlay-gradient":""}},"iawp_total_views":1,"footnotes":""},"categories":[1764],"tags":[],"class_list":["post-7343","post","type-post","status-publish","format-standard","hentry","category-citation-du-jour-jules-michelet-prologue-revolution"],"_links":{"self":[{"href":"https:\/\/histoire-en-citations.fr\/WP\/wp-json\/wp\/v2\/posts\/7343","targetHints":{"allow":["GET"]}}],"collection":[{"href":"https:\/\/histoire-en-citations.fr\/WP\/wp-json\/wp\/v2\/posts"}],"about":[{"href":"https:\/\/histoire-en-citations.fr\/WP\/wp-json\/wp\/v2\/types\/post"}],"author":[{"embeddable":true,"href":"https:\/\/histoire-en-citations.fr\/WP\/wp-json\/wp\/v2\/users\/1"}],"replies":[{"embeddable":true,"href":"https:\/\/histoire-en-citations.fr\/WP\/wp-json\/wp\/v2\/comments?post=7343"}],"version-history":[{"count":1,"href":"https:\/\/histoire-en-citations.fr\/WP\/wp-json\/wp\/v2\/posts\/7343\/revisions"}],"predecessor-version":[{"id":7344,"href":"https:\/\/histoire-en-citations.fr\/WP\/wp-json\/wp\/v2\/posts\/7343\/revisions\/7344"}],"wp:attachment":[{"href":"https:\/\/histoire-en-citations.fr\/WP\/wp-json\/wp\/v2\/media?parent=7343"}],"wp:term":[{"taxonomy":"category","embeddable":true,"href":"https:\/\/histoire-en-citations.fr\/WP\/wp-json\/wp\/v2\/categories?post=7343"},{"taxonomy":"post_tag","embeddable":true,"href":"https:\/\/histoire-en-citations.fr\/WP\/wp-json\/wp\/v2\/tags?post=7343"}],"curies":[{"name":"wp","href":"https:\/\/api.w.org\/{rel}","templated":true}]}}