{"id":7353,"date":"2019-05-25T00:00:00","date_gmt":"2019-05-24T22:00:00","guid":{"rendered":"https:\/\/histoire-en-citations.fr\/WP\/2025\/06\/26\/danton-nul-quand-la-patrie-est-en-danger-nul-ne-peut-refuser-son-service-sans-etre-declare-infame-et-traitre-a-la-patrie\/"},"modified":"2025-08-12T08:43:43","modified_gmt":"2025-08-12T06:43:43","slug":"danton-nul-quand-la-patrie-est-en-danger-nul-ne-peut-refuser-son-service-sans-etre-declare-infame-et-traitre-a-la-patrie","status":"publish","type":"post","link":"https:\/\/histoire-en-citations.fr\/WP\/danton-nul-quand-la-patrie-est-en-danger-nul-ne-peut-refuser-son-service-sans-etre-declare-infame-et-traitre-a-la-patrie\/","title":{"rendered":"Danton : \u00ab Nul, quand la patrie est en danger, nul ne peut refuser son service sans \u00eatre d\u00e9clar\u00e9 inf\u00e2me et tra\u00eetre \u00e0 la patrie. \u00bb"},"content":{"rendered":"<div class=\"field-item even\">\n<p>\u00a0<\/p>\n<p><strong>R\u00e9volution<\/strong><\/p>\n<h4>Assembl\u00e9e l\u00e9gislative (fin)<\/h4>\n<p><strong>Danton, nouveau leader\u00a0: premi\u00e8re Terreur (massacres de septembre 1792) et victoire de Valmy le 20 septembre.<\/strong><\/p>\n<div class=\"encart\">\n<p>Sur fond de guerre et de patrie plus que jamais en danger, \u00e0 l\u2019instigation de Danton qui a d\u00e9sormais tout pouvoir et l\u2019\u00e9loquence en prime, les massacres du 2 au 6 septembre font 1 500 morts, \u00e9gorg\u00e9s dans les prisons. C\u2019est la \u00ab\u00a0premi\u00e8re Terreur\u00a0\u00bb qui effraie une grande partie du pays.<\/p>\n<p>La victoire de Valmy (20 septembre 1792) annonce la R\u00e9publique, au nouveau cri de \u00ab\u00a0Vive la Nation\u00a0\u00bb\u00a0: Kellermann et Dumouriez triomphent des Autrichiens et des Prussiens, le jour m\u00eame o\u00f9 la L\u00e9gislative va c\u00e9der la place \u00e0 la troisi\u00e8me et derni\u00e8re assembl\u00e9e r\u00e9volutionnaire.<\/p>\n<\/div>\n<p><em>Les commentaires sont all\u00e9g\u00e9s, les coupes signal\u00e9es (\u2026) <a href=\"https:\/\/histoire-en-citations.fr\/WP\/boutique\/\" target=\"_blank\">Retrouvez l\u2019int\u00e9gralit\u00e9 dans nos Chroniques de l\u2019Histoire en citations<\/a>.<\/em><\/p>\n<blockquote>\n<p class=\"citation citation-small\"><span class=\"enonce\">\u00ab\u00a0Nul, quand la patrie est en danger, nul ne peut refuser son service sans \u00eatre d\u00e9clar\u00e9 inf\u00e2me et tra\u00eetre \u00e0 la patrie.\u00a0\u00bb<span id=\"1426\" class=\"cit-num\">1426<\/span><\/span><\/p>\n<p class=\"auteur\"><span data-href=\"\/auteurs\/georges-jacques-danton\"><span class=\"author\"><span class=\"surname\">Georges Jacques <\/span><span class=\"name\"><span class=\"caps\">DANTON<\/span><\/span><\/span><\/span> (1759-1794), L\u00e9gislative, 2\u00a0septembre 1792<\/p>\n<p class=\"source\"><cite>Discours de Danton<\/cite>, \u00e9dition critique (1910), Andr\u00e9 Fribourg.<\/p>\n<\/blockquote>\n<p>L\u2019arm\u00e9e des Princes (germaniques), soutenue par les aristocrates \u00e9migr\u00e9s (fran\u00e7ais), command\u00e9e par le duc de Brunswick (chef de l\u2019arm\u00e9e prussienne), a pris Longwy. L\u2019Assembl\u00e9e a peur et veut se replier sur la Loire, mais Danton appelle \u00e0 la lev\u00e9e en masse\u00a0(\u2026) L\u2019orateur se fait acclamer. Fait remarquable, il n\u2019\u00e9crit pas ses discours\u00a0: c\u2019est le plus grand improvisateur de l\u2019\u00e9poque (\u2026)<\/p>\n<blockquote>\n<p class=\"citation-small\">\u00ab\u00a0Tout s\u2019\u00e9meut, tout s\u2019\u00e9branle, tout br\u00fble de combattre, tout se l\u00e8ve en France d\u2019un bout de l\u2019empire \u00e0 l\u2019autre.\u00a0\u00bb<span id=\"1427\" class=\"cit-num\">1427<\/span><\/p>\n<p class=\"auteur\"><span class=\"caps\">DANTON<\/span> (1759-1794), L\u00e9gislative, 2\u00a0septembre 1792<\/p>\n<\/blockquote>\n<p>(\u2026) Substitut de la Commune de Paris \u00e9rig\u00e9e en assembl\u00e9e souveraine et ministre de la Justice depuis le 11\u00a0ao\u00fbt, il a tous les pouvoirs (\u2026) On l\u2019appelle \u00ab\u00a0le Mirabeau de la populace\u00a0\u00bb. Comme lui, c\u2019est une \u00ab\u00a0gueule\u00a0\u00bb, un personnage th\u00e9\u00e2tral. Mais contrairement \u00e0 Mirabeau, \u00ab\u00a0Danton, comme Robespierre et Marat, est une cr\u00e9ation de la R\u00e9volution. Il jaillit de l\u2019immense \u00e9v\u00e9nement sans aucun pr\u00e9avis\u00a0\u00bb (Mona Ozouf).<\/p>\n<blockquote>\n<p class=\"citation-small\">\u00ab\u00a0Le tocsin qui sonne n\u2019est point un signal d\u2019alarme, c\u2019est la charge contre les ennemis de la patrie. Pour les vaincre, Messieurs, il nous faut de l\u2019audace, encore de l\u2019audace, toujours de l\u2019audace, et la France est sauv\u00e9e.\u00a0\u00bb<span id=\"1428\" class=\"cit-num\">1428<\/span><\/p>\n<p class=\"auteur\"><span class=\"caps\">DANTON<\/span> (1759-1794), L\u00e9gislative, 2\u00a0septembre 1792<\/p>\n<\/blockquote>\n<p>\u00ab\u00a0De l\u2019audace\u2026\u00a0\u00bb La fin du discours est c\u00e9l\u00e9brissime et propre \u00e0 galvaniser le peuple\u00a0: \u00ab\u00a0Danton fut l\u2019action dont Mirabeau avait \u00e9t\u00e9 la parole\u00a0\u00bb, \u00e9crit Hugo (<em>Quatre-vingt-treize<\/em>). Ce 2\u00a0septembre, la patrie est plus que jamais en danger. La Fayette, accus\u00e9 de trahison, est pass\u00e9 \u00e0 l\u2019ennemi. Dumouriez (\u2026) l\u2019a remplac\u00e9 \u00e0 la t\u00eate de l\u2019arm\u00e9e du Nord, mais (\u2026) Verdun vient de capituler (\u2026) La rumeur court d\u2019un complot des prisonniers, pr\u00eats \u00e0 massacrer les patriotes \u00e0 l\u2019arriv\u00e9e des Austro-Prussiens (\u2026) 600 suspects arr\u00eat\u00e9s rejoignent 2\u00a0000 d\u00e9tenus en prison.<\/p>\n<blockquote>\n<p class=\"citation-small\">\u00ab\u00a0Il faut purger les prisons et ne pas laisser de tra\u00eetres derri\u00e8re nous en partant pour les fronti\u00e8res.\u00a0\u00bb<span id=\"1429\" class=\"cit-num\">1429<\/span><\/p>\n<p class=\"auteur\">Mot d\u2019ordre de la presse r\u00e9volutionnaire. <em>Histoire des Girondins<\/em> (1847), Alphonse de Lamartine<\/p>\n<\/blockquote>\n<p>Mot d\u2019ordre repris par <em>L\u2019Ami du peuple<\/em> de Marat et <em>Le P\u00e8re Duchesne<\/em> d\u2019H\u00e9bert, dans les premiers jours de septembre\u00a01792. Marat ne se contente plus d\u2019\u00e9crire, il entre le 2\u00a0septembre dans le Comit\u00e9 de surveillance cr\u00e9\u00e9 par la Commune. Ce \u00ab\u00a0fanatique \u00e9nergum\u00e8ne\u00a0\u00bb (selon le Montagnard Levasseur) sera l\u2019un des responsables des massacres de septembre.<\/p>\n<blockquote>\n<p class=\"citation-small\">\u00ab\u00a0Que demande un R\u00e9publicain\u00a0?<br>La libert\u00e9 du genre humain,<br>Le pic dans les cachots,<br>La torche dans les ch\u00e2teaux<br>Et la paix aux chaumi\u00e8res\u00a0!\u00a0\u00bb<span id=\"1430\" class=\"cit-num\">1430<\/span><\/p>\n<p class=\"auteur\"><em>La Carmagnole<\/em> (automne 1792), chanson anonyme. <em>Histoire de France par les chansons<\/em> (1982), France Vernillat, Pierre Barbier<\/p>\n<\/blockquote>\n<p>Cette nouvelle version de la <em>Carmagnole<\/em> r\u00e9sume la situation. Le \u00ab\u00a0pic dans les cachots\u00a0\u00bb va entra\u00eener un nouveau massacre r\u00e9volutionnaire, plus spectaculaire que les pr\u00e9c\u00e9dents. Ministre de la Justice et responsable des prisons, Danton, qui pouvait tout, ne va rien faire pour l\u2019emp\u00eacher.<\/p>\n<blockquote>\n<p class=\"citation-small\">\u00ab\u00a0Le peuple veut se faire justice lui-m\u00eame de tous les mauvais sujets qui sont dans les prisons [\u2026] Je me fous bien des prisonniers\u00a0: qu\u2019ils deviennent ce qu\u2019ils pourront\u00a0!\u00a0\u00bb<span id=\"1431\" class=\"cit-num\">1431<\/span><\/p>\n<p class=\"auteur\"><span class=\"caps\">DANTON<\/span> (1759-1794), \u00e0 Grandpr\u00e9, collaborateur du ministre de l\u2019Int\u00e9rieur Roland.<em> La R\u00e9volution fran\u00e7aise<\/em> (1928), Pierre Gaxotte<\/p>\n<\/blockquote>\n<p>R\u00e9cemment nomm\u00e9 inspecteur des prisons, Grandpr\u00e9 l\u2019informe du climat r\u00e9gnant dans la capitale et du danger couru par les prisonniers. Danton n\u2019en a cure et parle d\u2019un \u00ab\u00a0sacrifice indispensable [\u2026] pour apaiser le peuple de Paris. \u00ab\u00a0<em>Vox populi, vox Dei<\/em>\u00a0\u00bb,\u00a0c\u2019est l\u2019adage le plus vrai, le plus r\u00e9publicain que je connaisse.\u00a0\u00bb (\u2026) Les massacres du 2 au 6\u00a0septembre 1792 feront quelque 1\u00a0500 morts (sur 3\u00a0000 prisonniers) (\u2026)<\/p>\n<blockquote>\n<p class=\"citation-small\">\u00ab\u00a0Respectables citoyens, vous venez d\u2019\u00e9gorger des sc\u00e9l\u00e9rats\u00a0; vous avez sauv\u00e9 la patrie\u00a0; la France enti\u00e8re vous doit une reconnaissance \u00e9ternelle.\u00a0\u00bb<span id=\"1432\" class=\"cit-num\">1432<\/span><\/p>\n<p class=\"auteur\">Jean-Nicolas <span class=\"caps\">BILLAUD<\/span>\u2013<span class=\"caps\">VARENNE<\/span> (1756-1819) aux massacreurs, 3\u00a0septembre 1792 (\u2026)<\/p>\n<\/blockquote>\n<p>Parole de Jacobin, membre de la Commune insurrectionnelle de Paris. Il encourage les \u00e9gorgeurs \u00e0 se servir sur le butin et la d\u00e9pouille des cadavres, offre \u00e0 chaque \u00e9gorgeur 24\u00a0livres et les encourage\u00a0: \u00ab\u00a0Continuez votre ouvrage, et la patrie vous devra de nouveaux hommages.\u00a0\u00bb Ce mouvement n\u2019a pas touch\u00e9 la province (\u2026) et certains quartiers de Paris sont rest\u00e9s calmes. La m\u00eame remarque vaudra sous la Grande Terreur (\u2026)<\/p>\n<blockquote>\n<p class=\"citation-small\">\u00ab\u00a0Vous connaissez mon enthousiasme pour la R\u00e9volution. Eh bien\u00a0! j\u2019en ai honte. Elle est ternie par des sc\u00e9l\u00e9rats, elle est devenue hideuse.\u00a0\u00bb<span id=\"1433\" class=\"cit-num\">1433<\/span><\/p>\n<p class=\"auteur\">Mme <span class=\"caps\">ROLAND<\/span> (1754-1793), Lettre \u00e0 un ami, 5\u00a0septembre 1792.<em> Les Grands Proc\u00e8s de l\u2019histoire<\/em> (1924), Me Henri-Robert<\/p>\n<\/blockquote>\n<p>Manon Roland est surtout connue pour avoir \u00e9t\u00e9 la femme de son mari\u00a0: l\u2019histoire est injuste (\u2026) C\u2019est l\u2019\u00e2me du mouvement girondin, avec une influence pr\u00e9pond\u00e9rante durant les trois mois du minist\u00e8re girondin (mars-juin\u00a01792). Elle suivra ses amis politiques dans leur chute et leur mort. Pour l\u2019heure, elle refl\u00e8te l\u2019opinion d\u2019une grande partie de la France. Elle va d\u00e9sormais vouer une haine absolue \u00e0 Danton, qui la lui rend bien.<\/p>\n<blockquote>\n<p class=\"citation-small\">\u00ab\u00a0Je dois \u00e0 la justice de dire que jamais troupes n\u2019ont d\u00e9ploy\u00e9 plus de courage et de fermet\u00e9 que cette brave arm\u00e9e qui, \u00e0 juste titre, fut surnomm\u00e9e l\u2019arm\u00e9e infernale.\u00a0\u00bb<span id=\"1434\" class=\"cit-num\">1434<\/span><\/p>\n<p class=\"auteur\"><span class=\"caps\">KELLERMANN<\/span> (1735-1820), <em>Relation de la bataille de Valmy et m\u00e9moire sur la campagne de 1792<\/em><\/p>\n<\/blockquote>\n<p>(\u2026) Il fait partie des officiers de l\u2019Ancien R\u00e9gime ralli\u00e9s \u00e0 la R\u00e9volution. Nomm\u00e9 lieutenant g\u00e9n\u00e9ral en 1792, il remporte la victoire de Valmy sous les ordres de Dumouriez. La bataille se borne \u00e0 une violente canonnade\u00a0: 150 morts et 260 bless\u00e9s chez les Fran\u00e7ais, gu\u00e8re plus chez les Prussiens et Autrichiens coalis\u00e9s (\u2026) Ce 20\u00a0septembre 1792 fait pourtant date dans l\u2019histoire de France\u00a0: le 21 septembre la monarchie est abolie, et le 22 septembre la R\u00e9publique est proclam\u00e9e.<\/p>\n<blockquote>\n<p class=\"citation-small\">\u00ab\u00a0De ce jour et de ce lieu date une \u00e8re nouvelle de l\u2019histoire du monde et vous pourrez dire\u00a0: j\u2019y \u00e9tais.\u00a0\u00bb<span id=\"1435\" class=\"cit-num\">1435<\/span><\/p>\n<p class=\"auteur\"><span class=\"caps\">GOETHE<\/span> (1749-1832), <em>Aus meinem Lebe\u00a0: Dichtung und Warheit \u2013\u00a0De ma vie\u00a0: Po\u00e9sie et V\u00e9rit\u00e9<\/em> (1811-1833), autobiographie<\/p>\n<\/blockquote>\n<p>(\u2026) Le plus grand \u00e9crivain allemand est pr\u00e9sent \u00e0 la bataille de Valmy (commune de la Marne), c\u00f4t\u00e9 Prussiens. Et conscient de vivre un \u00e9v\u00e9nement majeur. La retraite des troupes du duc de Brunswick, sup\u00e9rieures en nombre, reste \u00e0 jamais une \u00e9nigme. Il aurait dit\u00a0: \u00ab\u00a0Nous ne combattrons pas ici.\u00a0\u00bb<\/p>\n<blockquote>\n<p class=\"citation-small\">\u00ab\u00a0Vive la Nation\u00a0!\u00a0\u00bb<span id=\"1436\" class=\"cit-num\">1436<\/span><\/p>\n<p class=\"auteur\">Cri des troupes de Kellermann et Dumouriez \u00e0 Valmy, 20\u00a0septembre 1792 (\u2026)<\/p>\n<\/blockquote>\n<p>Contre l\u2019arm\u00e9e prussienne, ce cri nouveau est charg\u00e9 d\u2019un triple symbole\u00a0: triomphe de l\u2019id\u00e9e de Nation, d\u00e9ch\u00e9ance du roi, victoire de la R\u00e9publique. Et Valmy arr\u00eate l\u2019invasion de la France r\u00e9volutionnaire. Autre premi\u00e8re historique, les femmes se sont engag\u00e9es pour d\u00e9fendre la patrie proclam\u00e9e en danger.<\/p>\n<blockquote>\n<p class=\"citation-small\">\u00ab\u00a0J\u2019ai pris part \u00e0 tous vos exploits<br>En vous versant \u00e0 boire.<br>Songez combien j\u2019ai fait de fois<br>Rafra\u00eechir la victoire.\u00a0\u00bb<span id=\"1437\" class=\"cit-num\">1437<\/span><\/p>\n<p class=\"auteur\"><span class=\"caps\">B\u00c9RANGER<\/span> (1780-1857), <em>La Vivandi\u00e8re<\/em> (1817), chanson<\/p>\n<\/blockquote>\n<p>Pr\u00e9sent \u00e0 Paris au d\u00e9but de la R\u00e9volution, tr\u00e8s t\u00f4t r\u00e9publicain de c\u0153ur, il trouve son expression dans la chanson patriotique. Il n\u2019imaginait pas que son nom reste dans l\u2019histoire, c\u2019est pourtant l\u2019un de nos chansonniers les plus populaires\u00a0! Il rend hommage \u00e0 l\u2019entr\u00e9e sur la sc\u00e8ne de l\u2019histoire de ces femmes qui s\u2019engag\u00e8rent aux arm\u00e9es (\u2026) Vivandi\u00e8res, appel\u00e9es aussi cantini\u00e8res, elles suivront toutes les guerres de la R\u00e9volution et de l\u2019Empire.<\/p>\n<blockquote>\n<p class=\"citation-small\">\u00ab\u00a0Un soir, disait Condorcet<br>\u00c0 plus d\u2019un confr\u00e8re,<br>J\u2019ai dans la t\u00eate un projet<br>Qui pourra vous plaire,<br>Il nous faut, mes chers amis,<br>\u00c9tablir en ce pays<br>Une r\u00e9-r\u00e9-r\u00e9<br>Une pu-pu-pu<br>Une r\u00e9 \u2013 Une pu \u2013 Une r\u00e9publique<br>D\u2019une forme unique.\u00a0\u00bb<span id=\"1438\" class=\"cit-num\">1438<\/span><\/p>\n<p class=\"auteur\">Fran\u00e7ois <span class=\"caps\">MARCHANT<\/span> (1761-1793),<em> Le Grand Projet<\/em>, chanson. <em>Histoire de France par les chansons<\/em> (1982), France Vernillat, Pierre Barbier<\/p>\n<\/blockquote>\n<p>La chanson \u00e0 la mode, au lendemain de Valmy. Le roi est suspendu de ses fonctions, la monarchie fait place \u00e0 un nouveau r\u00e9gime et l\u2019humour reprend ses droits, le temps de quelques vers\u00a0(\u2026) Le suffrage universel (masculin) s\u2019applique pour la premi\u00e8re fois dans notre histoire, la L\u00e9gislative ayant aboli au lendemain du 10\u00a0ao\u00fbt la distinction entre citoyens actifs et passifs, pour l\u2019\u00e9lection de la prochaine Assembl\u00e9e nationale.<\/p>\n<\/div>\n<style>\r\n        a .cit-num {\r\n            text-decoration: none !important;\r\n            color: inherit !important;\r\n        }\r\n    <\/style>","protected":false},"excerpt":{"rendered":"<p>\u00a0 R\u00e9volution Assembl\u00e9e l\u00e9gislative (fin) Danton, nouveau leader\u00a0: premi\u00e8re Terreur (massacres de septembre 1792) et victoire de Valmy le 20 septembre. Sur fond de guerre et de patrie plus que jamais en danger, \u00e0 l\u2019instigation de Danton qui a d\u00e9sormais tout pouvoir et l\u2019\u00e9loquence en prime, les massacres du 2 au 6 septembre font 1 [&#8230;]<\/p>\n","protected":false},"author":1,"featured_media":0,"comment_status":"open","ping_status":"open","sticky":false,"template":"","format":"standard","meta":{"site-sidebar-layout":"default","site-content-layout":"","ast-site-content-layout":"default","site-content-style":"default","site-sidebar-style":"default","ast-global-header-display":"","ast-banner-title-visibility":"","ast-main-header-display":"","ast-hfb-above-header-display":"","ast-hfb-below-header-display":"","ast-hfb-mobile-header-display":"","site-post-title":"","ast-breadcrumbs-content":"","ast-featured-img":"","footer-sml-layout":"","theme-transparent-header-meta":"","adv-header-id-meta":"","stick-header-meta":"","header-above-stick-meta":"","header-main-stick-meta":"","header-below-stick-meta":"","astra-migrate-meta-layouts":"default","ast-page-background-enabled":"default","ast-page-background-meta":{"desktop":{"background-color":"var(--ast-global-color-5)","background-image":"","background-repeat":"repeat","background-position":"center center","background-size":"auto","background-attachment":"scroll","background-type":"","background-media":"","overlay-type":"","overlay-color":"","overlay-opacity":"","overlay-gradient":""},"tablet":{"background-color":"","background-image":"","background-repeat":"repeat","background-position":"center center","background-size":"auto","background-attachment":"scroll","background-type":"","background-media":"","overlay-type":"","overlay-color":"","overlay-opacity":"","overlay-gradient":""},"mobile":{"background-color":"","background-image":"","background-repeat":"repeat","background-position":"center center","background-size":"auto","background-attachment":"scroll","background-type":"","background-media":"","overlay-type":"","overlay-color":"","overlay-opacity":"","overlay-gradient":""}},"ast-content-background-meta":{"desktop":{"background-color":"var(--ast-global-color-4)","background-image":"","background-repeat":"repeat","background-position":"center center","background-size":"auto","background-attachment":"scroll","background-type":"","background-media":"","overlay-type":"","overlay-color":"","overlay-opacity":"","overlay-gradient":""},"tablet":{"background-color":"var(--ast-global-color-4)","background-image":"","background-repeat":"repeat","background-position":"center center","background-size":"auto","background-attachment":"scroll","background-type":"","background-media":"","overlay-type":"","overlay-color":"","overlay-opacity":"","overlay-gradient":""},"mobile":{"background-color":"var(--ast-global-color-4)","background-image":"","background-repeat":"repeat","background-position":"center center","background-size":"auto","background-attachment":"scroll","background-type":"","background-media":"","overlay-type":"","overlay-color":"","overlay-opacity":"","overlay-gradient":""}},"iawp_total_views":14,"footnotes":""},"categories":[245,7,724,535],"tags":[],"class_list":["post-7353","post","type-post","status-publish","format-standard","hentry","category-chronique","category-chronique-du-jour","category-georges-jacques-danton","category-revolution"],"_links":{"self":[{"href":"https:\/\/histoire-en-citations.fr\/WP\/wp-json\/wp\/v2\/posts\/7353","targetHints":{"allow":["GET"]}}],"collection":[{"href":"https:\/\/histoire-en-citations.fr\/WP\/wp-json\/wp\/v2\/posts"}],"about":[{"href":"https:\/\/histoire-en-citations.fr\/WP\/wp-json\/wp\/v2\/types\/post"}],"author":[{"embeddable":true,"href":"https:\/\/histoire-en-citations.fr\/WP\/wp-json\/wp\/v2\/users\/1"}],"replies":[{"embeddable":true,"href":"https:\/\/histoire-en-citations.fr\/WP\/wp-json\/wp\/v2\/comments?post=7353"}],"version-history":[{"count":2,"href":"https:\/\/histoire-en-citations.fr\/WP\/wp-json\/wp\/v2\/posts\/7353\/revisions"}],"predecessor-version":[{"id":12947,"href":"https:\/\/histoire-en-citations.fr\/WP\/wp-json\/wp\/v2\/posts\/7353\/revisions\/12947"}],"wp:attachment":[{"href":"https:\/\/histoire-en-citations.fr\/WP\/wp-json\/wp\/v2\/media?parent=7353"}],"wp:term":[{"taxonomy":"category","embeddable":true,"href":"https:\/\/histoire-en-citations.fr\/WP\/wp-json\/wp\/v2\/categories?post=7353"},{"taxonomy":"post_tag","embeddable":true,"href":"https:\/\/histoire-en-citations.fr\/WP\/wp-json\/wp\/v2\/tags?post=7353"}],"curies":[{"name":"wp","href":"https:\/\/api.w.org\/{rel}","templated":true}]}}