{"id":7381,"date":"2019-06-04T10:39:36","date_gmt":"2019-06-04T08:39:36","guid":{"rendered":"https:\/\/histoire-en-citations.fr\/WP\/2025\/06\/26\/barere-de-vieuzac-detruisez-la-vendee-valenciennes-et-conde-ne-seront-plus-au-pouvoir-de-lautrichien\/"},"modified":"2025-08-12T08:43:43","modified_gmt":"2025-08-12T06:43:43","slug":"barere-de-vieuzac-detruisez-la-vendee-valenciennes-et-conde-ne-seront-plus-au-pouvoir-de-lautrichien","status":"publish","type":"post","link":"https:\/\/histoire-en-citations.fr\/WP\/barere-de-vieuzac-detruisez-la-vendee-valenciennes-et-conde-ne-seront-plus-au-pouvoir-de-lautrichien\/","title":{"rendered":"Bar\u00e8re de Vieuzac : \u00ab D\u00e9truisez la Vend\u00e9e ; Valenciennes et Cond\u00e9 ne seront plus au pouvoir de l&#039;Autrichien&#8230;\u00a0\u00bb"},"content":{"rendered":"<div class=\"field-item even\">\n<p>\u00a0<\/p>\n<p><strong>R\u00e9volution<\/strong><\/p>\n<h4>Convention nationale (suite)<\/h4>\n<p><strong>Les d\u00e9put\u00e9s l\u00e9gif\u00e8rent remarquablement, mais les sans-culottes font la loi dans la rue et bient\u00f4t \u00e0 l\u2019Assembl\u00e9e.<\/strong><\/p>\n<div class=\"encart\">\n<p>Sur fond de guerre civile et \u00e9trang\u00e8re, la Convention accomplit un travail l\u00e9gislatif aussi remarquable que les deux premi\u00e8res Assembl\u00e9es. Paradoxe constant de cette R\u00e9volution toujours en marche\u2026<\/p>\n<p>Le service militaire obligatoire remplace le volontariat de 1792 pour les soldats de l\u2019An <span class=\"caps\">II<\/span>. Contre l\u2019Europe des rois, la \u00ab\u00a0guerre totale\u00a0\u00bb est d\u00e9cr\u00e9t\u00e9e. Le Tribunal r\u00e9volutionnaire est renforc\u00e9, mais les sans-culottes font d\u00e9j\u00e0 la loi \u00e0 l\u2019Assembl\u00e9e, en attendant que la Terreur soit d\u00e9cr\u00e9t\u00e9e.<\/p>\n<\/div>\n<p><em>Les commentaires sont all\u00e9g\u00e9s, les coupes signal\u00e9es (\u2026) <a href=\"https:\/\/histoire-en-citations.fr\/WP\/boutique\/\" target=\"_blank\">Retrouvez l\u2019int\u00e9gralit\u00e9 dans nos Chroniques de l\u2019Histoire en citations<\/a>.<\/em><\/p>\n<blockquote>\n<p class=\"citation citation-small\"><span class=\"enonce\">\u00ab\u00a0D\u00e9truisez la Vend\u00e9e\u00a0; Valenciennes et Cond\u00e9 ne seront plus au pouvoir de l\u2019Autrichien. D\u00e9truisez la Vend\u00e9e\u00a0; l\u2019Anglais ne s\u2019occupera plus de Dunkerque. D\u00e9truisez la Vend\u00e9e\u00a0; le Rhin sera d\u00e9livr\u00e9 des Prussiens\u2026\u00a0\u00bb<span id=\"1524\" class=\"cit-num\">1524<\/span><\/span><\/p>\n<p class=\"auteur\"><span data-href=\"\/auteurs\/bertrand-barere-de-vieuzac\"><span class=\"author\"><span class=\"surname\">Bertrand <\/span><span class=\"name\"><span class=\"caps\">BAR\u00c8RE<\/span> de <span class=\"caps\">VIEUZAC<\/span><\/span><\/span><\/span> (1755-1841), Discours, Convention, 1<sup>er<\/sup>\u00a0ao\u00fbt 1793<\/p>\n<p class=\"source\"><cite>Histoire parlementaire de la R\u00e9volution fran\u00e7aise ou Journal des Assembl\u00e9es nationales<\/cite> (1834-1838), <span class=\"caps\">P.J.B.<\/span> Buchez, <span class=\"caps\">P.C.<\/span> Roux.<\/p>\n<\/blockquote>\n<p>(\u2026) Le g\u00e9nocide semble inscrit dans le d\u00e9cret vot\u00e9 le 1er\u00a0ao\u00fbt, apr\u00e8s ce discours incendiaire (\u2026) Il faut des \u00ab\u00a0mesures qui tendent \u00e0 exterminer cette race rebelle, \u00e0 faire dispara\u00eetre leurs repaires, \u00e0 incendier leurs for\u00eats, \u00e0 couper leurs r\u00e9coltes. L\u2019humanit\u00e9 ne se plaindra pas\u00a0; c\u2019est faire son bien que d\u2019extirper le mal\u00a0(\u2026)\u00a0\u00bb L\u2019arm\u00e9e vend\u00e9enne est an\u00e9antie \u00e0 Savenay (23\u00a0d\u00e9cembre 1793), les colonnes infernales font la \u00ab\u00a0terre br\u00fbl\u00e9e\u00a0\u00bb et ex\u00e9cutent 160\u00a0000 civils, au d\u00e9but de 1794 (\u2026)<\/p>\n<blockquote>\n<p class=\"citation-small\">\u00ab\u00a0Le nouveau syst\u00e8me de poids et mesures, fond\u00e9 sur la mesure du m\u00e9ridien de la Terre et la division d\u00e9cimale, servira uniform\u00e9ment dans toute la R\u00e9publique.\u00a0\u00bb<span id=\"1525\" class=\"cit-num\">1525<\/span><\/p>\n<p class=\"auteur\">D\u00e9cret du 1er\u00a0ao\u00fbt 1793 \u00e0 la Convention. <em>Archives parlementaires de 1787 \u00e0 1860<\/em> (1906), Assembl\u00e9e nationale<\/p>\n<\/blockquote>\n<p>Apr\u00e8s le d\u00e9cret g\u00e9nocidaire, m\u00eame jour, m\u00eame lieu, les m\u00eames hommes votent ce texte qui \u00e9tablit l\u2019uniformit\u00e9 et le syst\u00e8me g\u00e9n\u00e9ral des poids et mesures. Malgr\u00e9 les guerres civiles et ext\u00e9rieures qui mettent la patrie en danger, malgr\u00e9 la crise des subsistances, les \u00e9meutes et les insurrections r\u00e9p\u00e9t\u00e9es (\u2026) envers et contre tout, les d\u00e9put\u00e9s font du bon travail, \u00e0 l\u2019Assembl\u00e9e (\u2026) Le syst\u00e8me va s\u2019\u00e9tendre \u00e0 l\u2019Europe.<\/p>\n<blockquote>\n<p class=\"citation-small\">\u00ab\u00a0Apr\u00e8s avoir longtemps march\u00e9 sur des ruines, il faut \u00e9lever le grand \u00e9difice de la l\u00e9gislation civile.\u00a0\u00bb<span id=\"1526\" class=\"cit-num\">1526<\/span><\/p>\n<p class=\"auteur\"><span class=\"caps\">CAMBAC\u00c9R\u00c8S<\/span> (1753-1824), rapport fait \u00e0 la Convention nationale sur le premier projet de Code civil, 21\u00a0ao\u00fbt 1793<\/p>\n<\/blockquote>\n<p>Juriste sous l\u2019Ancien R\u00e9gime, nourri de la philosophie des Lumi\u00e8res, il parle au nom du Comit\u00e9 de l\u00e9gislation (\u2026) Mis en chantier trois ans plus t\u00f4t par la Constituante, le projet sera trois fois rejet\u00e9\u00a0: trop long et pas assez r\u00e9volutionnaire, puis trop court, victime des courants politiques contraires\u2026 C\u2019est quand m\u00eame une \u00e9tape importante dans l\u2019histoire du droit.<\/p>\n<blockquote>\n<p class=\"citation-small\">\u00ab\u00a0Rien au monde ne fait plus d\u2019honneur aux Fran\u00e7ais que d\u2019avoir \u00e9t\u00e9 capables de se donner froidement, impassiblement leur Code civil au milieu du d\u00e9lire de 1793.\u00a0\u00bb<span id=\"1527\" class=\"cit-num\">1527<\/span><\/p>\n<p class=\"auteur\">Edgar <span class=\"caps\">QUINET<\/span> (1803-1875), <em>La R\u00e9volution<\/em> (1865)<\/p>\n<\/blockquote>\n<p>Onze ans plus tard, c\u2019est le Code Napol\u00e9on et Cambac\u00e9r\u00e8s est toujours l\u00e0, pr\u00e9sident du S\u00e9nat et du Conseil d\u2019\u00c9tat, bient\u00f4t archichancelier de l\u2019Empire. \u00ab\u00a0La France [qui] a \u00e9t\u00e9 gouvern\u00e9e par des coutumes, souvent par des caprices, et jamais par des lois\u00a0\u00bb (selon Mme\u00a0de Sta\u00ebl) r\u00e9alise en quelques ann\u00e9es le vieux r\u00eave d\u2019unification juridique de la monarchie.<\/p>\n<blockquote>\n<p class=\"citation-small\">\u00ab\u00a0D\u00e8s ce moment jusqu\u2019\u00e0 celui o\u00f9 les ennemis auront \u00e9t\u00e9 chass\u00e9s du territoire de la R\u00e9publique, tous les Fran\u00e7ais sont en \u00e9tat de r\u00e9quisition permanente pour le service des arm\u00e9es.\u00a0\u00bb<span id=\"1528\" class=\"cit-num\">1528<\/span><\/p>\n<p class=\"auteur\">D\u00e9cret sur la lev\u00e9e en masse, Convention, 23\u00a0ao\u00fbt 1793 (\u2026)<\/p>\n<\/blockquote>\n<p>Suite au rapport de Bar\u00e8re de Vieuzac et au nom du salut public, l\u2019Assembl\u00e9e vote le d\u00e9cret de lev\u00e9e en masse et de guerre totale. Au volontariat de 1792 succ\u00e8de le service obligatoire, rendu in\u00e9vitable par les guerres de la premi\u00e8re coalition, et le recul de nos arm\u00e9es (\u2026) Les soldats de l\u2019an\u00a0<span class=\"caps\">II<\/span> atteindront presque le million.<\/p>\n<blockquote>\n<p class=\"citation-small\">\u00ab\u00a0Il n\u2019existe qu\u2019une sorte de d\u00e9lit \u00e0 ce tribunal, la haute trahison, et il n\u2019y a qu\u2019une seule peine, qui est la mort.\u00a0\u00bb<span id=\"1529\" class=\"cit-num\">1529<\/span><\/p>\n<p class=\"auteur\"><span class=\"caps\">ROBESPIERRE<\/span> (1758-1794) r\u00e9affirmant la terrible vocation du Tribunal r\u00e9volutionnaire, Convention, Discours du 25\u00a0ao\u00fbt 1793 (\u2026)<\/p>\n<\/blockquote>\n<p>Cr\u00e9\u00e9 le 10\u00a0mars, avec 12 jur\u00e9s, cinq juges et un accusateur public (Fouquier-Tinville), ce tribunal d\u2019exception juge tout individu suspect de porter \u00ab\u00a0atteinte \u00e0 la libert\u00e9, l\u2019\u00e9galit\u00e9, l\u2019unit\u00e9, l\u2019indivisibilit\u00e9 de la R\u00e9publique\u00a0\u00bb ou de fomenter des complots tendant \u00e0 r\u00e9tablir la royaut\u00e9. Le jugement, sans appel, est ex\u00e9cutoire dans les 24 heures (\u2026) Le Comit\u00e9 de salut public (\u2026) et le Comit\u00e9 de s\u00fbret\u00e9 g\u00e9n\u00e9rale (\u2026) sont les deux autres outils du gouvernement r\u00e9volutionnaire th\u00e9oris\u00e9 par Robespierre (\u2026)<\/p>\n<blockquote>\n<p class=\"citation-small\">\u00ab\u00a0C\u2019est ici la guerre ouverte des riches contre les pauvres\u00a0; ils veulent nous \u00e9craser\u00a0; eh bien\u00a0! il faut les pr\u00e9venir et les \u00e9craser nous-m\u00eames\u00a0; nous avons la force en main.\u00a0\u00bb<span id=\"1530\" class=\"cit-num\">1530<\/span><\/p>\n<p class=\"auteur\">Pierre-Gaspard <span class=\"caps\">CHAUMETTE<\/span> (1763-1794), 4\u00a0septembre\u00a01793 \u00e0 la Commune de Paris (H\u00f4tel de Ville) (\u2026)<\/p>\n<\/blockquote>\n<p>Extr\u00e9miste h\u00e9bertiste, il revendique la pauvret\u00e9 qu\u2019il a v\u00e9cue. La crise des subsistances et la reddition de Toulon aux Anglais provoquent l\u2019\u00e9meute\u00a0: deux journ\u00e9es r\u00e9volutionnaires. D\u2019abord les rassemblements ouvriers du 4\u00a0septembre, puis, le lendemain, une manifestation organis\u00e9e (\u2026) En fait, les sans-culottes veulent une r\u00e9pression plus exp\u00e9ditive des \u00ab\u00a0m\u00e9chants\u00a0\u00bb\u00a0: comploteurs, affameurs, tra\u00eetres \u00e0 la patrie et autres suspects (\u2026)<\/p>\n<blockquote>\n<p class=\"citation-small\">\u00ab\u00a0Guerre aux tyrans\u00a0! Guerre aux aristocrates\u00a0! Guerre aux accapareurs\u00a0!\u00a0\u00bb<span id=\"1531\" class=\"cit-num\">1531<\/span><\/p>\n<p class=\"auteur\">Mots d\u2019ordre des sections populaires des sans-culottes, 5\u00a0septembre 1793 (\u2026)<\/p>\n<\/blockquote>\n<p>Un long cort\u00e8ge d\u2019\u00e9meutiers, pr\u00e9c\u00e9d\u00e9 de Pache et de Chaumette, encadr\u00e9 par les H\u00e9bertistes et les Enrag\u00e9s, s\u2019\u00e9branle de l\u2019H\u00f4tel de Ville \u00e0 la Convention. Les sans-culottes n\u2019ont pas besoin, comme au 2\u00a0juin, de violence pour faire plier l\u2019Assembl\u00e9e qui c\u00e9dera \u00e0 la plupart de leurs revendications \u00e9conomiques (\u2026)<\/p>\n<\/div>\n<style>\r\n        a .cit-num {\r\n            text-decoration: none !important;\r\n            color: inherit !important;\r\n        }\r\n    <\/style>","protected":false},"excerpt":{"rendered":"<p>\u00a0 R\u00e9volution Convention nationale (suite) Les d\u00e9put\u00e9s l\u00e9gif\u00e8rent remarquablement, mais les sans-culottes font la loi dans la rue et bient\u00f4t \u00e0 l\u2019Assembl\u00e9e. Sur fond de guerre civile et \u00e9trang\u00e8re, la Convention accomplit un travail l\u00e9gislatif aussi remarquable que les deux premi\u00e8res Assembl\u00e9es. Paradoxe constant de cette R\u00e9volution toujours en marche&#8230; Le service militaire obligatoire remplace [&#8230;]<\/p>\n","protected":false},"author":1,"featured_media":0,"comment_status":"open","ping_status":"open","sticky":false,"template":"","format":"standard","meta":{"site-sidebar-layout":"default","site-content-layout":"","ast-site-content-layout":"default","site-content-style":"default","site-sidebar-style":"default","ast-global-header-display":"","ast-banner-title-visibility":"","ast-main-header-display":"","ast-hfb-above-header-display":"","ast-hfb-below-header-display":"","ast-hfb-mobile-header-display":"","site-post-title":"","ast-breadcrumbs-content":"","ast-featured-img":"","footer-sml-layout":"","theme-transparent-header-meta":"","adv-header-id-meta":"","stick-header-meta":"","header-above-stick-meta":"","header-main-stick-meta":"","header-below-stick-meta":"","astra-migrate-meta-layouts":"default","ast-page-background-enabled":"default","ast-page-background-meta":{"desktop":{"background-color":"var(--ast-global-color-5)","background-image":"","background-repeat":"repeat","background-position":"center center","background-size":"auto","background-attachment":"scroll","background-type":"","background-media":"","overlay-type":"","overlay-color":"","overlay-opacity":"","overlay-gradient":""},"tablet":{"background-color":"","background-image":"","background-repeat":"repeat","background-position":"center center","background-size":"auto","background-attachment":"scroll","background-type":"","background-media":"","overlay-type":"","overlay-color":"","overlay-opacity":"","overlay-gradient":""},"mobile":{"background-color":"","background-image":"","background-repeat":"repeat","background-position":"center center","background-size":"auto","background-attachment":"scroll","background-type":"","background-media":"","overlay-type":"","overlay-color":"","overlay-opacity":"","overlay-gradient":""}},"ast-content-background-meta":{"desktop":{"background-color":"var(--ast-global-color-4)","background-image":"","background-repeat":"repeat","background-position":"center center","background-size":"auto","background-attachment":"scroll","background-type":"","background-media":"","overlay-type":"","overlay-color":"","overlay-opacity":"","overlay-gradient":""},"tablet":{"background-color":"var(--ast-global-color-4)","background-image":"","background-repeat":"repeat","background-position":"center center","background-size":"auto","background-attachment":"scroll","background-type":"","background-media":"","overlay-type":"","overlay-color":"","overlay-opacity":"","overlay-gradient":""},"mobile":{"background-color":"var(--ast-global-color-4)","background-image":"","background-repeat":"repeat","background-position":"center center","background-size":"auto","background-attachment":"scroll","background-type":"","background-media":"","overlay-type":"","overlay-color":"","overlay-opacity":"","overlay-gradient":""}},"iawp_total_views":10,"footnotes":""},"categories":[7],"tags":[],"class_list":["post-7381","post","type-post","status-publish","format-standard","hentry","category-chronique-du-jour"],"_links":{"self":[{"href":"https:\/\/histoire-en-citations.fr\/WP\/wp-json\/wp\/v2\/posts\/7381","targetHints":{"allow":["GET"]}}],"collection":[{"href":"https:\/\/histoire-en-citations.fr\/WP\/wp-json\/wp\/v2\/posts"}],"about":[{"href":"https:\/\/histoire-en-citations.fr\/WP\/wp-json\/wp\/v2\/types\/post"}],"author":[{"embeddable":true,"href":"https:\/\/histoire-en-citations.fr\/WP\/wp-json\/wp\/v2\/users\/1"}],"replies":[{"embeddable":true,"href":"https:\/\/histoire-en-citations.fr\/WP\/wp-json\/wp\/v2\/comments?post=7381"}],"version-history":[{"count":2,"href":"https:\/\/histoire-en-citations.fr\/WP\/wp-json\/wp\/v2\/posts\/7381\/revisions"}],"predecessor-version":[{"id":12944,"href":"https:\/\/histoire-en-citations.fr\/WP\/wp-json\/wp\/v2\/posts\/7381\/revisions\/12944"}],"wp:attachment":[{"href":"https:\/\/histoire-en-citations.fr\/WP\/wp-json\/wp\/v2\/media?parent=7381"}],"wp:term":[{"taxonomy":"category","embeddable":true,"href":"https:\/\/histoire-en-citations.fr\/WP\/wp-json\/wp\/v2\/categories?post=7381"},{"taxonomy":"post_tag","embeddable":true,"href":"https:\/\/histoire-en-citations.fr\/WP\/wp-json\/wp\/v2\/tags?post=7381"}],"curies":[{"name":"wp","href":"https:\/\/api.w.org\/{rel}","templated":true}]}}