{"id":7470,"date":"2019-07-05T10:51:41","date_gmt":"2019-07-05T08:51:41","guid":{"rendered":"https:\/\/histoire-en-citations.fr\/WP\/2025\/06\/26\/cambaceres-pour-la-gloire-comme-pour-le-bonheur-de-la-republique-il-le-senat-proclame-a-linstant-meme-napoleon-empereur-des-francais\/"},"modified":"2025-08-12T08:43:42","modified_gmt":"2025-08-12T06:43:42","slug":"cambaceres-pour-la-gloire-comme-pour-le-bonheur-de-la-republique-il-le-senat-proclame-a-linstant-meme-napoleon-empereur-des-francais","status":"publish","type":"post","link":"https:\/\/histoire-en-citations.fr\/WP\/cambaceres-pour-la-gloire-comme-pour-le-bonheur-de-la-republique-il-le-senat-proclame-a-linstant-meme-napoleon-empereur-des-francais\/","title":{"rendered":"Cambac\u00e9r\u00e8s : \u00ab Pour la gloire comme pour le bonheur de la R\u00e9publique, il [le S\u00e9nat] proclame \u00e0 l&rsquo;instant m\u00eame Napol\u00e9on empereur des Fran\u00e7ais.\u00a0\u00bb"},"content":{"rendered":"<div class=\"field-item even\">\n<p>\u00a0<\/p>\n<h4>Premier Empire<\/h4>\n<h4>Chronique (1804-1814)<\/h4>\n<p><strong>1804, 2 d\u00e9cembre. Un Sacre \u00ab\u00a0\u00e0 la Charlemagne\u00a0\u00bb.<\/strong><\/p>\n<div class=\"encart\">\n<p>Napol\u00e9on est proclam\u00e9 empereur des Fran\u00e7ais par le S\u00e9nat et le Conseil d\u2019Etat (18 mai 1804), pl\u00e9biscit\u00e9 par le peuple, sacr\u00e9 par le pape Pie <span class=\"caps\">VII<\/span> (2 d\u00e9cembre). C\u00e9r\u00e9monie \u00e0 la d\u00e9mesure de l\u2019ego imp\u00e9rial, immortalis\u00e9e par la fresque de David, peintre officiel de g\u00e9nie.<\/p>\n<p>La fascination de Napol\u00e9on pour Charles le Grand, empereur carolingien, s\u2019exprime clairement en maintes occasions. Elle va marquer l\u2019Empire pour le pire plus que le meilleur.<\/p>\n<\/div>\n<p><em>Les commentaires sont all\u00e9g\u00e9s, les coupes signal\u00e9es (\u2026) <a href=\"https:\/\/histoire-en-citations.fr\/WP\/boutique\/\" target=\"_blank\" rel=\"noopener\">Retrouvez l\u2019int\u00e9gralit\u00e9 dans nos Chroniques de l\u2019Histoire en citations<\/a>.<\/em><\/p>\n<blockquote>\n<p class=\"citation citation-small\"><span class=\"enonce\">\u00ab\u00a0Pour la gloire comme pour le bonheur de la R\u00e9publique, il [le S\u00e9nat] proclame \u00e0 l\u2019instant m\u00eame Napol\u00e9on empereur des Fran\u00e7ais.\u00a0\u00bb<span id=\"1791\" class=\"cit-num\">1791<\/span><\/span><\/p>\n<p class=\"auteur\"><span data-href=\"\/auteurs\/jean-jacques-regis-de-cambaceres\"><span class=\"author\"><span class=\"surname\">Jean-Jacques R\u00e9gis de <\/span><span class=\"name\"><span class=\"caps\">CAMBAC\u00c9R\u00c8S<\/span><\/span><\/span><\/span> (1753-1824), pr\u00e9sident du S\u00e9nat et du Conseil d\u2019\u00c9tat, D\u00e9claration du 18\u00a0mai 1804<\/p>\n<p class=\"source\"><cite>Vie de Cambac\u00e9r\u00e8s, ex-archichancelier<\/cite> (1824), Antoine Aubriet, Tourneux.<\/p>\n<\/blockquote>\n<p class=\"ressi\">Une semaine avant, le S\u00e9nat (\u2026) a vot\u00e9 \u2013 \u00e0 l\u2019unanimit\u00e9 moins trois voix et deux abstentions \u2013 le projet de proclamation de l\u2019Empire.<\/p>\n<blockquote>\n<p class=\"citation-small\">\u00ab\u00a0J\u2019accepte le titre que vous croyez utile \u00e0 la gloire de la nation. Je soumets \u00e0 la sanction du peuple la loi d\u2019h\u00e9r\u00e9dit\u00e9. J\u2019esp\u00e8re que la France ne se repentira jamais des honneurs dont elle environnera ma famille.\u00a0\u00bb<span id=\"1792\" class=\"cit-num\">1792<\/span><\/p>\n<p class=\"auteur\"><span class=\"caps\">NAPOL\u00c9ON<\/span> Ier (1769-1821), Adresse de l\u2019empereur \u00e0 Cambac\u00e9r\u00e8s et au pays, 18\u00a0mai 1804 (\u2026)<\/p>\n<\/blockquote>\n<p class=\"ressi\">Moment solennel \u2013 il y en aura d\u2019autres, dans cet Empire qui multiplie les symboles. Les mots sont tr\u00e8s forts, lourds de cons\u00e9quences, pour la France, et pour Napol\u00e9on qui a rev\u00eatu son uniforme de colonel de la garde (\u2026) On n\u2019attend pas la \u00ab\u00a0sanction du peuple\u00a0\u00bb et la mise en application de la Constitution de l\u2019an X est imm\u00e9diate. Le r\u00e9sultat du pl\u00e9biscite pour l\u2019Empire \u00e9tait \u00e9vident\u00a0: plus de 3,5\u00a0millions de oui, 2\u00a0579 non (ao\u00fbt\u00a01804).<\/p>\n<blockquote>\n<p class=\"citation-small\">\u00ab\u00a0R\u00e9publique fran\u00e7aise, Napol\u00e9on Empereur.\u00a0\u00bb<span id=\"1793\" class=\"cit-num\">1793<\/span><\/p>\n<p class=\"auteur\">En-t\u00eate sur les actes officiels, \u00e0 dater du 18\u00a0mai 1804.<em> L\u2019Europe et la R\u00e9volution fran\u00e7aise<\/em> (1907), Albert Sorel<\/p>\n<\/blockquote>\n<p class=\"ressi\">\u00c9trange inscription, oxymore institutionnel, dans la m\u00eame logique que la d\u00e9claration de Cambac\u00e9r\u00e8s. Rouget de l\u2019Isle, officier et auteur de <em>La Marseillaise<\/em>, ose pr\u00e9dire et \u00e9crire \u00e0 l\u2019empereur\u00a0: \u00ab\u00a0Bonaparte, vous vous perdez, et ce qu\u2019il y a de pire, vous perdez la France avec vous\u00a0!\u00a0\u00bb Mais l\u2019on entend surtout et partout les cris de \u00ab\u00a0Vive l\u2019empereur\u00a0!\u00a0\u00bb<\/p>\n<blockquote>\n<p class=\"citation-small\">\u00ab\u00a0Bonaparte, soldat, chef d\u2019arm\u00e9e, le premier capitaine du monde, vouloir qu\u2019on l\u2019appelle Majest\u00e9\u00a0! \u00catre Bonaparte et se faire Sire\u00a0! Il aspire \u00e0 descendre\u2026\u00a0\u00bb<span id=\"1794\" class=\"cit-num\">1794<\/span><\/p>\n<p class=\"auteur\">Paul-Louis <span class=\"caps\">COURIER<\/span> (1772-1825), Lettre dat\u00e9e de Plaisance, mai\u00a01804, sur le pl\u00e9biscite dans l\u2019arm\u00e9e (\u2026)<\/p>\n<\/blockquote>\n<p class=\"ressi\">Cet officier d\u00e9missionna de sa charge pour se retirer dans sa Touraine et lancer ses <em>Pamphlets<\/em> (\u2026) L\u2019auteur paiera cher sa libert\u00e9 d\u2019esprit et ses provocations\u00a0: censure, prison, proc\u00e8s, mille tracasseries administratives. Il finira assassin\u00e9 (sous la Restauration) \u2013 il le pr\u00e9voyait, l\u2019enqu\u00eate n\u2019aboutira jamais. Cet \u00e9ternel clandestin, de sa naissance \u00e0 sa mort, illustre une marginalit\u00e9 atypique.<\/p>\n<blockquote>\n<p class=\"citation-small\">\u00ab\u00a0Il y a parmi les conjur\u00e9s un homme que je regrette. C\u2019est Georges [Cadoudal]. Celui-l\u00e0 est bien tremp\u00e9\u00a0; entre mes mains, un pareil homme aurait fait de grandes choses.\u00a0\u00bb<span id=\"1795\" class=\"cit-num\">1795<\/span><\/p>\n<p class=\"auteur\"><span class=\"caps\">NAPOL\u00c9ON<\/span> Ier (1769-1821), \u00e0 Bourrienne, son secr\u00e9taire, 10\u00a0juin 1804 (\u2026)<\/p>\n<\/blockquote>\n<p class=\"ressi\">L\u2019empereur vient d\u2019apprendre la condamnation \u00e0 mort du conspirateur Cadoudal et de ses 19 complices. H\u00e9ros de la guerre de Vend\u00e9e, ralli\u00e9 apr\u00e8s la R\u00e9volution au comte d\u2019Artois (futur Charles\u00a0X), Cadoudal fut le chef des deux principaux complots contre Bonaparte sous le Consulat\u00a0: l\u2019attentat de la rue Saint-Nicaise en 1800, et la derni\u00e8re conspiration d\u00e9jou\u00e9e au d\u00e9but de l\u2019ann\u00e9e 1804 (\u2026)<\/p>\n<blockquote>\n<p class=\"citation-small\">\u00ab\u00a0Vive le roi\u00a0!\u00a0\u00bb<span id=\"1796\" class=\"cit-num\">1796<\/span><\/p>\n<p class=\"auteur\">Georges <span class=\"caps\">CADOUDAL<\/span> (1771-1804), mot de la fin, et dernier cri du premier des condamn\u00e9s \u00e0 \u00eatre guillotin\u00e9 place de Gr\u00e8ve, 25\u00a0juin 1804 (\u2026)<\/p>\n<\/blockquote>\n<p class=\"ressi\">Et selon d\u2019autres sources, reprenant la devise des insurg\u00e9s vend\u00e9ens, dix ans plus t\u00f4t\u00a0: \u00ab\u00a0Mourons pour notre Dieu et notre Roi.\u00a0\u00bb La chouannerie meurt avec lui. Mais dix ans plus tard, le v\u0153u de Cadoudal est exauc\u00e9, la Restauration ram\u00e8ne en France le roi Louis\u00a0<span class=\"caps\">XVIII<\/span>.<\/p>\n<blockquote>\n<p class=\"citation-small\">\u00ab\u00a0Je jure de maintenir l\u2019int\u00e9grit\u00e9 du territoire de la R\u00e9publique [\u2026] de respecter et de faire respecter l\u2019\u00e9galit\u00e9 des droits, la libert\u00e9 politique et civile [\u2026] de gouverner dans la seule vue de l\u2019int\u00e9r\u00eat, du bonheur et de la gloire du peuple fran\u00e7ais.\u00a0\u00bb<span id=\"1797\" class=\"cit-num\">1797<\/span><\/p>\n<p class=\"auteur\"><span class=\"caps\">NAPOL\u00c9ON<\/span> Ier (1769-1821), cath\u00e9drale Notre-Dame de Paris, le jour de son sacre par Pie <span class=\"caps\">VII<\/span>, 2\u00a0d\u00e9cembre 1804. <em>Le Moniteur<\/em>, phrase du journal officiel de l\u2019\u00e9poque, reprise dans toutes les bonnes biographies de l\u2019empereur.<\/p>\n<\/blockquote>\n<p class=\"ressi\">La c\u00e9r\u00e9monie dure cinq heures, entre la marche guerri\u00e8re et le <em>Te Deum<\/em>, un premier serment religieux de Napol\u00e9on, la messe, l\u2019<em>All\u00e9luia<\/em>, les oraisons, les cris de \u00ab\u00a0Vive l\u2019empereur\u00a0\u00bb. Et ce nouveau serment, sur les \u00c9vangiles. C\u2019est l\u2019instant le plus heureux des relations entre le pape et l\u2019empereur. L\u2019histoire a voulu que se croisent ces deux hommes qui ont la m\u00eame volont\u00e9 de fer (\u2026)<\/p>\n<blockquote>\n<p class=\"citation-small\">\u00ab\u00a0Joseph, si notre p\u00e8re nous voyait\u00a0!\u00a0\u00bb<span id=\"1798\" class=\"cit-num\">1798<\/span><\/p>\n<p class=\"auteur\"><span class=\"caps\">NAPOL\u00c9ON<\/span> Ier (1769-1821), \u00e0 son fr\u00e8re le jour du sacre, 2\u00a0d\u00e9cembre 1804. <em>Encyclop\u00e9die Larousse<\/em>, article \u00ab\u00a0La jeunesse de Napol\u00e9on Bonaparte\u00a0\u00bb<\/p>\n<\/blockquote>\n<p class=\"ressi\">Tr\u00e8s p\u00e2le, l\u2019empereur se tourne vers son fr\u00e8re a\u00een\u00e9 pour murmurer ces mots. Leur p\u00e8re a tout fait pour que ses quatre fils puissent suivre de bonnes \u00e9tudes aux frais du roi, \u00e9tant peu fortun\u00e9 et d\u00e9pensier. Il est mort en 1785, d\u2019un cancer \u00e0 l\u2019estomac \u2013\u00a0comme son fils, quelques ann\u00e9es plus tard. Leur m\u00e8re est bien vivante, mais absente\u00a0: c\u2019est elle qui l\u2019a d\u00e9cid\u00e9 (\u2026) Elle sera quand m\u00eame sur le tableau de David qui immortalise Le Sacre (\u2026)<\/p>\n<blockquote>\n<p class=\"citation-small\">\u00ab\u00a0Je n\u2019ai pas succ\u00e9d\u00e9 \u00e0 Louis\u00a0<span class=\"caps\">XVI<\/span>, mais \u00e0 Charlemagne.\u00a0\u00bb<span id=\"1799\" class=\"cit-num\">1799<\/span><\/p>\n<p class=\"auteur\"><span class=\"caps\">NAPOL\u00c9ON<\/span> Ier (1769-1821), \u00e0 Pie\u00a0<span class=\"caps\">VII<\/span>, le jour du sacre en la cath\u00e9drale Notre-Dame de Paris, 2\u00a0d\u00e9cembre 1804 (\u2026)<\/p>\n<\/blockquote>\n<p class=\"ressi\">\u00c0 peine couronn\u00e9 empereur des Fran\u00e7ais par le pape, il d\u00e9voile sa v\u00e9ritable ambition, le titre d\u2019empereur d\u2019Occident \u00e0 la t\u00eate du Grand Empire (le sacre se tient \u00e0 Paris et pas \u00e0 Reims, tradition pour les rois de France) (\u2026) \u00ab\u00a0Il ne r\u00eavait certainement pas d\u2019un empire unitaire, mais d\u2019une conf\u00e9d\u00e9ration d\u2019\u00c9tats\u00a0: il parlera, un jour, des \u00c9tats-Unis d\u2019Europe\u00a0\u00bb (Louis Madelin,<em> Histoire du Consulat et de l\u2019Empire\u00a0: vers l\u2019empire d\u2019Occident<\/em>)<\/p>\n<blockquote>\n<p class=\"citation-small\">\u00ab\u00a0J\u2019entendons ronfler l\u2019canon,<br>Y g\u2019na plus \u00e0 s\u2019en d\u00e9dire\u00a0:<br>On couronn\u2019 Napol\u00e9on<br>Empereur de ce bel Empire.<br>\u00c7a nous promet pour l\u2019av\u2019nir<br>Ben du bonheur et du plaisir.\u00a0\u00bb<span id=\"1800\" class=\"cit-num\">1800<\/span><\/p>\n<p class=\"auteur\"><em>Le Sacre de Napol\u00e9on<\/em>, chanson. <em>Histoire de France par les chansons<\/em> (1982), France Vernillat, Pierre Barbier<\/p>\n<\/blockquote>\n<p class=\"ressi\">On chante \u00e0 la gloire du grand homme, au front si couvert de lauriers que c\u2019est \u00e0 peine si on peut trouver \u00ab\u00a0un petit coin pour y placer la couronne\u00a0\u00bb\u00a0! Une certaine ironie commence \u00e0 poindre. Toutes ces \u00ab\u00a0vieilles chansons fran\u00e7aises\u00a0\u00bb, la plupart anonymes, sont encore chant\u00e9es, diffus\u00e9es sur l\u2019Internet, ce qui montre, d\u2019une certaine mani\u00e8re, leur originalit\u00e9, mais aussi le go\u00fbt des Fran\u00e7ais pour l\u2019histoire.<\/p>\n<blockquote>\n<p class=\"citation-small\">\u00ab\u00a0Monsieur mon Fr\u00e8re, appel\u00e9 au tr\u00f4ne de France par la Providence et par les suffrages du S\u00e9nat, du peuple et de l\u2019arm\u00e9e, mon premier sentiment est un v\u0153u de paix [\u2026] Le monde est assez grand pour que nos deux nations puissent y vivre.\u00a0\u00bb<span id=\"1801\" class=\"cit-num\">1801<\/span><\/p>\n<p class=\"auteur\"><span class=\"caps\">NAPOL\u00c9ON<\/span> Ier (1769-1821), au roi Georges <span class=\"caps\">III<\/span> d\u2019Angleterre, Lettre du 2\u00a0janvier 1805. <em>Correspondance de Napol\u00e9on\u00a0Ier, publi\u00e9e par ordre de l\u2019empereur Napol\u00e9on\u00a0<span class=\"caps\">III<\/span><\/em> (1858)<\/p>\n<\/blockquote>\n<p class=\"ressi\">Le 1er\u00a0janvier, \u00ab\u00a0Monsieur mon Fr\u00e8re\u00a0\u00bb \u00e9tait l\u2019empereur d\u2019Autriche et le d\u00e9sir de paix avec son peuple pareillement exprim\u00e9, avec des arguments relevant de la raison et de l\u2019humanit\u00e9. Cependant, la troisi\u00e8me coalition s\u2019organise activement, et secr\u00e8tement\u00a0: l\u2019Angleterre sera bient\u00f4t alli\u00e9e \u00e0 la Russie et \u00e0 l\u2019Autriche, contre la France (\u2026)<\/p>\n<blockquote>\n<p class=\"citation-small\">\u00ab\u00a0<em>Dio me l\u2019ha data, guai a chi la tocchera\u00a0!\u00a0<\/em>\u00a0\u00bb <br>\u00ab\u00a0Dieu me l\u2019a donn\u00e9e, gare \u00e0 qui la touchera\u00a0!\u00a0\u00bb<span id=\"1802\" class=\"cit-num\">1802<\/span><\/p>\n<p class=\"auteur\"><span class=\"caps\">NAPOL\u00c9ON<\/span> Ier (1769-1821), couronn\u00e9 roi d\u2019Italie, 26\u00a0mai 1805<\/p>\n<\/blockquote>\n<p class=\"ressi\">(\u2026) Ces journ\u00e9es de Milan furent un grand moment pour l\u2019empereur \u00ab\u00a0rayonnant de joie\u00a0\u00bb aux dires des t\u00e9moins, et pour un \u00ab\u00a0grand peuple r\u00e9veill\u00e9\u00a0\u00bb selon Chateaubriand\u00a0: \u00ab\u00a0L\u2019Italie sortait de son sommeil et se souvenait de son g\u00e9nie comme d\u2019un r\u00eave divin.\u00a0\u00bb<\/p>\n<\/div>\n<style>\r\n        a .cit-num {\r\n            text-decoration: none !important;\r\n            color: inherit !important;\r\n        }\r\n    <\/style>","protected":false},"excerpt":{"rendered":"<p>\u00a0Premier EmpireChronique (1804-1814)1804, 2 d\u00e9cembre. Un Sacre \u00ab\u00a0\u00e0 la Charlemagne\u00a0\u00bb.Napol\u00e9on est proclam\u00e9 empereur des Fran\u00e7ais par le S\u00e9nat et le Conseil d\u2019Etat (18 mai 1804), pl\u00e9biscit\u00e9 par le peuple, sacr\u00e9 par le pape Pie VII (2 d\u00e9cembre). C\u00e9r\u00e9monie \u00e0 la d\u00e9mesure de l\u2019ego imp\u00e9rial, immortalis\u00e9e par la fresque de David, peintre officiel de g\u00e9nie.La fascination [&#8230;]<\/p>\n","protected":false},"author":1,"featured_media":0,"comment_status":"open","ping_status":"open","sticky":false,"template":"","format":"standard","meta":{"site-sidebar-layout":"default","site-content-layout":"","ast-site-content-layout":"default","site-content-style":"default","site-sidebar-style":"default","ast-global-header-display":"","ast-banner-title-visibility":"","ast-main-header-display":"","ast-hfb-above-header-display":"","ast-hfb-below-header-display":"","ast-hfb-mobile-header-display":"","site-post-title":"","ast-breadcrumbs-content":"","ast-featured-img":"","footer-sml-layout":"","theme-transparent-header-meta":"","adv-header-id-meta":"","stick-header-meta":"","header-above-stick-meta":"","header-main-stick-meta":"","header-below-stick-meta":"","astra-migrate-meta-layouts":"default","ast-page-background-enabled":"default","ast-page-background-meta":{"desktop":{"background-color":"var(--ast-global-color-5)","background-image":"","background-repeat":"repeat","background-position":"center center","background-size":"auto","background-attachment":"scroll","background-type":"","background-media":"","overlay-type":"","overlay-color":"","overlay-opacity":"","overlay-gradient":""},"tablet":{"background-color":"","background-image":"","background-repeat":"repeat","background-position":"center center","background-size":"auto","background-attachment":"scroll","background-type":"","background-media":"","overlay-type":"","overlay-color":"","overlay-opacity":"","overlay-gradient":""},"mobile":{"background-color":"","background-image":"","background-repeat":"repeat","background-position":"center center","background-size":"auto","background-attachment":"scroll","background-type":"","background-media":"","overlay-type":"","overlay-color":"","overlay-opacity":"","overlay-gradient":""}},"ast-content-background-meta":{"desktop":{"background-color":"var(--ast-global-color-4)","background-image":"","background-repeat":"repeat","background-position":"center center","background-size":"auto","background-attachment":"scroll","background-type":"","background-media":"","overlay-type":"","overlay-color":"","overlay-opacity":"","overlay-gradient":""},"tablet":{"background-color":"var(--ast-global-color-4)","background-image":"","background-repeat":"repeat","background-position":"center center","background-size":"auto","background-attachment":"scroll","background-type":"","background-media":"","overlay-type":"","overlay-color":"","overlay-opacity":"","overlay-gradient":""},"mobile":{"background-color":"var(--ast-global-color-4)","background-image":"","background-repeat":"repeat","background-position":"center center","background-size":"auto","background-attachment":"scroll","background-type":"","background-media":"","overlay-type":"","overlay-color":"","overlay-opacity":"","overlay-gradient":""}},"iawp_total_views":14,"footnotes":""},"categories":[7],"tags":[],"class_list":["post-7470","post","type-post","status-publish","format-standard","hentry","category-chronique-du-jour"],"_links":{"self":[{"href":"https:\/\/histoire-en-citations.fr\/WP\/wp-json\/wp\/v2\/posts\/7470","targetHints":{"allow":["GET"]}}],"collection":[{"href":"https:\/\/histoire-en-citations.fr\/WP\/wp-json\/wp\/v2\/posts"}],"about":[{"href":"https:\/\/histoire-en-citations.fr\/WP\/wp-json\/wp\/v2\/types\/post"}],"author":[{"embeddable":true,"href":"https:\/\/histoire-en-citations.fr\/WP\/wp-json\/wp\/v2\/users\/1"}],"replies":[{"embeddable":true,"href":"https:\/\/histoire-en-citations.fr\/WP\/wp-json\/wp\/v2\/comments?post=7470"}],"version-history":[{"count":3,"href":"https:\/\/histoire-en-citations.fr\/WP\/wp-json\/wp\/v2\/posts\/7470\/revisions"}],"predecessor-version":[{"id":12921,"href":"https:\/\/histoire-en-citations.fr\/WP\/wp-json\/wp\/v2\/posts\/7470\/revisions\/12921"}],"wp:attachment":[{"href":"https:\/\/histoire-en-citations.fr\/WP\/wp-json\/wp\/v2\/media?parent=7470"}],"wp:term":[{"taxonomy":"category","embeddable":true,"href":"https:\/\/histoire-en-citations.fr\/WP\/wp-json\/wp\/v2\/categories?post=7470"},{"taxonomy":"post_tag","embeddable":true,"href":"https:\/\/histoire-en-citations.fr\/WP\/wp-json\/wp\/v2\/tags?post=7470"}],"curies":[{"name":"wp","href":"https:\/\/api.w.org\/{rel}","templated":true}]}}