{"id":7568,"date":"2019-08-01T10:58:39","date_gmt":"2019-08-01T08:58:39","guid":{"rendered":"https:\/\/histoire-en-citations.fr\/WP\/2025\/06\/26\/thiers-le-roi-nadministre-pas-ne-gouverne-pas-il-regne\/"},"modified":"2025-08-12T08:43:42","modified_gmt":"2025-08-12T06:43:42","slug":"thiers-le-roi-nadministre-pas-ne-gouverne-pas-il-regne","status":"publish","type":"post","link":"https:\/\/histoire-en-citations.fr\/WP\/thiers-le-roi-nadministre-pas-ne-gouverne-pas-il-regne\/","title":{"rendered":"Thiers : \u00ab Le roi n&#039;administre pas, ne gouverne pas, il r\u00e8gne.\u00a0\u00bb"},"content":{"rendered":"<div class=\"field-item even\">\n<p>\u00a0<\/p>\n<h4>Restauration<\/h4>\n<p><strong>Le commencement de la fin d\u2019un r\u00e8gne totalement anachronique en France et le d\u00e9but de la colonisation fran\u00e7aise en Alg\u00e9rie.<\/strong><\/p>\n<div class=\"encart\">\n<p>La prise d\u2019Alger (5 juillet 1830) ne sauvera pas le tr\u00f4ne\u2026 Quand Charles X signe quatre ordonnances r\u00e9actionnaires, cette bombe ultra d\u00e9clenche la R\u00e9volution de Juillet\u00a0: les trois Glorieuses (27-28-29 juillet 1830) chassent du tr\u00f4ne de France la branche a\u00een\u00e9e des Bourbons.<\/p>\n<\/div>\n<p><em>Les commentaires sont all\u00e9g\u00e9s, les coupes signal\u00e9es (\u2026) <a href=\"https:\/\/histoire-en-citations.fr\/WP\/boutique\/\" target=\"_blank\">Retrouvez l\u2019int\u00e9gralit\u00e9 dans nos Chroniques de l\u2019Histoire en citations<\/a>.<\/em><\/p>\n<blockquote>\n<p class=\"citation citation-small\"><span class=\"enonce\">\u00ab\u00a0Le roi n\u2019administre pas, ne gouverne pas, il r\u00e8gne.\u00a0\u00bb<span id=\"2016\" class=\"cit-num\">2016<\/span><\/span><\/p>\n<p class=\"auteur\"><span data-href=\"\/auteurs\/adolphe-thiers\"><span class=\"author\"><span class=\"surname\">Adolphe <\/span><span class=\"name\"><span class=\"caps\">THIERS<\/span><\/span><\/span><\/span> (1797-1877), <cite>Le National<\/cite>, 4\u00a0f\u00e9vrier 1830<\/p>\n<p class=\"source\"><cite>Le Gouvernement parlementaire sous la Restauration<\/cite> (1905), Louis Michon.<\/p>\n<\/blockquote>\n<p class=\"ressi\">Il va faire carri\u00e8re jusque sous la Troisi\u00e8me R\u00e9publique. Pour l\u2019heure, le jeune avocat qui a fr\u00e9quent\u00e9 les milieux lib\u00e9raux et collabor\u00e9 au Constitutionnel, cr\u00e9e en janvier\u00a01830 un autre journal d\u2019opposition (nuance orl\u00e9aniste), <em>Le National<\/em>. Il d\u00e9fend une monarchie constitutionnelle de type anglais et s\u2019oppose aux Doctrinaires, Guizot et Royer-Collard, pour qui \u00ab\u00a0le tr\u00f4ne n\u2019est pas un fauteuil vide\u00a0\u00bb. Ces d\u00e9bats politiques agitent l\u2019opinion.<\/p>\n<blockquote>\n<p class=\"citation-small\">\u00ab\u00a0Je vous ai d\u00e9j\u00e0 dit que je ne voulais pas traiter l\u2019affaire diplomatiquement. Vous en trouverez la preuve dans les termes que je vais employer\u00a0: la France se f\u2026 de l\u2019Angleterre\u00a0!\u00a0\u00bb<span id=\"2017\" class=\"cit-num\">2017<\/span><\/p>\n<p class=\"auteur\">Baron Lemercier d\u2019<span class=\"caps\">HAUSSEZ<\/span> (1778-1854), ministre de la Marine, \u00e0 Lord Stuart, 4\u00a0f\u00e9vrier 1830<\/p>\n<\/blockquote>\n<p class=\"ressi\">Pour r\u00e9sumer une affaire alg\u00e9rienne qui se complique et s\u2019envenime, l\u2019Angleterre a d\u00e9sapprouv\u00e9 l\u2019intention de la France de venger l\u2019honneur du consul contre le Dey d\u2019Alger. Charles X, en accord avec son ministre Polignac, ordonne un blocus naval, avant l\u2019exp\u00e9dition militaire d\u00e9cisive, avec l\u2019amiral Duperr\u00e9 et de Bourmont, ministre de la Guerre\u00a0: d\u00e9barquement fran\u00e7ais en Alg\u00e9rie le 14\u00a0juin 1830.<\/p>\n<blockquote>\n<p class=\"citation-small\">\u00ab\u00a0C\u2019est une f\u00eate toute napolitaine, Monseigneur, nous dansons sur un volcan.\u00a0\u00bb<span id=\"2018\" class=\"cit-num\">2018<\/span><\/p>\n<p class=\"auteur\">Comte de <span class=\"caps\">SALVANDY<\/span> (1795-1856), au duc d\u2019Orl\u00e9ans, 31\u00a0mai 1830<\/p>\n<\/blockquote>\n<p class=\"ressi\">Le futur Louis-Philippe donne une f\u00eate au Palais-Royal, en l\u2019honneur de son beau-fr\u00e8re, le roi de Naples. Salvandy (\u2026) royaliste constitutionnel qui se bat pour sauver la Charte et les libert\u00e9s publiques, juge la situation avec lucidit\u00e9 (\u2026) L\u2019opposition de gauche s\u2019est unie tactiquement, des r\u00e9publicains aux orl\u00e9anistes. Le gouvernement pr\u00e9pare les \u00e9lections de la derni\u00e8re chance et h\u00e2te l\u2019op\u00e9ration d\u2019Alger pour faire bonne impression sur l\u2019opinion publique (\u2026)<\/p>\n<blockquote>\n<p class=\"citation-small\">\u00ab\u00a0Vingt jours ont suffi pour la destruction d\u2019un \u00c9tat dont l\u2019existence fatiguait l\u2019Europe depuis trois si\u00e8cles.\u00a0\u00bb<span id=\"2019\" class=\"cit-num\">2019<\/span><\/p>\n<p class=\"auteur\">Comte de <span class=\"caps\">BOURMONT<\/span> (1773-1846), ordre du jour du ministre de la Guerre, apr\u00e8s la reddition du Dey d\u2019Alger, 5\u00a0juillet 1830<\/p>\n<\/blockquote>\n<p class=\"ressi\">Prise d\u2019Alger, reddition sans condition du Dey Hussein, suite \u00e0 l\u2019exp\u00e9dition militaire de l\u2019amiral Duperr\u00e9 et du ministre de Bourmont, qui ont d\u00e9barqu\u00e9 en Alg\u00e9rie, le 14\u00a0juin (\u2026) Chateaubriand dira, apprenant la prise d\u2019Alger\u00a0: \u00ab\u00a0Cette nouvelle me ravit sans me rassurer. La Providence peut du m\u00eame coup agrandir un royaume et renverser une dynastie.\u00a0\u00bb<\/p>\n<blockquote>\n<p class=\"citation-small\">\u00ab\u00a0Plus j\u2019y r\u00e9fl\u00e9chis, plus je reste convaincu que je suis dans mon droit et que c\u2019est le seul moyen de salut.\u00a0\u00bb<span id=\"2020\" class=\"cit-num\">2020<\/span><\/p>\n<p class=\"auteur\"><span class=\"caps\">CHARLES<\/span>\u00a0X (1757-1836), au Conseil des ministres, s\u2019appr\u00eatant \u00e0 signer les quatre ordonnances de Saint-Cloud du 25\u00a0juillet 1830<\/p>\n<\/blockquote>\n<p class=\"ressi\">L\u2019opposition, forte de sa tactique unitaire, a triomph\u00e9 aux \u00e9lections (\u2026) Par ordonnance et comme le lui permet la Charte, le roi dissout la nouvelle Chambre, fixe la date des prochaines \u00e9lections et modifie la loi\u00a0: en \u00e9levant encore le cens, il \u00e9limine la bourgeoisie du corps \u00e9lectoral. Et il suspend la libert\u00e9 de la presse \u2013 en r\u00e9tablissant la censure et l\u2019autorisation minist\u00e9rielle pr\u00e9alable.<\/p>\n<blockquote>\n<p class=\"citation-small\">\u00ab\u00a0Enfin, vous r\u00e9gnez\u00a0! Mon fils vous devra sa couronne.\u00a0\u00bb<span id=\"2021\" class=\"cit-num\">2021<\/span><\/p>\n<p class=\"auteur\">Duchesse de <span class=\"caps\">BERRY<\/span> (1798-1870), \u00e0 Charles X, 26\u00a0juillet\u00a01830.<em> M\u00e9moires de la comtesse de Boigne<\/em> (posthume, 1909)<\/p>\n<\/blockquote>\n<p class=\"ressi\">M\u00e8re de l\u2019\u00ab\u00a0enfant du miracle\u00a0\u00bb, fils posthume du duc de Berry assassin\u00e9 en 1820, elle vient de lire dans <em>Le Moniteur<\/em> le texte des quatre ordonnances \u2013 qualifi\u00e9es de \u00ab\u00a0sc\u00e9l\u00e9rates\u00a0\u00bb par l\u2019opposition majoritaire. Cette bombe ultra va d\u00e9clencher la r\u00e9volution des Trois Glorieuses (journ\u00e9es des 27, 28, 29\u00a0juillet) et la fin du r\u00e8gne des Bourbons\u00a0!<\/p>\n<blockquote>\n<p class=\"citation-small\">\u00ab\u00a0Ils sont perdus. Ils ne connaissent ni le pays ni le temps. Ils vivent en dehors du monde et du si\u00e8cle\u00a0!\u00a0\u00bb<span id=\"2022\" class=\"cit-num\">2022<\/span><\/p>\n<p class=\"auteur\">Mar\u00e9chal de <span class=\"caps\">MARMONT<\/span> (1774-1852), \u00e0 la t\u00eate des troupes royales, 26\u00a0juillet 1830<\/p>\n<\/blockquote>\n<p class=\"ressi\">Mar\u00e9chal d\u2019Empire, excellent militaire injustement accus\u00e9 de trahison en avril\u00a01814, nomm\u00e9 pair de France par Louis\u00a0<span class=\"caps\">XVIII<\/span>, il dirige \u00e0 pr\u00e9sent les troupes royales \u00e0 Paris, soit 10\u00a0000 hommes, face aux 25\u00a0000 insurg\u00e9s\u00a0: 20\u00a0000 membres de la garde nationale, dissoute en juillet\u00a01827, mais qui ont gard\u00e9 leurs armes, et 5\u00a0000 r\u00e9publicains qui ont pill\u00e9 les armureries.<\/p>\n<\/div>\n<style>\r\n        a .cit-num {\r\n            text-decoration: none !important;\r\n            color: inherit !important;\r\n        }\r\n    <\/style>","protected":false},"excerpt":{"rendered":"<p>\u00a0 Restauration Le commencement de la fin d\u2019un r\u00e8gne totalement anachronique en France et le d\u00e9but de la colonisation fran\u00e7aise en Alg\u00e9rie. La prise d\u2019Alger (5 juillet 1830) ne sauvera pas le tr\u00f4ne&#8230; Quand Charles X signe quatre ordonnances r\u00e9actionnaires, cette bombe ultra d\u00e9clenche la R\u00e9volution de Juillet\u00a0: les trois Glorieuses (27-28-29 juillet 1830) chassent [&#8230;]<\/p>\n","protected":false},"author":1,"featured_media":0,"comment_status":"open","ping_status":"open","sticky":false,"template":"","format":"standard","meta":{"site-sidebar-layout":"default","site-content-layout":"","ast-site-content-layout":"default","site-content-style":"default","site-sidebar-style":"default","ast-global-header-display":"","ast-banner-title-visibility":"","ast-main-header-display":"","ast-hfb-above-header-display":"","ast-hfb-below-header-display":"","ast-hfb-mobile-header-display":"","site-post-title":"","ast-breadcrumbs-content":"","ast-featured-img":"","footer-sml-layout":"","theme-transparent-header-meta":"","adv-header-id-meta":"","stick-header-meta":"","header-above-stick-meta":"","header-main-stick-meta":"","header-below-stick-meta":"","astra-migrate-meta-layouts":"default","ast-page-background-enabled":"default","ast-page-background-meta":{"desktop":{"background-color":"var(--ast-global-color-5)","background-image":"","background-repeat":"repeat","background-position":"center center","background-size":"auto","background-attachment":"scroll","background-type":"","background-media":"","overlay-type":"","overlay-color":"","overlay-opacity":"","overlay-gradient":""},"tablet":{"background-color":"","background-image":"","background-repeat":"repeat","background-position":"center center","background-size":"auto","background-attachment":"scroll","background-type":"","background-media":"","overlay-type":"","overlay-color":"","overlay-opacity":"","overlay-gradient":""},"mobile":{"background-color":"","background-image":"","background-repeat":"repeat","background-position":"center center","background-size":"auto","background-attachment":"scroll","background-type":"","background-media":"","overlay-type":"","overlay-color":"","overlay-opacity":"","overlay-gradient":""}},"ast-content-background-meta":{"desktop":{"background-color":"var(--ast-global-color-4)","background-image":"","background-repeat":"repeat","background-position":"center center","background-size":"auto","background-attachment":"scroll","background-type":"","background-media":"","overlay-type":"","overlay-color":"","overlay-opacity":"","overlay-gradient":""},"tablet":{"background-color":"var(--ast-global-color-4)","background-image":"","background-repeat":"repeat","background-position":"center center","background-size":"auto","background-attachment":"scroll","background-type":"","background-media":"","overlay-type":"","overlay-color":"","overlay-opacity":"","overlay-gradient":""},"mobile":{"background-color":"var(--ast-global-color-4)","background-image":"","background-repeat":"repeat","background-position":"center center","background-size":"auto","background-attachment":"scroll","background-type":"","background-media":"","overlay-type":"","overlay-color":"","overlay-opacity":"","overlay-gradient":""}},"iawp_total_views":2,"footnotes":""},"categories":[7],"tags":[],"class_list":["post-7568","post","type-post","status-publish","format-standard","hentry","category-chronique-du-jour"],"_links":{"self":[{"href":"https:\/\/histoire-en-citations.fr\/WP\/wp-json\/wp\/v2\/posts\/7568","targetHints":{"allow":["GET"]}}],"collection":[{"href":"https:\/\/histoire-en-citations.fr\/WP\/wp-json\/wp\/v2\/posts"}],"about":[{"href":"https:\/\/histoire-en-citations.fr\/WP\/wp-json\/wp\/v2\/types\/post"}],"author":[{"embeddable":true,"href":"https:\/\/histoire-en-citations.fr\/WP\/wp-json\/wp\/v2\/users\/1"}],"replies":[{"embeddable":true,"href":"https:\/\/histoire-en-citations.fr\/WP\/wp-json\/wp\/v2\/comments?post=7568"}],"version-history":[{"count":2,"href":"https:\/\/histoire-en-citations.fr\/WP\/wp-json\/wp\/v2\/posts\/7568\/revisions"}],"predecessor-version":[{"id":12903,"href":"https:\/\/histoire-en-citations.fr\/WP\/wp-json\/wp\/v2\/posts\/7568\/revisions\/12903"}],"wp:attachment":[{"href":"https:\/\/histoire-en-citations.fr\/WP\/wp-json\/wp\/v2\/media?parent=7568"}],"wp:term":[{"taxonomy":"category","embeddable":true,"href":"https:\/\/histoire-en-citations.fr\/WP\/wp-json\/wp\/v2\/categories?post=7568"},{"taxonomy":"post_tag","embeddable":true,"href":"https:\/\/histoire-en-citations.fr\/WP\/wp-json\/wp\/v2\/tags?post=7568"}],"curies":[{"name":"wp","href":"https:\/\/api.w.org\/{rel}","templated":true}]}}