{"id":7588,"date":"2017-11-23T00:00:00","date_gmt":"2017-11-22T23:00:00","guid":{"rendered":"https:\/\/histoire-en-citations.fr\/WP\/2025\/06\/26\/louis-blanc-pour-chaque-indigent-qui-palit-de-faim-il-y-a-un-riche-qui-palit-de-peur\/"},"modified":"2025-07-19T09:11:38","modified_gmt":"2025-07-19T07:11:38","slug":"louis-blanc-pour-chaque-indigent-qui-palit-de-faim-il-y-a-un-riche-qui-palit-de-peur","status":"publish","type":"post","link":"https:\/\/histoire-en-citations.fr\/WP\/louis-blanc-pour-chaque-indigent-qui-palit-de-faim-il-y-a-un-riche-qui-palit-de-peur\/","title":{"rendered":"Louis Blanc : \u00ab\u00a0Pour chaque indigent qui p\u00e2lit de faim, il y a un riche qui p\u00e2lit de peur.\u00a0\u00bb"},"content":{"rendered":"<div class=\"field-item even\">\n<p>\u00a0<\/p>\n<h4>Monarchie de Juillet<\/h4>\n<p><strong>Socialisme fran\u00e7ais, enjeu colonial, patriotisme po\u00e9tique, trois lignes de force historiquement dat\u00e9es.<\/strong><\/p>\n<div class=\"encart\">\n<p>Le socialisme fran\u00e7ais est r\u00e9ellement incarn\u00e9 et engag\u00e9 (Louis Blanc, Proudhon), la colonisation de l\u2019Alg\u00e9rie est men\u00e9e <em>manu militari<\/em> par le (futur) mar\u00e9chal Bugeaud, cependant que Lamartine, po\u00e9te et patriote, d\u00e9put\u00e9 hors parti, fid\u00e8le \u00e0 ses id\u00e9es et \u00e0 son id\u00e9al, va passer \u00e0 l\u2019opposition de gauche.<\/p>\n<\/div>\n<p><em>Les commentaires sont all\u00e9g\u00e9s, les coupes signal\u00e9es (\u2026) <a href=\"https:\/\/www.histoire-en-citations.fr\/boutique\" target=\"_blank\" rel=\"noopener\">Retrouvez l\u2019int\u00e9gralit\u00e9 dans nos Chroniques de l\u2019Histoire en citations<\/a>.<\/em><\/p>\n<blockquote>\n<p class=\"citation-small\">\u00ab\u00a0Pour chaque indigent qui p\u00e2lit de faim, il y a un riche qui p\u00e2lit de peur.\u00a0\u00bb<span id=\"2101\" class=\"cit-num\">2101<\/span><\/p>\n<p class=\"auteur\">Louis <span class=\"caps\">BLANC<\/span> (1811-1882), <em>Organisation du travail<\/em> (1839)<\/p>\n<\/blockquote>\n<p>Cet ouvrage fait conna\u00eetre le jeune journaliste\u00a0: il y expose un programme de r\u00e9formes socialistes qu\u2019il ne va plus cesser de d\u00e9fendre jusque sous la Troisi\u00e8me R\u00e9publique o\u00f9, fid\u00e8le \u00e0 ses id\u00e9es, il se retrouve d\u00e9put\u00e9 d\u2019extr\u00eame gauche.<\/p>\n<blockquote>\n<p class=\"citation-small\">\u00ab\u00a0La propri\u00e9t\u00e9, c\u2019est le vol.\u00a0\u00bb<span id=\"2102\" class=\"cit-num\">2102<\/span><\/p>\n<p class=\"auteur\">Pierre Joseph <span class=\"caps\">PROUDHON<\/span> (1809-1865), <em>Qu\u2019est-ce que la propri\u00e9t\u00e9\u00a0?<\/em> (1840)<\/p>\n<\/blockquote>\n<p>(\u2026) L\u2019homme est attachant, ne serait-ce que par cet aveu\u00a0: \u00ab\u00a0Je sais ce que c\u2019est que la mis\u00e8re. J\u2019y ai v\u00e9cu. Tout ce que je sais, je le dois au d\u00e9sespoir.\u00a0\u00bb Fils d\u2019une cuisini\u00e8re et d\u2019un tonnelier, c\u2019est le seul th\u00e9oricien r\u00e9volutionnaire issu d\u2019un milieu populaire, au <span class=\"caps\">XIX<\/span>e\u00a0si\u00e8cle. Il critique le communisme de Marx (grand bourgeois) dans <em>La Philosophie de la mis\u00e8re<\/em> (1846) et Marx lui r\u00e9pond dans <em>La Mis\u00e8re de la philosophie<\/em> (1847), le traitant, insulte supr\u00eame, de \u00ab\u00a0petit-bourgeois constamment ballott\u00e9 entre le Travail et le Capital, entre l\u2019\u00e9conomie politique et le communisme\u00a0\u00bb.<\/p>\n<blockquote>\n<p class=\"citation-small\">\u00ab\u00a0Si l\u2019on veut abolir la peine de mort, en ce cas que <span class=\"caps\">MM<\/span>.\u00a0les assassins commencent\u00a0: qu\u2019ils ne tuent pas, on ne les tuera pas.\u00a0\u00bb<span id=\"2103\" class=\"cit-num\">2103<\/span><\/p>\n<p class=\"auteur\">Alphonse <span class=\"caps\">KARR<\/span> (1808-1890), <em>Les Gu\u00eapes<\/em> (1840)<\/p>\n<\/blockquote>\n<p>(\u2026) Sous la Monarchie de Juillet, la presse ne souffre pas trop des lois r\u00e9pressives. Quant \u00e0 la peine de mort, c\u2019est une longue histoire qui commence au Moyen \u00c2ge. L\u2019\u00e9galit\u00e9 devant la mort est acquise sous la R\u00e9volution avec la guillotine, jusqu\u2019\u00e0 l\u2019abolition en 1981, avec l\u2019arriv\u00e9e de la gauche au pouvoir, malgr\u00e9 une opinion publique toujours partag\u00e9e sur la question.<\/p>\n<blockquote>\n<p class=\"citation-small\">\u00ab\u00a0Ou la conqu\u00eate, ou l\u2019abandon.\u00a0\u00bb<span id=\"2104\" class=\"cit-num\">2104<\/span><\/p>\n<p class=\"auteur\">Thomas Robert <span class=\"caps\">BUGEAUD<\/span> (1784-1849), Chambre des d\u00e9put\u00e9s, 15\u00a0f\u00e9vrier 1840<\/p>\n<\/blockquote>\n<p>(\u2026) Le trait\u00e9 sign\u00e9 en 1837 entre Bugeaud et l\u2019\u00e9mir Abd el-Kader a \u00e9t\u00e9 viol\u00e9. La France faisait d\u2019importantes concessions (\u2026) se contentant d\u2019une occupation du littoral. L\u2019 \u00ab\u00a0\u00e9mir des croyants\u00a0\u00bb a profit\u00e9 de la tr\u00eave pour constituer une arm\u00e9e, proclamant en 1839 la guerre sainte contre les Fran\u00e7ais (\u2026) Le futur mar\u00e9chal met les politiques face \u00e0 leurs responsabilit\u00e9s. Et pourtant, il consid\u00e8re l\u2019Alg\u00e9rie comme \u00ab\u00a0le plus funeste des pr\u00e9sents que la Restauration ait fait \u00e0 la R\u00e9volution de juillet\u00a0\u00bb (\u2026)<\/p>\n<blockquote>\n<p class=\"citation-small\">\u00ab\u00a0Je ne me prosterne pas devant cette m\u00e9moire\u00a0; je ne suis pas de cette religion napol\u00e9onienne, de ce culte de la force que l\u2019on veut substituer dans l\u2019esprit de la nation \u00e0 la religion s\u00e9rieuse de la libert\u00e9.\u00a0\u00bb<span id=\"2105\" class=\"cit-num\">2105<\/span><\/p>\n<p class=\"auteur\">Alphonse de <span class=\"caps\">LAMARTINE<\/span> (1790-1869), \u00e0 l\u2019occasion du retour des cendres de Napol\u00e9on, Discours \u00e0 la Chambre, 26\u00a0mai\u00a01840<\/p>\n<\/blockquote>\n<p>Les cendres de Napol\u00e9on seront rapport\u00e9es de Sainte-H\u00e9l\u00e8ne par le prince de Joinville, fils de Louis-Philippe, sur la <em>Belle-Poule<\/em>, et transf\u00e9r\u00e9es aux Invalides le 15\u00a0d\u00e9cembre 1840. Thiers, revenu \u00e0 la t\u00eate du gouvernement le 1er\u00a0mars 1840, \u00e0 d\u00e9faut de programme, flatte la vanit\u00e9 nationale, aussi r\u00e9pandue dans le peuple que dans la bourgeoisie, par cette d\u00e9cision prise au mois de mai. Le d\u00e9put\u00e9 Lamartine y est hostile, proph\u00e9tisant le Second Empire (\u2026)<\/p>\n<blockquote>\n<p class=\"citation-small\">\u00ab\u00a0Cent mille hommes et cent millions pendant sept ans\u00a0!\u00a0\u00bb<span id=\"2106\" class=\"cit-num\">2106<\/span><\/p>\n<p class=\"auteur\">Thomas Robert <span class=\"caps\">BUGEAUD<\/span> (1784-1849) \u00e0 Louis-Philippe<\/p>\n<\/blockquote>\n<p>Le g\u00e9n\u00e9ral pose ses conditions pour accepter d\u2019\u00eatre gouverneur de l\u2019Alg\u00e9rie. Le roi c\u00e8de. Bugeaud est nomm\u00e9 gouverneur, le 29\u00a0d\u00e9cembre\u00a01840. Partisan de la guerre acharn\u00e9e, dix ans apr\u00e8s la prise d\u2019Alger, Bugeaud fait la conqu\u00eate de l\u2019Alg\u00e9rie et y gagne son b\u00e2ton de mar\u00e9chal, en 1843.<\/p>\n<blockquote>\n<p class=\"citation-small\">\u00ab\u00a0<em>Ense et aratro.<\/em>\u00a0\u00bb<br>\u00ab\u00a0Par l\u2019\u00e9p\u00e9e et par la charrue.\u00a0\u00bb<span id=\"2107\" class=\"cit-num\">2107<\/span><\/p>\n<p class=\"auteur\">Thomas Robert <span class=\"caps\">BUGEAUD<\/span> (1784-1849), devise du mar\u00e9chal, gouverneur de l\u2019Alg\u00e9rie<\/p>\n<\/blockquote>\n<p>Cela signifie que l\u2019on sert son pays en temps de guerre par les armes, en temps de paix par les travaux de l\u2019agriculture. Bugeaud est le premier des officiers coloniaux \u00e0 mener de front les op\u00e9rations de s\u00e9curit\u00e9 et les travaux de colonisation\u00a0: d\u00e9frichements, routes, concessions de terre pour attirer de nouveaux colons, etc.<\/p>\n<blockquote>\n<p class=\"citation-small\">\u00ab\u00a0Non\u00a0! Ils ne l\u2019auront pas, le libre Rhin allemand.\u00a0\u00bb<span id=\"2108\" class=\"cit-num\">2108<\/span><\/p>\n<p class=\"auteur\">Nicolas <span class=\"caps\">BECKER<\/span> (1816-1845), 1840<\/p>\n<\/blockquote>\n<p>Le po\u00e8te allemand lance ce d\u00e9fi \u00e0 la France \u2013 patriotisme, lib\u00e9ralisme et nationalisme allemands vont exploser en 1848. Lamartine r\u00e9pond \u00e0 ce d\u00e9fi guerrier par <em>La Marseillaise de la paix<\/em> qui commence par\u00a0: \u00ab\u00a0Roule libre et royal entre nous tous, \u00f4 fleuve\u00a0!\u00a0\u00bb<\/p>\n<blockquote>\n<p class=\"citation-small\">\u00ab\u00a0Ma patrie est partout o\u00f9 rayonne la France,<br>O\u00f9 son g\u00e9nie \u00e9clate aux regards \u00e9blouis\u00a0!<br>Chacun est du climat de son intelligence\u00a0:<br>Je suis concitoyen de toute \u00e2me qui pense,<br>La v\u00e9rit\u00e9 c\u2019est mon pays\u00a0!\u00a0\u00bb<span id=\"2109\" class=\"cit-num\">2109<\/span><\/p>\n<p class=\"auteur\">Alphonse de <span class=\"caps\">LAMARTINE<\/span> (1790-1869), <em>La Marseillaise de la Paix<\/em>, \u00ab\u00a0Revue des Deux-Mondes\u00a0\u00bb, 1er juin 1841<\/p>\n<\/blockquote>\n<p>R\u00e9ponse au \u00ab\u00a0Rhin allemand\u00a0\u00bb du po\u00e8te Becker, mais le po\u00e8te fran\u00e7ais d\u00e9passe l\u2019opposition de pays \u00e0 pays et lance un hymne pacifique qui n\u2019implique nul renoncement au patriotisme. Le lyrisme et la g\u00e9n\u00e9rosit\u00e9 de Lamartine s\u2019expriment dans cette invitation lanc\u00e9e \u00e0 toutes les nations, \u00e0 s\u2019unir pour le progr\u00e8s social.<\/p>\n<blockquote>\n<p class=\"citation-small\">\u00ab\u00a0Nous l\u2019avons eu, votre Rhin allemand,<br>Il a tenu dans notre verre. <br>Un couplet qu\u2019on s\u2019en va chantant <br>Efface-t-il la trace alti\u00e8re <br>Du pied de nos chevaux marqu\u00e9 dans votre sang\u00a0?\u00a0\u00bb<span id=\"2110\" class=\"cit-num\">2110<\/span><\/p>\n<p class=\"auteur\">Alfred de <span class=\"caps\">MUSSET<\/span> (1810-1857),<em> Le Rhin allemand<\/em>. R\u00e9ponse \u00e0 la chanson de Becker, 2 juin 1841. Po\u00e8me mis plusieurs fois en musique, notamment en 1866, version la plus populaire, compos\u00e9e par F\u00e9licien <span class=\"caps\">DAVID<\/span> (1810-1876)<\/p>\n<\/blockquote>\n<p>La r\u00e9ponse de Lamartine a paru trop pacifique et id\u00e9aliste au go\u00fbt de son vibrant confr\u00e8re. Et Musset \u00e9crit dans l\u2019\u00e9lan, d\u00e8s le lendemain, des couplets qui rappellent notamment l\u2019\u00e9pop\u00e9e napol\u00e9onienne\u00a0: \u00ab\u00a0Nous l\u2019avons eu, votre Rhin allemand. \/ Que faisaient vos vertus germaines, \/ Quand notre C\u00e9sar tout-puissant \/ De son ombre couvrait vos plaines\u00a0? [\u2026]\u00a0\u00bb (\u2026) Ces vers sont \u00e9tonnamment pr\u00e9monitoires du conflit franco-allemand et des trois guerres \u00e0 venir, entre 1870 et 1945.<\/p>\n<blockquote>\n<p class=\"citation-small\">\u00ab\u00a0[La colonisation ne se fait pas] dans des pots de fleurs sur les terrasses d\u2019Alger.\u00a0\u00bb<span id=\"2111\" class=\"cit-num\">2111<\/span><\/p>\n<p class=\"auteur\">Thomas Robert <span class=\"caps\">BUGEAUD<\/span> (1784-1849). <em>Lettres in\u00e9dites du Mar\u00e9chal Bugeaud, duc d\u2019Isly, 1808-1849<\/em> (posthume, 1922)<\/p>\n<\/blockquote>\n<p>Avec son franc-parler militaire, il d\u00e9plore le manque de moyens que lui donne la France. Les d\u00e9put\u00e9s sont bien loin de la r\u00e9alit\u00e9 des op\u00e9rations sur le terrain, en 1842. Le minist\u00e8re Soult-Guizot a des probl\u00e8mes plus hexagonaux \u2013 politiques, \u00e9conomiques et sociaux \u2013 et d\u2019autres colonies sont \u00e0 l\u2019ordre du jour\u00a0: occupation de l\u2019archipel des Marquises, protectorat \u00e0 Tahiti, fondations de comptoirs fortifi\u00e9s en C\u00f4te d\u2019Ivoire (\u2026)<\/p>\n<\/div>\n<style>\r\n        a .cit-num {\r\n            text-decoration: none !important;\r\n            color: inherit !important;\r\n        }\r\n    <\/style>","protected":false},"excerpt":{"rendered":"<p>\u00a0Monarchie de JuilletSocialisme fran\u00e7ais, enjeu colonial, patriotisme po\u00e9tique, trois lignes de force historiquement dat\u00e9es.Le socialisme fran\u00e7ais est r\u00e9ellement incarn\u00e9 et engag\u00e9 (Louis Blanc, Proudhon), la colonisation de l\u2019Alg\u00e9rie est men\u00e9e manu militari par le (futur) mar\u00e9chal Bugeaud, cependant que Lamartine, po\u00e9te et patriote, d\u00e9put\u00e9 hors parti, fid\u00e8le \u00e0 ses id\u00e9es et \u00e0 son id\u00e9al, va [&#8230;]<\/p>\n","protected":false},"author":1,"featured_media":0,"comment_status":"open","ping_status":"open","sticky":false,"template":"","format":"standard","meta":{"site-sidebar-layout":"default","site-content-layout":"","ast-site-content-layout":"default","site-content-style":"default","site-sidebar-style":"default","ast-global-header-display":"","ast-banner-title-visibility":"","ast-main-header-display":"","ast-hfb-above-header-display":"","ast-hfb-below-header-display":"","ast-hfb-mobile-header-display":"","site-post-title":"","ast-breadcrumbs-content":"","ast-featured-img":"","footer-sml-layout":"","theme-transparent-header-meta":"","adv-header-id-meta":"","stick-header-meta":"","header-above-stick-meta":"","header-main-stick-meta":"","header-below-stick-meta":"","astra-migrate-meta-layouts":"default","ast-page-background-enabled":"default","ast-page-background-meta":{"desktop":{"background-color":"var(--ast-global-color-5)","background-image":"","background-repeat":"repeat","background-position":"center center","background-size":"auto","background-attachment":"scroll","background-type":"","background-media":"","overlay-type":"","overlay-color":"","overlay-opacity":"","overlay-gradient":""},"tablet":{"background-color":"","background-image":"","background-repeat":"repeat","background-position":"center center","background-size":"auto","background-attachment":"scroll","background-type":"","background-media":"","overlay-type":"","overlay-color":"","overlay-opacity":"","overlay-gradient":""},"mobile":{"background-color":"","background-image":"","background-repeat":"repeat","background-position":"center center","background-size":"auto","background-attachment":"scroll","background-type":"","background-media":"","overlay-type":"","overlay-color":"","overlay-opacity":"","overlay-gradient":""}},"ast-content-background-meta":{"desktop":{"background-color":"var(--ast-global-color-4)","background-image":"","background-repeat":"repeat","background-position":"center center","background-size":"auto","background-attachment":"scroll","background-type":"","background-media":"","overlay-type":"","overlay-color":"","overlay-opacity":"","overlay-gradient":""},"tablet":{"background-color":"var(--ast-global-color-4)","background-image":"","background-repeat":"repeat","background-position":"center center","background-size":"auto","background-attachment":"scroll","background-type":"","background-media":"","overlay-type":"","overlay-color":"","overlay-opacity":"","overlay-gradient":""},"mobile":{"background-color":"var(--ast-global-color-4)","background-image":"","background-repeat":"repeat","background-position":"center center","background-size":"auto","background-attachment":"scroll","background-type":"","background-media":"","overlay-type":"","overlay-color":"","overlay-opacity":"","overlay-gradient":""}},"iawp_total_views":22,"footnotes":""},"categories":[1951],"tags":[],"class_list":["post-7588","post","type-post","status-publish","format-standard","hentry","category-chronique-citation-du-jour-louis-blanc-monarchie-de-juillet"],"_links":{"self":[{"href":"https:\/\/histoire-en-citations.fr\/WP\/wp-json\/wp\/v2\/posts\/7588","targetHints":{"allow":["GET"]}}],"collection":[{"href":"https:\/\/histoire-en-citations.fr\/WP\/wp-json\/wp\/v2\/posts"}],"about":[{"href":"https:\/\/histoire-en-citations.fr\/WP\/wp-json\/wp\/v2\/types\/post"}],"author":[{"embeddable":true,"href":"https:\/\/histoire-en-citations.fr\/WP\/wp-json\/wp\/v2\/users\/1"}],"replies":[{"embeddable":true,"href":"https:\/\/histoire-en-citations.fr\/WP\/wp-json\/wp\/v2\/comments?post=7588"}],"version-history":[{"count":1,"href":"https:\/\/histoire-en-citations.fr\/WP\/wp-json\/wp\/v2\/posts\/7588\/revisions"}],"predecessor-version":[{"id":7589,"href":"https:\/\/histoire-en-citations.fr\/WP\/wp-json\/wp\/v2\/posts\/7588\/revisions\/7589"}],"wp:attachment":[{"href":"https:\/\/histoire-en-citations.fr\/WP\/wp-json\/wp\/v2\/media?parent=7588"}],"wp:term":[{"taxonomy":"category","embeddable":true,"href":"https:\/\/histoire-en-citations.fr\/WP\/wp-json\/wp\/v2\/categories?post=7588"},{"taxonomy":"post_tag","embeddable":true,"href":"https:\/\/histoire-en-citations.fr\/WP\/wp-json\/wp\/v2\/tags?post=7588"}],"curies":[{"name":"wp","href":"https:\/\/api.w.org\/{rel}","templated":true}]}}