{"id":7640,"date":"2019-09-03T11:05:09","date_gmt":"2019-09-03T09:05:09","guid":{"rendered":"https:\/\/histoire-en-citations.fr\/WP\/2025\/06\/26\/proudhon-si-la-democratie-ouvriere-reste-indifferente-sur-les-principes-de-leconomie-politique-qui-sont-ceux-de-la-revolution-elle-ment-a-ses-devoirs\/"},"modified":"2025-08-12T08:43:41","modified_gmt":"2025-08-12T06:43:41","slug":"proudhon-si-la-democratie-ouvriere-reste-indifferente-sur-les-principes-de-leconomie-politique-qui-sont-ceux-de-la-revolution-elle-ment-a-ses-devoirs","status":"publish","type":"post","link":"https:\/\/histoire-en-citations.fr\/WP\/proudhon-si-la-democratie-ouvriere-reste-indifferente-sur-les-principes-de-leconomie-politique-qui-sont-ceux-de-la-revolution-elle-ment-a-ses-devoirs\/","title":{"rendered":"Proudhon : \u00ab Si la d\u00e9mocratie ouvri\u00e8re reste indiff\u00e9rente (&#8230;) sur les principes de l&rsquo;\u00e9conomie politique qui sont ceux de la r\u00e9volution (&#8230;) elle ment \u00e0 ses devoirs\u00a0\u00bb"},"content":{"rendered":"<div class=\"field-item even\">\n<p>\u00a0<\/p>\n<h4>Second Empire<br>Prologue (suite et fin)<\/h4>\n<p><strong>Les t\u00e9moins interrogent l\u2019Empire \u2013 socialistes, historiens, \u00e9crivains. Cette bataille des id\u00e9es (de gauche) annonce la R\u00e9publique \u00e0 venir.<\/strong><\/p>\n<p><em>Les commentaires sont all\u00e9g\u00e9s, les coupes signal\u00e9es (\u2026) <a href=\"https:\/\/histoire-en-citations.fr\/WP\/boutique\/\" target=\"_blank\" rel=\"noopener\">Retrouvez l\u2019int\u00e9gralit\u00e9 dans nos Chroniques de l\u2019Histoire en citations<\/a>.<\/em><\/p>\n<blockquote>\n<p class=\"citation citation-small\"><span class=\"enonce\">\u00ab\u00a0Si la d\u00e9mocratie ouvri\u00e8re, satisfaite de faire l\u2019agitation dans ses ateliers, de harceler le bourgeois et de se signaler dans des \u00e9lections inutiles, reste indiff\u00e9rente sur les principes de l\u2019\u00e9conomie politique qui sont ceux de la r\u00e9volution, il faut qu\u2019elle le sache, elle ment \u00e0 ses devoirs et elle sera fl\u00e9trie un jour devant la post\u00e9rit\u00e9.\u00a0\u00bb<span id=\"2239\" class=\"cit-num\">2239<\/span><\/span><\/p>\n<p class=\"auteur\"><span data-href=\"\/auteurs\/pierre-joseph-proudhon\"><span class=\"author\"><span class=\"surname\">Pierre Joseph <\/span><span class=\"name\"><span class=\"caps\">PROUDHON<\/span><\/span><\/span><\/span> (1809-1865), <cite>De la capacit\u00e9 politique des classes ouvri\u00e8res<\/cite> (posthume)<\/p>\n<\/blockquote>\n<p class=\"ressi\">Il parle en socialiste d\u00e9pass\u00e9 par les \u00e9v\u00e9nements\u00a0: le mouvement ouvrier est \u00e0 pr\u00e9sent plus sensible au marxisme qui pr\u00eache collectivisme et lutte de classes. La r\u00e9volution politique devient une \u00e9tape de la r\u00e9volution sociale, et l\u2019Empire qui soutient le capitalisme est l\u2019ennemi \u00e0 abattre. Ce sera une des raisons de la chute brutale d\u2019un r\u00e9gime qui se croyait si fort.<\/p>\n<blockquote>\n<p class=\"citation-small\">\u00ab\u00a0La r\u00e9volution f\u00e9minine doit maintenant compl\u00e9ter la r\u00e9volution prol\u00e9taire, comme celle-ci consolida la r\u00e9volution bourgeoise \u00e9man\u00e9e d\u2019abord de la r\u00e9volution philosophique.\u00a0\u00bb<span id=\"2240\" class=\"cit-num\">2240<\/span><\/p>\n<p class=\"auteur\">Auguste <span class=\"caps\">COMTE<\/span> (1798-1857), <em>Cat\u00e9chisme positiviste<\/em> (1852)<\/p>\n<\/blockquote>\n<p class=\"ressi\">Cr\u00e9ateur du positivisme qui pr\u00e9tend faire de la politique une \u00ab\u00a0science positive et physique\u00a0\u00bb (\u2026) La \u00ab\u00a0r\u00e9volution f\u00e9minine\u00a0\u00bb se bornera sous l\u2019Empire \u00e0 une mesure qu\u2019il faut mettre au cr\u00e9dit de l\u2019empereur (et de son ministre Victor Duruy)\u00a0: cr\u00e9ation d\u2019un enseignement secondaire pour les jeunes filles, r\u00e9forme tr\u00e8s mal vue par l\u2019\u00c9glise qui perd son monopole en ce domaine.<\/p>\n<blockquote>\n<p class=\"citation-small\">\u00ab\u00a0Qu\u2019est-ce que Paris\u00a0? Qu\u2019est-ce que la France\u00a0? Imaginez un champ. Au lieu de l\u2019ensemencer dans toute son \u00e9tendue, on s\u2019est avis\u00e9 d\u2019entasser la semence en un point o\u00f9 elle risque de ne pas germer pr\u00e9cis\u00e9ment parce qu\u2019elle y est entass\u00e9e. Ce champ, c\u2019est la France, ce point, c\u2019est Paris.\u00a0\u00bb<span id=\"2241\" class=\"cit-num\">2241<\/span><\/p>\n<p class=\"auteur\">Louis <span class=\"caps\">BLANC<\/span> (1811-1882), <em>Histoire de la r\u00e9volution de 1848<\/em>, volume\u00a0<span class=\"caps\">II<\/span> (1871)<\/p>\n<\/blockquote>\n<p class=\"ressi\">Paris grandit, Paris s\u2019embellit sous le Second Empire\u00a0: Haussmann, pr\u00e9fet pendant dix-sept ans, d\u00e9bordant d\u2019\u00e9nergie et d\u2019activit\u00e9, taille et retaille la capitale \u00e0 coups de pioches et de millions. Mais les t\u00e9moins de l\u2019\u00e9poque n\u2019admirent pas tous ces travaux, et s\u2019inqui\u00e8tent \u2013 d\u00e9j\u00e0 \u2013 de l\u2019excessive centralisation qui est un mal bien fran\u00e7ais (\u2026)<\/p>\n<blockquote>\n<p class=\"citation-small\">\u00ab\u00a0[La France] la plus brillante et la plus dangereuse des nations de l\u2019Europe, et la mieux faite pour y devenir tour \u00e0 tour un objet d\u2019admiration, de haine, de piti\u00e9, de terreur, mais jamais d\u2019indiff\u00e9rence.\u00a0\u00bb<span id=\"2242\" class=\"cit-num\">2242<\/span><\/p>\n<p class=\"auteur\">Alexis de <span class=\"caps\">TOCQUEVILLE<\/span> (1805-1859), <em>L\u2019Ancien R\u00e9gime et la R\u00e9volution<\/em> (1856)<\/p>\n<\/blockquote>\n<p class=\"ressi\">(\u2026) La politique ext\u00e9rieure de Napol\u00e9on a deux buts\u00a0: d\u2019abord rassurer et se faire accepter des cours europ\u00e9ennes pour qui le Premier Empire reste un mauvais souvenir\u00a0; ensuite jouer un r\u00f4le de grande puissance mondiale pour des raisons de commerce aussi bien que de prestige. Mais face \u00e0 l\u2019Allemagne, ni la diplomatie ni l\u2019arm\u00e9e fran\u00e7aise ne pourront rien.<\/p>\n<blockquote>\n<p class=\"citation-small\">\u00ab\u00a0Aujourd\u2019hui, le r\u00e8gne des castes est fini, on ne peut gouverner qu\u2019avec les masses.\u00a0\u00bb<span id=\"2243\" class=\"cit-num\">2243<\/span><\/p>\n<p class=\"auteur\">Louis-Napol\u00e9on <span class=\"caps\">BONAPARTE<\/span> (1808-1873), <em>L\u2019Extinction du paup\u00e9risme<\/em> (1844)<\/p>\n<\/blockquote>\n<p class=\"ressi\">\u00c9vidence bien vue par le futur empereur qui saura s\u00e9duire les foules, les manipuler \u00e0 l\u2019occasion \u2013 \u00e9lections, pl\u00e9biscites. Mais il est aussi l\u2019homme du mieux-\u00eatre \u00e9conomique, gr\u00e2ce au progr\u00e8s industriel et commercial. Les mesures sociales (\u2026) seront suivies de peu d\u2019effets et le r\u00e9gime ne prendra que tardivement un tournant vraiment lib\u00e9ral.<\/p>\n<blockquote>\n<p class=\"citation-small\">\u00ab\u00a0La grande moralit\u00e9 de ce r\u00e8gne-ci sera de prouver que le suffrage universel est aussi b\u00eate que le droit divin, quoique un peu moins odieux.\u00a0\u00bb<span id=\"2244\" class=\"cit-num\">2244<\/span><\/p>\n<p class=\"auteur\">Gustave <span class=\"caps\">FLAUBERT<\/span> (1821-1880), Lettre \u00e0 George Sand, 1869.<em> La Nouvelle Revue<\/em>, volume\u00a0<span class=\"caps\">XXVI<\/span> (1884)<\/p>\n<\/blockquote>\n<p class=\"ressi\">Progr\u00e8s majeur pour la d\u00e9mocratie, l\u2019instauration du suffrage universel appara\u00eet pr\u00e9matur\u00e9e \u00e0 beaucoup de contemporains et d\u2019historiens\u00a0: l\u2019opinion publique est ais\u00e9ment manipul\u00e9e, souvent sollicit\u00e9e par l\u2019empereur et ses pr\u00e9fets. L\u2019Empire est n\u00e9 de ce suffrage populaire et a v\u00e9cu sur cette assise tr\u00e8s large, avant de s\u2019effondrer.<\/p>\n<\/div>\n<style>\r\n        a .cit-num {\r\n            text-decoration: none !important;\r\n            color: inherit !important;\r\n        }\r\n    <\/style>","protected":false},"excerpt":{"rendered":"<p>\u00a0Second EmpirePrologue (suite et fin)Les t\u00e9moins interrogent l\u2019Empire &#8211; socialistes, historiens, \u00e9crivains. Cette bataille des id\u00e9es (de gauche) annonce la R\u00e9publique \u00e0 venir.Les commentaires sont all\u00e9g\u00e9s, les coupes signal\u00e9es (\u2026) Retrouvez l\u2019int\u00e9gralit\u00e9 dans nos Chroniques de l\u2019Histoire en citations.\u00ab\u00a0Si la d\u00e9mocratie ouvri\u00e8re, satisfaite de faire l\u2019agitation dans ses ateliers, de harceler le bourgeois et de [&#8230;]<\/p>\n","protected":false},"author":1,"featured_media":0,"comment_status":"open","ping_status":"open","sticky":false,"template":"","format":"standard","meta":{"site-sidebar-layout":"default","site-content-layout":"","ast-site-content-layout":"default","site-content-style":"default","site-sidebar-style":"default","ast-global-header-display":"","ast-banner-title-visibility":"","ast-main-header-display":"","ast-hfb-above-header-display":"","ast-hfb-below-header-display":"","ast-hfb-mobile-header-display":"","site-post-title":"","ast-breadcrumbs-content":"","ast-featured-img":"","footer-sml-layout":"","theme-transparent-header-meta":"","adv-header-id-meta":"","stick-header-meta":"","header-above-stick-meta":"","header-main-stick-meta":"","header-below-stick-meta":"","astra-migrate-meta-layouts":"default","ast-page-background-enabled":"default","ast-page-background-meta":{"desktop":{"background-color":"var(--ast-global-color-5)","background-image":"","background-repeat":"repeat","background-position":"center center","background-size":"auto","background-attachment":"scroll","background-type":"","background-media":"","overlay-type":"","overlay-color":"","overlay-opacity":"","overlay-gradient":""},"tablet":{"background-color":"","background-image":"","background-repeat":"repeat","background-position":"center center","background-size":"auto","background-attachment":"scroll","background-type":"","background-media":"","overlay-type":"","overlay-color":"","overlay-opacity":"","overlay-gradient":""},"mobile":{"background-color":"","background-image":"","background-repeat":"repeat","background-position":"center center","background-size":"auto","background-attachment":"scroll","background-type":"","background-media":"","overlay-type":"","overlay-color":"","overlay-opacity":"","overlay-gradient":""}},"ast-content-background-meta":{"desktop":{"background-color":"var(--ast-global-color-4)","background-image":"","background-repeat":"repeat","background-position":"center center","background-size":"auto","background-attachment":"scroll","background-type":"","background-media":"","overlay-type":"","overlay-color":"","overlay-opacity":"","overlay-gradient":""},"tablet":{"background-color":"var(--ast-global-color-4)","background-image":"","background-repeat":"repeat","background-position":"center center","background-size":"auto","background-attachment":"scroll","background-type":"","background-media":"","overlay-type":"","overlay-color":"","overlay-opacity":"","overlay-gradient":""},"mobile":{"background-color":"var(--ast-global-color-4)","background-image":"","background-repeat":"repeat","background-position":"center center","background-size":"auto","background-attachment":"scroll","background-type":"","background-media":"","overlay-type":"","overlay-color":"","overlay-opacity":"","overlay-gradient":""}},"iawp_total_views":3,"footnotes":""},"categories":[7],"tags":[],"class_list":["post-7640","post","type-post","status-publish","format-standard","hentry","category-chronique-du-jour"],"_links":{"self":[{"href":"https:\/\/histoire-en-citations.fr\/WP\/wp-json\/wp\/v2\/posts\/7640","targetHints":{"allow":["GET"]}}],"collection":[{"href":"https:\/\/histoire-en-citations.fr\/WP\/wp-json\/wp\/v2\/posts"}],"about":[{"href":"https:\/\/histoire-en-citations.fr\/WP\/wp-json\/wp\/v2\/types\/post"}],"author":[{"embeddable":true,"href":"https:\/\/histoire-en-citations.fr\/WP\/wp-json\/wp\/v2\/users\/1"}],"replies":[{"embeddable":true,"href":"https:\/\/histoire-en-citations.fr\/WP\/wp-json\/wp\/v2\/comments?post=7640"}],"version-history":[{"count":3,"href":"https:\/\/histoire-en-citations.fr\/WP\/wp-json\/wp\/v2\/posts\/7640\/revisions"}],"predecessor-version":[{"id":12884,"href":"https:\/\/histoire-en-citations.fr\/WP\/wp-json\/wp\/v2\/posts\/7640\/revisions\/12884"}],"wp:attachment":[{"href":"https:\/\/histoire-en-citations.fr\/WP\/wp-json\/wp\/v2\/media?parent=7640"}],"wp:term":[{"taxonomy":"category","embeddable":true,"href":"https:\/\/histoire-en-citations.fr\/WP\/wp-json\/wp\/v2\/categories?post=7640"},{"taxonomy":"post_tag","embeddable":true,"href":"https:\/\/histoire-en-citations.fr\/WP\/wp-json\/wp\/v2\/tags?post=7640"}],"curies":[{"name":"wp","href":"https:\/\/api.w.org\/{rel}","templated":true}]}}