{"id":7660,"date":"2019-08-27T00:00:00","date_gmt":"2019-08-26T22:00:00","guid":{"rendered":"https:\/\/histoire-en-citations.fr\/WP\/2025\/06\/26\/karr-plus-ca-change-plus-cest-la-meme-chose\/"},"modified":"2025-08-12T08:43:41","modified_gmt":"2025-08-12T06:43:41","slug":"karr-plus-ca-change-plus-cest-la-meme-chose","status":"publish","type":"post","link":"https:\/\/histoire-en-citations.fr\/WP\/karr-plus-ca-change-plus-cest-la-meme-chose\/","title":{"rendered":"Karr : \u00ab\u00a0Plus \u00e7a change, plus c\u2019est la m\u00eame chose.\u00a0\u00bb"},"content":{"rendered":"<div class=\"field-item even\">\n<p>\u00a0<\/p>\n<h4>Deuxi\u00e8me R\u00e9publique<\/h4>\n<p><strong>Une R\u00e9publique qui se cherche toujours, dans un climat de crise \u00e9conomique, d\u2019affrontements id\u00e9ologiques et de peur sociale.<\/strong><\/p>\n<div class=\"encart\">\n<p>La nouvelle Assembl\u00e9e l\u00e9gislative (\u00e9lue au suffrage universel le 13 mai 1849) a une majorit\u00e9 de conservateurs (parti de l\u2019Ordre). Mais cela ne les rassure pas\u00a0: les d\u00e9mocrates l\u2019emportent \u00e0 Paris et dans certaines villes industrielles. La nouvelle insurrection de juin sera l\u2019occasion de liquider l\u2019opposition d\u00e9mocratique. Quant au r\u00f4le politique des femmes, il n\u2019est pas \u00e0 l\u2019ordre du jour\u00a0!<\/p>\n<\/div>\n<p><em>Les commentaires sont all\u00e9g\u00e9s, les coupes signal\u00e9es (\u2026) <a href=\"https:\/\/histoire-en-citations.fr\/WP\/boutique\/\" target=\"_blank\">Retrouvez l\u2019int\u00e9gralit\u00e9 dans nos Chroniques de l\u2019Histoire en citations<\/a>.<\/em><\/p>\n<blockquote>\n<p class=\"citation-small\">\u00ab\u00a0Plus \u00e7a change, plus c\u2019est la m\u00eame chose.\u00a0\u00bb<span id=\"2193\" class=\"cit-num\">2193<\/span><\/p>\n<p class=\"auteur\">Alphonse <span class=\"caps\">KARR<\/span> (1808-1890), titre de deux recueils d\u2019articles, <em>Les Gu\u00eapes<\/em>, janvier\u00a01849<\/p>\n<\/blockquote>\n<p>Le journaliste multiplie les pamphlets dans sa revue de satire politique, sans savoir \u00e0 quel point l\u2019avenir va lui donner raison. \u00ab\u00a0L\u2019histoire, comme une idiote, m\u00e9caniquement se r\u00e9p\u00e8te\u00a0\u00bb, \u00e9crira Paul Morand (<em>Ferm\u00e9 la nuit<\/em>). En vertu de quoi la R\u00e9publique, bient\u00f4t vol\u00e9e aux r\u00e9publicains, d\u00e9bouchera donc sur l\u2019Empire.<\/p>\n<blockquote>\n<p class=\"citation-small\">\u00ab\u00a0N\u00e9e de l\u2019\u00e9meute, comme la Monarchie de Juillet, la deuxi\u00e8me R\u00e9publique se mettait tout de suite de l\u2019autre c\u00f4t\u00e9 de la barricade.\u00a0\u00bb<span id=\"2194\" class=\"cit-num\">2194<\/span><\/p>\n<p class=\"auteur\">Jacques <span class=\"caps\">BAINVILLE<\/span> (1879-1936), <em>Histoire de France<\/em><\/p>\n<\/blockquote>\n<p>La tendance s\u2019affirme avec la nouvelle assembl\u00e9e.\u00a0La L\u00e9gislative, \u00e9lue au suffrage universel le 13\u00a0mai 1849, montre l\u2019opinion partag\u00e9e entre deux grands courants. Le parti de l\u2019Ordre, conservateur, a 53\u00a0% des voix et quelque 500 \u00e9lus (l\u00e9gitimistes, orl\u00e9anistes, r\u00e9publicains mod\u00e9r\u00e9s et bonapartistes). Les d\u00e9mocrates-socialistes, \u00e0 leur t\u00eate Ledru-Rollin, ont 35\u00a0% des voix et quelque 180 \u00e9lus. Un troisi\u00e8me groupe, dit des r\u00e9publicains de la veille, obtient 70 d\u00e9put\u00e9s, 12\u00a0% des voix (\u2026)<\/p>\n<blockquote>\n<p class=\"citation-small\">\u00ab\u00a0Une Assembl\u00e9e l\u00e9gislative, enti\u00e8rement compos\u00e9e d\u2019hommes, est aussi incomp\u00e9tente pour faire les lois qui r\u00e9gissent une soci\u00e9t\u00e9 compos\u00e9e d\u2019hommes et de femmes, que le serait une assembl\u00e9e compos\u00e9e de privil\u00e9gi\u00e9s pour discuter les int\u00e9r\u00eats des travailleurs, ou une assembl\u00e9e de capitalistes pour soutenir l\u2019honneur du pays.\u00a0\u00bb<span id=\"2195\" class=\"cit-num\">2195<\/span><\/p>\n<p class=\"auteur\">Jeanne <span class=\"caps\">DEROIN<\/span> (1805-1894). <em>Histoire du f\u00e9minisme fran\u00e7ais<\/em>, volume\u00a0<span class=\"caps\">II<\/span> (1977), Ma\u012bt\u00e9 Albistur, Daniel Armogathe<\/p>\n<\/blockquote>\n<p>Journaliste, elle a fait placarder cette proclamation sur les murs de Paris lors de la campagne pour les \u00e9lections \u00e0 la L\u00e9gislative \u2013 la Constituante du 23\u00a0avril 1848 ayant purement et simplement interdit aux femmes d\u2019assister aux r\u00e9unions politiques.<\/p>\n<blockquote>\n<p class=\"citation-small\">\u00ab\u00a0C\u2019est l\u2019absence des femmes qui permet aux hommes d\u2019aborder journellement les questions s\u00e9rieuses.\u00a0\u00bb<span id=\"2196\" class=\"cit-num\">2196<\/span><\/p>\n<p class=\"auteur\">Louis-Napol\u00e9on <span class=\"caps\">BONAPARTE<\/span> (1808-1873), <em>Am\u00e9liorations \u00e0 introduire dans nos m\u0153urs et nos habitudes parlementaires<\/em> (1856)<\/p>\n<\/blockquote>\n<p>Parler ici de misogynie serait p\u00e9cher par anachronisme. M\u00eame une f\u00e9ministe comme George Sand repousse l\u2019id\u00e9e de la femme entrant en politique. Il faut attendre encore un\u00a0si\u00e8cle pour que soit reconnu en France le principe de l\u2019\u00e9galit\u00e9 des droits entre hommes et femmes dans tous les domaines \u2013 y compris le vote et l\u2019\u00e9ligibilit\u00e9.<\/p>\n<blockquote>\n<p class=\"citation-small\">\u00ab\u00a0Nous ne comprenons pas plus une femme l\u00e9gislatrice qu\u2019un homme nourrice.\u00a0\u00bb<span id=\"2197\" class=\"cit-num\">2197<\/span><\/p>\n<p class=\"auteur\">Pierre-Joseph <span class=\"caps\">PROUDHON<\/span> (1809-1865), <em>Le Peuple<\/em>, mai 1849.<em> Dictionnaire de la b\u00eatise et des erreurs de jugement<\/em> (1998), Guy Bechtel et Jean-Claude Carri\u00e8re<\/p>\n<\/blockquote>\n<p>Il \u00e9crit aussi, en janvier 1849, dans<em> L\u2019Opinion des femmes<\/em>\u00a0: \u00ab\u00a0La femme ne peut \u00eatre que m\u00e9nag\u00e8re ou courtisane.\u00a0\u00bb Bien que socialiste, Proudhon s\u2019inscrit dans la logique de son temps et de cette Deuxi\u00e8me R\u00e9publique\u00a0: \u00ab\u00a0Nous ne savons si, en fait d\u2019aberrations \u00e9tranges, le si\u00e8cle o\u00f9 nous sommes est appel\u00e9 \u00e0 voir se r\u00e9aliser \u00e0 quelque degr\u00e9 celle-ci\u00a0: l\u2019\u00e9mancipation des femmes. Nous croyons que non.\u00a0\u00bb (<em>La Libert\u00e9<\/em>, 15 avril 1848).<\/p>\n<blockquote>\n<p class=\"citation-small\">\u00ab\u00a0Je suis leur chef, il fallait bien les suivre.\u00a0\u00bb<span id=\"2198\" class=\"cit-num\">2198<\/span><\/p>\n<p class=\"auteur\"><span class=\"caps\">LEDRU<\/span>\u2013<span class=\"caps\">ROLLIN<\/span> (1807-1874), au lendemain de l\u2019insurrection du 13\u00a0juin 1849. <em>Ledru-Rollin<\/em> (1859), Eug\u00e8ne de Mirecourt<\/p>\n<\/blockquote>\n<p>Cette biographie \u00e0 charge tend \u00e0 ridiculiser ou minimiser le personnage, mais la r\u00e9plique, souvent cit\u00e9e, tr\u00e8s pris\u00e9e des dictionnaires \u00e9trangers, est quand m\u00eame celle d\u2019un antih\u00e9ros, conscient des limites de son r\u00f4le dans l\u2019histoire. Chef des d\u00e9mocrates d\u00e9bord\u00e9 par ses troupes lors d\u2019une manifestation (13 juin 1849), d\u00e9chu de son mandat de d\u00e9put\u00e9, fuyant en Angleterre, condamn\u00e9 par contumace, il ne rentre en France que sous la Troisi\u00e8me R\u00e9publique (\u2026)<\/p>\n<blockquote>\n<p class=\"citation-small\">\u00ab\u00a0Il est temps que les bons se rassurent et que les m\u00e9chants tremblent.\u00a0\u00bb<span id=\"2199\" class=\"cit-num\">2199<\/span><\/p>\n<p class=\"auteur\">Louis-Napol\u00e9on <span class=\"caps\">BONAPARTE<\/span> (1808-1873), pr\u00e9sident de la R\u00e9publique, justifiant la condamnation de Ledru-Rollin et vingt autres montagnards, juin\u00a01849. Formule reprise en 1858, apr\u00e8s l\u2019attentat d\u2019Orsini, par le g\u00e9n\u00e9ral Espinasse (1815-1859), ministre de l\u2019Int\u00e9rieur et de la S\u00fbret\u00e9 g\u00e9n\u00e9rale.<\/p>\n<\/blockquote>\n<p>Suite \u00e0 la manifestation du 13\u00a0juin qui a d\u00e9g\u00e9n\u00e9r\u00e9 en \u00e9meute, le pr\u00e9sident pr\u00e9cise\u00a0: \u00ab\u00a0Ce syst\u00e8me d\u2019agitation entretient dans le pays le malaise et la d\u00e9fiance qui engendrent la mis\u00e8re\u00a0; il faut qu\u2019il cesse.\u00a0\u00bb Ce langage ne peut que plaire \u00e0 un peuple \u00e9prouv\u00e9 par les \u00e9v\u00e9nements et cette derni\u00e8re insurrection n\u2019a pas trouv\u00e9 un r\u00e9el appui populaire. Le gouvernement, avec la majorit\u00e9 \u00e0 la Chambre, en profite pour liquider l\u2019opposition d\u00e9mocratique\u00a0(\u2026)<\/p>\n<blockquote>\n<p class=\"citation-small\">\u00ab\u00a0On craint une folie imp\u00e9riale. Le peuple la verrait tranquillement.\u00a0\u00bb<span id=\"2200\" class=\"cit-num\">2200<\/span><\/p>\n<p class=\"auteur\">\u00c9lise <span class=\"caps\">THIERS<\/span> (1818-1880), n\u00e9e Dosne. <em>Napol\u00e9on <span class=\"caps\">III<\/span><\/em> (1969), Georges Roux<\/p>\n<\/blockquote>\n<p>Elle t\u00e9moigne, ayant vu Louis-Napol\u00e9on Bonaparte passer en revue les troupes, le 4\u00a0novembre 1849. Le pr\u00e9sident est particuli\u00e8rement populaire dans l\u2019arm\u00e9e\u00a0: il multiplie les grandes revues, augmente la solde des sous-officiers. Celui qu\u2019on appelle d\u00e9j\u00e0 le \u00ab\u00a0prince Louis-Napol\u00e9on\u00a0\u00bb m\u00e8ne une politique personnelle, se fait acclamer en province, cr\u00e9e son propre parti, ses journaux. Les craintes de Mme\u00a0Thiers sont justifi\u00e9es et la carri\u00e8re de son mari marquera un temps d\u2019arr\u00eat, sous le Second Empire.<\/p>\n<\/div>\n<style>\r\n        a .cit-num {\r\n            text-decoration: none !important;\r\n            color: inherit !important;\r\n        }\r\n    <\/style>","protected":false},"excerpt":{"rendered":"<p>\u00a0 Deuxi\u00e8me R\u00e9publique Une R\u00e9publique qui se cherche toujours, dans un climat de crise \u00e9conomique, d\u2019affrontements id\u00e9ologiques et de peur sociale. La nouvelle Assembl\u00e9e l\u00e9gislative (\u00e9lue au suffrage universel le 13 mai 1849) a une majorit\u00e9 de conservateurs (parti de l\u2019Ordre). Mais cela ne les rassure pas\u00a0: les d\u00e9mocrates l\u2019emportent \u00e0 Paris et dans certaines [&#8230;]<\/p>\n","protected":false},"author":1,"featured_media":0,"comment_status":"open","ping_status":"open","sticky":false,"template":"","format":"standard","meta":{"site-sidebar-layout":"default","site-content-layout":"","ast-site-content-layout":"default","site-content-style":"default","site-sidebar-style":"default","ast-global-header-display":"","ast-banner-title-visibility":"","ast-main-header-display":"","ast-hfb-above-header-display":"","ast-hfb-below-header-display":"","ast-hfb-mobile-header-display":"","site-post-title":"","ast-breadcrumbs-content":"","ast-featured-img":"","footer-sml-layout":"","theme-transparent-header-meta":"","adv-header-id-meta":"","stick-header-meta":"","header-above-stick-meta":"","header-main-stick-meta":"","header-below-stick-meta":"","astra-migrate-meta-layouts":"default","ast-page-background-enabled":"default","ast-page-background-meta":{"desktop":{"background-color":"var(--ast-global-color-5)","background-image":"","background-repeat":"repeat","background-position":"center center","background-size":"auto","background-attachment":"scroll","background-type":"","background-media":"","overlay-type":"","overlay-color":"","overlay-opacity":"","overlay-gradient":""},"tablet":{"background-color":"","background-image":"","background-repeat":"repeat","background-position":"center center","background-size":"auto","background-attachment":"scroll","background-type":"","background-media":"","overlay-type":"","overlay-color":"","overlay-opacity":"","overlay-gradient":""},"mobile":{"background-color":"","background-image":"","background-repeat":"repeat","background-position":"center center","background-size":"auto","background-attachment":"scroll","background-type":"","background-media":"","overlay-type":"","overlay-color":"","overlay-opacity":"","overlay-gradient":""}},"ast-content-background-meta":{"desktop":{"background-color":"var(--ast-global-color-4)","background-image":"","background-repeat":"repeat","background-position":"center center","background-size":"auto","background-attachment":"scroll","background-type":"","background-media":"","overlay-type":"","overlay-color":"","overlay-opacity":"","overlay-gradient":""},"tablet":{"background-color":"var(--ast-global-color-4)","background-image":"","background-repeat":"repeat","background-position":"center center","background-size":"auto","background-attachment":"scroll","background-type":"","background-media":"","overlay-type":"","overlay-color":"","overlay-opacity":"","overlay-gradient":""},"mobile":{"background-color":"var(--ast-global-color-4)","background-image":"","background-repeat":"repeat","background-position":"center center","background-size":"auto","background-attachment":"scroll","background-type":"","background-media":"","overlay-type":"","overlay-color":"","overlay-opacity":"","overlay-gradient":""}},"iawp_total_views":35,"footnotes":""},"categories":[7],"tags":[],"class_list":["post-7660","post","type-post","status-publish","format-standard","hentry","category-chronique-du-jour"],"_links":{"self":[{"href":"https:\/\/histoire-en-citations.fr\/WP\/wp-json\/wp\/v2\/posts\/7660","targetHints":{"allow":["GET"]}}],"collection":[{"href":"https:\/\/histoire-en-citations.fr\/WP\/wp-json\/wp\/v2\/posts"}],"about":[{"href":"https:\/\/histoire-en-citations.fr\/WP\/wp-json\/wp\/v2\/types\/post"}],"author":[{"embeddable":true,"href":"https:\/\/histoire-en-citations.fr\/WP\/wp-json\/wp\/v2\/users\/1"}],"replies":[{"embeddable":true,"href":"https:\/\/histoire-en-citations.fr\/WP\/wp-json\/wp\/v2\/comments?post=7660"}],"version-history":[{"count":2,"href":"https:\/\/histoire-en-citations.fr\/WP\/wp-json\/wp\/v2\/posts\/7660\/revisions"}],"predecessor-version":[{"id":12887,"href":"https:\/\/histoire-en-citations.fr\/WP\/wp-json\/wp\/v2\/posts\/7660\/revisions\/12887"}],"wp:attachment":[{"href":"https:\/\/histoire-en-citations.fr\/WP\/wp-json\/wp\/v2\/media?parent=7660"}],"wp:term":[{"taxonomy":"category","embeddable":true,"href":"https:\/\/histoire-en-citations.fr\/WP\/wp-json\/wp\/v2\/categories?post=7660"},{"taxonomy":"post_tag","embeddable":true,"href":"https:\/\/histoire-en-citations.fr\/WP\/wp-json\/wp\/v2\/tags?post=7660"}],"curies":[{"name":"wp","href":"https:\/\/api.w.org\/{rel}","templated":true}]}}